{"id":711518,"date":"2024-04-15T17:52:18","date_gmt":"2024-04-15T13:52:18","guid":{"rendered":"https:\/\/arantv.az\/?p=711518"},"modified":"2024-04-15T17:52:18","modified_gmt":"2024-04-15T13:52:18","slug":"ekspert-hidrogen-enerjisin%c9%99-kecid-siyasi-t%c9%99s%c9%99bbusl%c9%99r-t%c9%99l%c9%99b-edir","status":"publish","type":"post","link":"https:\/\/arantv.az\/?p=711518","title":{"rendered":"Ekspert: \u201cHidrogen enerjisin\u0259 ke\u00e7id siyasi t\u0259\u015f\u0259bb\u00fcsl\u0259r t\u0259l\u0259b edir\u201d"},"content":{"rendered":"<p>\u201cHidrogen enerjisi texnologiyalar\u0131n\u0131n inki\u015faf\u0131 \u00fczr\u0259 t\u0259\u015f\u0259bb\u00fcsl\u0259r geni\u015fl\u0259n\u0259c\u0259k\u201d.<\/p>\n<p>Bunu \u201cReport\u201da a\u00e7\u0131qlamas\u0131nda Beyn\u0259lxalq Hidrogen Enerjisi Assosiasiyas\u0131n\u0131n ekoloji c\u0259h\u0259td\u0259n t\u0259miz hidrogen \u00fczr\u0259 m\u00fct\u0259x\u0259ssisl\u0259r qrupunun r\u0259hb\u0259ri M\u0259h\u0259mm\u0259d \u018fbu Laban deyib.<\/p>\n<p>Ekspert hesab edir ki, bu c\u00fcr enerjid\u0259n istifad\u0259 etm\u0259k \u00fc\u00e7\u00fcn infrastrukturun yarad\u0131lmas\u0131n\u0131n ilkin x\u0259rcl\u0259ri y\u00fcks\u0259k olsa da, uzunm\u00fcdd\u0259tli iqtisadi s\u0259m\u0259r\u0259 bel\u0259 ke\u00e7idi c\u0259lbedici edir: \u201cH\u00f6kum\u0259tl\u0259r v\u0259 enerji \u015firk\u0259tl\u0259ri hidrogend\u0259n istifad\u0259 ed\u0259r\u0259k enerji saxlama il\u0259 ba\u011fl\u0131 h\u0259ll yollar\u0131 tapmaqda daha \u00e7ox maraqlan\u0131rlar\u201d.<\/p>\n<p>Onun s\u00f6zl\u0259rin\u0259 g\u00f6r\u0259, bu c\u00fcr t\u0259dqiqatlara siyasi d\u0259st\u0259k ir\u0259lil\u0259yi\u015fi s\u00fcr\u0259tl\u0259ndir\u0259 v\u0259 hidrogen anbar\u0131n\u0131 real layih\u0259y\u0259 \u00e7evir\u0259 bil\u0259r.<\/p>\n<p>Siyasi liderl\u0259r, ekspertin fikrinc\u0259, hidrogen ke\u00e7idinin inki\u015faf\u0131n\u0131 t\u0259\u015fviq ed\u0259rk\u0259n sosial b\u0259rab\u0259rlik v\u0259 \u0259dal\u0259t m\u0259s\u0259l\u0259l\u0259rini d\u0259 n\u0259z\u0259rd\u0259n ke\u00e7irm\u0259li olacaqlar, \u00e7\u00fcnki bu, texniki v\u0259 iqtisadi \u00e7\u0259tinlikl\u0259ri olan \u201cm\u00fcr\u0259kk\u0259b konsepsiya\u201dd\u0131r.<\/p>\n<p>O qeyd edib ki, infrastrukturun t\u0259yinat\u0131n\u0131n d\u0259yi\u015fdirilm\u0259si v\u0259 m\u00f6vcud qaz k\u0259m\u0259rl\u0259rinin hidrogenin n\u0259qli \u00fc\u00e7\u00fcn uy\u011funla\u015fd\u0131r\u0131lmas\u0131 da texniki mane\u0259l\u0259rl\u0259 \u00fczl\u0259\u015f\u0259 bil\u0259r, ona g\u00f6r\u0259 d\u0259 bel\u0259 texnologiyalar\u0131n inki\u015faf\u0131 v\u0259 t\u0259tbiqi qlobal s\u0259viyy\u0259d\u0259 beyn\u0259lxalq \u0259m\u0259kda\u015fl\u0131q v\u0259 t\u0259\u015f\u0259bb\u00fcsl\u0259r t\u0259l\u0259b edir:<\/p>\n<p>\u201cHidrogen ke\u00e7idi \u0259dal\u0259tli yana\u015fma t\u0259l\u0259b edir, \u00e7\u00fcnki biz qal\u0131q yanacaq sektorunda potensial i\u015f itkil\u0259rini h\u0259ll etm\u0259liyik v\u0259 i\u015f\u00e7il\u0259ri hidrogen enerjisin\u0259 haz\u0131rlamaq \u00fc\u00e7\u00fcn proqramlar haz\u0131rlamal\u0131y\u0131q\u201d.<\/p>\n","protected":false},"excerpt":{"rendered":"<p>\u201cHidrogen enerjisi texnologiyalar\u0131n\u0131n inki\u015faf\u0131 \u00fczr\u0259 t\u0259\u015f\u0259bb\u00fcsl\u0259r geni\u015fl\u0259n\u0259c\u0259k\u201d. Bunu \u201cReport\u201da a\u00e7\u0131qlamas\u0131nda Beyn\u0259lxalq Hidrogen Enerjisi Assosiasiyas\u0131n\u0131n ekoloji c\u0259h\u0259td\u0259n t\u0259miz hidrogen \u00fczr\u0259 m\u00fct\u0259x\u0259ssisl\u0259r qrupunun r\u0259hb\u0259ri M\u0259h\u0259mm\u0259d \u018fbu Laban deyib. Ekspert hesab edir ki, bu c\u00fcr enerjid\u0259n istifad\u0259 etm\u0259k \u00fc\u00e7\u00fcn infrastrukturun yarad\u0131lmas\u0131n\u0131n ilkin x\u0259rcl\u0259ri y\u00fcks\u0259k olsa da, uzunm\u00fcdd\u0259tli iqtisadi s\u0259m\u0259r\u0259 bel\u0259 ke\u00e7idi c\u0259lbedici edir: \u201cH\u00f6kum\u0259tl\u0259r v\u0259 enerji \u015firk\u0259tl\u0259ri hidrogend\u0259n istifad\u0259 ed\u0259r\u0259k enerji saxlama il\u0259 ba\u011fl\u0131 h\u0259ll yollar\u0131 tapmaqda daha \u00e7ox maraqlan\u0131rlar\u201d. Onun s\u00f6zl\u0259rin\u0259 g\u00f6r\u0259, bu c\u00fcr t\u0259dqiqatlara siyasi d\u0259st\u0259k ir\u0259lil\u0259yi\u015fi s\u00fcr\u0259tl\u0259ndir\u0259 v\u0259 hidrogen anbar\u0131n\u0131 real layih\u0259y\u0259 \u00e7evir\u0259 bil\u0259r. Siyasi liderl\u0259r, ekspertin fikrinc\u0259, hidrogen ke\u00e7idinin&hellip;<\/p>\n","protected":false},"author":2,"featured_media":711519,"comment_status":"closed","ping_status":"closed","sticky":false,"template":"","format":"standard","meta":{"om_disable_all_campaigns":false,"_monsterinsights_skip_tracking":false,"_monsterinsights_sitenote_active":false,"_monsterinsights_sitenote_note":"","_monsterinsights_sitenote_category":0},"categories":[19],"tags":[],"aioseo_notices":[],"gutentor_comment":0,"rttpg_featured_image_url":{"full":["https:\/\/arantv.az\/wp-content\/uploads\/2024\/04\/01989b06-874b-31de-8395-eb21abc9b804_850.jpg",620,413,false],"landscape":["https:\/\/arantv.az\/wp-content\/uploads\/2024\/04\/01989b06-874b-31de-8395-eb21abc9b804_850.jpg",620,413,false],"portraits":["https:\/\/arantv.az\/wp-content\/uploads\/2024\/04\/01989b06-874b-31de-8395-eb21abc9b804_850.jpg",620,413,false],"thumbnail":["https:\/\/arantv.az\/wp-content\/uploads\/2024\/04\/01989b06-874b-31de-8395-eb21abc9b804_850-500x280.jpg",500,280,true],"medium":["https:\/\/arantv.az\/wp-content\/uploads\/2024\/04\/01989b06-874b-31de-8395-eb21abc9b804_850-548x365.jpg",548,365,true],"large":["https:\/\/arantv.az\/wp-content\/uploads\/2024\/04\/01989b06-874b-31de-8395-eb21abc9b804_850.jpg",620,413,false],"1536x1536":["https:\/\/arantv.az\/wp-content\/uploads\/2024\/04\/01989b06-874b-31de-8395-eb21abc9b804_850.jpg",620,413,false],"2048x2048":["https:\/\/arantv.az\/wp-content\/uploads\/2024\/04\/01989b06-874b-31de-8395-eb21abc9b804_850.jpg",620,413,false],"post-thumbnail":["https:\/\/arantv.az\/wp-content\/uploads\/2024\/04\/01989b06-874b-31de-8395-eb21abc9b804_850-240x172.jpg",240,172,true],"advps-thumb-one":["https:\/\/arantv.az\/wp-content\/uploads\/2024\/04\/01989b06-874b-31de-8395-eb21abc9b804_850.jpg",620,413,false]},"rttpg_author":{"display_name":"V\u00fcsal Rafiqo\u011flu","author_link":"https:\/\/arantv.az\/?author=2"},"rttpg_comment":0,"rttpg_category":"<a href=\"https:\/\/arantv.az\/?cat=19\" rel=\"category\">G\u00fcnd\u0259m<\/a>","rttpg_excerpt":"\u201cHidrogen enerjisi texnologiyalar\u0131n\u0131n inki\u015faf\u0131 \u00fczr\u0259 t\u0259\u015f\u0259bb\u00fcsl\u0259r geni\u015fl\u0259n\u0259c\u0259k\u201d. Bunu \u201cReport\u201da a\u00e7\u0131qlamas\u0131nda Beyn\u0259lxalq Hidrogen Enerjisi Assosiasiyas\u0131n\u0131n ekoloji c\u0259h\u0259td\u0259n t\u0259miz hidrogen \u00fczr\u0259 m\u00fct\u0259x\u0259ssisl\u0259r qrupunun r\u0259hb\u0259ri M\u0259h\u0259mm\u0259d \u018fbu Laban deyib. Ekspert hesab edir ki, bu c\u00fcr enerjid\u0259n istifad\u0259 etm\u0259k \u00fc\u00e7\u00fcn infrastrukturun yarad\u0131lmas\u0131n\u0131n ilkin x\u0259rcl\u0259ri y\u00fcks\u0259k olsa da, uzunm\u00fcdd\u0259tli iqtisadi s\u0259m\u0259r\u0259 bel\u0259 ke\u00e7idi c\u0259lbedici edir: \u201cH\u00f6kum\u0259tl\u0259r v\u0259 enerji \u015firk\u0259tl\u0259ri hidrogend\u0259n&hellip;","_links":{"self":[{"href":"https:\/\/arantv.az\/index.php?rest_route=\/wp\/v2\/posts\/711518"}],"collection":[{"href":"https:\/\/arantv.az\/index.php?rest_route=\/wp\/v2\/posts"}],"about":[{"href":"https:\/\/arantv.az\/index.php?rest_route=\/wp\/v2\/types\/post"}],"author":[{"embeddable":true,"href":"https:\/\/arantv.az\/index.php?rest_route=\/wp\/v2\/users\/2"}],"replies":[{"embeddable":true,"href":"https:\/\/arantv.az\/index.php?rest_route=%2Fwp%2Fv2%2Fcomments&post=711518"}],"version-history":[{"count":0,"href":"https:\/\/arantv.az\/index.php?rest_route=\/wp\/v2\/posts\/711518\/revisions"}],"wp:featuredmedia":[{"embeddable":true,"href":"https:\/\/arantv.az\/index.php?rest_route=\/wp\/v2\/media\/711519"}],"wp:attachment":[{"href":"https:\/\/arantv.az\/index.php?rest_route=%2Fwp%2Fv2%2Fmedia&parent=711518"}],"wp:term":[{"taxonomy":"category","embeddable":true,"href":"https:\/\/arantv.az\/index.php?rest_route=%2Fwp%2Fv2%2Fcategories&post=711518"},{"taxonomy":"post_tag","embeddable":true,"href":"https:\/\/arantv.az\/index.php?rest_route=%2Fwp%2Fv2%2Ftags&post=711518"}],"curies":[{"name":"wp","href":"https:\/\/api.w.org\/{rel}","templated":true}]}}