{"id":711521,"date":"2024-04-15T17:52:45","date_gmt":"2024-04-15T13:52:45","guid":{"rendered":"https:\/\/arantv.az\/?p=711521"},"modified":"2024-04-15T17:52:45","modified_gmt":"2024-04-15T13:52:45","slug":"payizda-istilik-qiym%c9%99tl%c9%99ri-bahalasacaq-r%c9%99smi-aciqlama","status":"publish","type":"post","link":"https:\/\/arantv.az\/?p=711521","title":{"rendered":"Pay\u0131zda istilik qiym\u0259tl\u0259ri bahala\u015facaq? &#8211; R\u018fSM\u0130 A\u00c7IQLAMA"},"content":{"rendered":"<p>Son g\u00fcnl\u0259rd\u0259 sentyabr ay\u0131ndan \u201cAz\u0259ristilikt\u0259chizat\u201dASC t\u0259r\u0259find\u0259n qeyri-\u0259haliy\u0259 sat\u0131lacaq istilik t\u0259chizat\u0131 xidm\u0259tl\u0259rinin qiym\u0259tl\u0259rinin artaca\u011f\u0131 bar\u0259d\u0259 x\u0259b\u0259rl\u0259r yay\u0131l\u0131b.<\/p>\n<p>M\u0259lumat\u0131 d\u0259qiql\u0259\u015fdirm\u0259k \u00fc\u00e7\u00fcn \u201cAz\u0259ristilikt\u0259chizat\u201d ASC il\u0259 \u0259laq\u0259 saxlad\u0131q.<\/p>\n<p>Qurumun m\u0259tbuat katibi Elvin Basqall\u0131 Bizim.media-ya bildirib ki, 2024-c\u00fc ilin 1 sentyabr tarixind\u0259n qeyri-\u0259hali qrupuna aid istehlak\u00e7\u0131lar \u00fczr\u0259 istilik t\u0259chizat\u0131 xidm\u0259tl\u0259rin\u0259 g\u00f6r\u0259 hesabla\u015fmalar m\u00fcqavil\u0259l\u0259r \u00fczr\u0259 h\u0259yata ke\u00e7iril\u0259c\u0259k:<\/p>\n<p>\u201cN\u0259z\u0259r\u0259 alaq ki, 1 sentyabr 2024-c\u00fc il tarix\u0259d\u0259k qeyri-\u0259haliy\u0259 bir kubmetr istilik xidm\u0259ti 25 q\u0259piy\u0259 sat\u0131l\u0131r. Bu tarixd\u0259n sonra qeyri-\u0259hali qrupu \u00fczr\u0259 istehlak\u00e7\u0131larla xidm\u0259tl\u0259rin qiym\u0259ti \u201cAz\u0259ristilikt\u0259chizat\u201d ASC t\u0259r\u0259find\u0259n m\u00fc\u0259yy\u0259n edil\u0259c\u0259k.<\/p>\n<p>Bildiyiniz kimi, qeyri-\u0259hali istehlak\u00e7\u0131 qrupu \u00fczr\u0259 istilik t\u0259chizat\u0131 xidm\u0259tl\u0259rin\u0259 g\u00f6r\u0259\u00a0 qiym\u0259tl\u0259r d\u00f6vl\u0259t t\u0259r\u0259find\u0259n t\u0259nziml\u0259nir.<\/p>\n<p>Ona g\u00f6r\u0259 d\u0259 Nazirl\u0259r Kabineti t\u0259r\u0259find\u0259n 5 aprel 2024-c\u00fc il tarixind\u0259 \u201cQiym\u0259tl\u0259ri, tarifl\u0259ri d\u00f6vl\u0259t t\u0259r\u0259find\u0259n t\u0259nziml\u0259n\u0259n mallar\u0131n, i\u015fl\u0259rin v\u0259 xidm\u0259tl\u0259rin siyah\u0131s\u0131n\u0131n t\u0259sdiq edilm\u0259si haqq\u0131nda\u201d 2005-ci ilin 28 sentyabr tarixli 178 sayl\u0131 v\u0259 \u201c\u0130stilik enerjisind\u0259 istifad\u0259 qaydalar\u0131 haqq\u0131nda\u201d 2023-c\u00fc ilin 5 sentyabr tarixli 303 sayl\u0131 q\u0259rarlar\u0131nda d\u0259yi\u015fiklikl\u0259r edilm\u0259si haqq\u0131nda q\u0259rar q\u0259bul edilib\u201d.<\/p>\n","protected":false},"excerpt":{"rendered":"<p>Son g\u00fcnl\u0259rd\u0259 sentyabr ay\u0131ndan \u201cAz\u0259ristilikt\u0259chizat\u201dASC t\u0259r\u0259find\u0259n qeyri-\u0259haliy\u0259 sat\u0131lacaq istilik t\u0259chizat\u0131 xidm\u0259tl\u0259rinin qiym\u0259tl\u0259rinin artaca\u011f\u0131 bar\u0259d\u0259 x\u0259b\u0259rl\u0259r yay\u0131l\u0131b. M\u0259lumat\u0131 d\u0259qiql\u0259\u015fdirm\u0259k \u00fc\u00e7\u00fcn \u201cAz\u0259ristilikt\u0259chizat\u201d ASC il\u0259 \u0259laq\u0259 saxlad\u0131q. Qurumun m\u0259tbuat katibi Elvin Basqall\u0131 Bizim.media-ya bildirib ki, 2024-c\u00fc ilin 1 sentyabr tarixind\u0259n qeyri-\u0259hali qrupuna aid istehlak\u00e7\u0131lar \u00fczr\u0259 istilik t\u0259chizat\u0131 xidm\u0259tl\u0259rin\u0259 g\u00f6r\u0259 hesabla\u015fmalar m\u00fcqavil\u0259l\u0259r \u00fczr\u0259 h\u0259yata ke\u00e7iril\u0259c\u0259k: \u201cN\u0259z\u0259r\u0259 alaq ki, 1 sentyabr 2024-c\u00fc il tarix\u0259d\u0259k qeyri-\u0259haliy\u0259 bir kubmetr istilik xidm\u0259ti 25 q\u0259piy\u0259 sat\u0131l\u0131r. Bu tarixd\u0259n sonra qeyri-\u0259hali qrupu \u00fczr\u0259 istehlak\u00e7\u0131larla xidm\u0259tl\u0259rin qiym\u0259ti \u201cAz\u0259ristilikt\u0259chizat\u201d ASC t\u0259r\u0259find\u0259n m\u00fc\u0259yy\u0259n edil\u0259c\u0259k. Bildiyiniz kimi, qeyri-\u0259hali istehlak\u00e7\u0131 qrupu \u00fczr\u0259 istilik t\u0259chizat\u0131 xidm\u0259tl\u0259rin\u0259&hellip;<\/p>\n","protected":false},"author":2,"featured_media":711523,"comment_status":"closed","ping_status":"closed","sticky":false,"template":"","format":"standard","meta":{"om_disable_all_campaigns":false,"_monsterinsights_skip_tracking":false,"_monsterinsights_sitenote_active":false,"_monsterinsights_sitenote_note":"","_monsterinsights_sitenote_category":0},"categories":[1],"tags":[],"aioseo_notices":[],"gutentor_comment":0,"rttpg_featured_image_url":{"full":["https:\/\/arantv.az\/wp-content\/uploads\/2024\/04\/1713173037_1.jpg",620,413,false],"landscape":["https:\/\/arantv.az\/wp-content\/uploads\/2024\/04\/1713173037_1.jpg",620,413,false],"portraits":["https:\/\/arantv.az\/wp-content\/uploads\/2024\/04\/1713173037_1.jpg",620,413,false],"thumbnail":["https:\/\/arantv.az\/wp-content\/uploads\/2024\/04\/1713173037_1-500x280.jpg",500,280,true],"medium":["https:\/\/arantv.az\/wp-content\/uploads\/2024\/04\/1713173037_1-548x365.jpg",548,365,true],"large":["https:\/\/arantv.az\/wp-content\/uploads\/2024\/04\/1713173037_1.jpg",620,413,false],"1536x1536":["https:\/\/arantv.az\/wp-content\/uploads\/2024\/04\/1713173037_1.jpg",620,413,false],"2048x2048":["https:\/\/arantv.az\/wp-content\/uploads\/2024\/04\/1713173037_1.jpg",620,413,false],"post-thumbnail":["https:\/\/arantv.az\/wp-content\/uploads\/2024\/04\/1713173037_1-240x172.jpg",240,172,true],"advps-thumb-one":["https:\/\/arantv.az\/wp-content\/uploads\/2024\/04\/1713173037_1.jpg",620,413,false]},"rttpg_author":{"display_name":"V\u00fcsal Rafiqo\u011flu","author_link":"https:\/\/arantv.az\/?author=2"},"rttpg_comment":0,"rttpg_category":"<a href=\"https:\/\/arantv.az\/?cat=1\" rel=\"category\">C\u0259miyy\u0259t<\/a>","rttpg_excerpt":"Son g\u00fcnl\u0259rd\u0259 sentyabr ay\u0131ndan \u201cAz\u0259ristilikt\u0259chizat\u201dASC t\u0259r\u0259find\u0259n qeyri-\u0259haliy\u0259 sat\u0131lacaq istilik t\u0259chizat\u0131 xidm\u0259tl\u0259rinin qiym\u0259tl\u0259rinin artaca\u011f\u0131 bar\u0259d\u0259 x\u0259b\u0259rl\u0259r yay\u0131l\u0131b. M\u0259lumat\u0131 d\u0259qiql\u0259\u015fdirm\u0259k \u00fc\u00e7\u00fcn \u201cAz\u0259ristilikt\u0259chizat\u201d ASC il\u0259 \u0259laq\u0259 saxlad\u0131q. Qurumun m\u0259tbuat katibi Elvin Basqall\u0131 Bizim.media-ya bildirib ki, 2024-c\u00fc ilin 1 sentyabr tarixind\u0259n qeyri-\u0259hali qrupuna aid istehlak\u00e7\u0131lar \u00fczr\u0259 istilik t\u0259chizat\u0131 xidm\u0259tl\u0259rin\u0259 g\u00f6r\u0259 hesabla\u015fmalar m\u00fcqavil\u0259l\u0259r \u00fczr\u0259 h\u0259yata ke\u00e7iril\u0259c\u0259k: \u201cN\u0259z\u0259r\u0259 alaq ki, 1&hellip;","_links":{"self":[{"href":"https:\/\/arantv.az\/index.php?rest_route=\/wp\/v2\/posts\/711521"}],"collection":[{"href":"https:\/\/arantv.az\/index.php?rest_route=\/wp\/v2\/posts"}],"about":[{"href":"https:\/\/arantv.az\/index.php?rest_route=\/wp\/v2\/types\/post"}],"author":[{"embeddable":true,"href":"https:\/\/arantv.az\/index.php?rest_route=\/wp\/v2\/users\/2"}],"replies":[{"embeddable":true,"href":"https:\/\/arantv.az\/index.php?rest_route=%2Fwp%2Fv2%2Fcomments&post=711521"}],"version-history":[{"count":0,"href":"https:\/\/arantv.az\/index.php?rest_route=\/wp\/v2\/posts\/711521\/revisions"}],"wp:featuredmedia":[{"embeddable":true,"href":"https:\/\/arantv.az\/index.php?rest_route=\/wp\/v2\/media\/711523"}],"wp:attachment":[{"href":"https:\/\/arantv.az\/index.php?rest_route=%2Fwp%2Fv2%2Fmedia&parent=711521"}],"wp:term":[{"taxonomy":"category","embeddable":true,"href":"https:\/\/arantv.az\/index.php?rest_route=%2Fwp%2Fv2%2Fcategories&post=711521"},{"taxonomy":"post_tag","embeddable":true,"href":"https:\/\/arantv.az\/index.php?rest_route=%2Fwp%2Fv2%2Ftags&post=711521"}],"curies":[{"name":"wp","href":"https:\/\/api.w.org\/{rel}","templated":true}]}}