{"id":711569,"date":"2024-04-16T09:11:58","date_gmt":"2024-04-16T05:11:58","guid":{"rendered":"https:\/\/arantv.az\/?p=711569"},"modified":"2024-04-16T09:11:58","modified_gmt":"2024-04-16T05:11:58","slug":"meksika-m%c9%99tbuati-q%c9%99rb-c%c9%99nubi-qafqazi-erm%c9%99nistan-vasit%c9%99sil%c9%99-parcalayir","status":"publish","type":"post","link":"https:\/\/arantv.az\/?p=711569","title":{"rendered":"Meksika m\u0259tbuat\u0131: \u201cQ\u0259rb C\u0259nubi Qafqaz\u0131 Erm\u0259nistan vasit\u0259sil\u0259 par\u00e7alay\u0131r\u201d"},"content":{"rendered":"<p>Meksikan\u0131n geni\u015f oxucu k\u00fctl\u0259sin\u0259 malik \u201cEl Universal\u201d q\u0259zetind\u0259 \u00f6lk\u0259nin apar\u0131c\u0131 ali t\u0259hsil m\u00fc\u0259ssis\u0259l\u0259rind\u0259n olan UNAM (\u201cUniversidad Nacional Autonoma de Mexico\u201d) Universitetinin professoru Talya \u0130\u015fcan\u0131n m\u00fc\u0259llifliyi il\u0259 Q\u0259rbin C\u0259nubi Qafqaz\u0131 qar\u015f\u0131durma v\u0259 toqqu\u015fmalar \u00fc\u00e7\u00fcn yeni platformaya \u00e7evirm\u0259k niyy\u0259tin\u0259 dair \u201cDananlara v\u0259 g\u0259tirdikl\u0259ri h\u0259diyy\u0259l\u0259r\u0259 etibar etm\u0259yin\u201d (\u201cTeman a los d\u00e1naos y a los regalos que traen\u201d) ba\u015fl\u0131ql\u0131, t\u0259hlil xarakterli m\u0259qal\u0259 d\u0259rc olunub.<\/p>\n<p><strong>ARANTV.AZ <\/strong>x\u0259b\u0259r verir ki, Br\u00fcsseld\u0259 ke\u00e7irilmi\u015f 5 aprel g\u00f6r\u00fc\u015f\u00fcn\u0259 istinad ed\u0259n m\u00fc\u0259llif s\u00fclh\u0259 istiqam\u0259tl\u0259n\u0259n regionda Q\u0259rbin son add\u0131mlar\u0131ndan x\u0259b\u0259rdar olanlar \u00fc\u00e7\u00fcn Erm\u0259nistana artan mara\u011f\u0131n t\u0259\u0259cc\u00fcbl\u00fc olmad\u0131\u011f\u0131n\u0131 bildirib.<\/p>\n<p>Q\u0259rbin v\u0259 Avropan\u0131n Erm\u0259nistanla iqtisadi \u0259m\u0259kda\u015fl\u0131q ad\u0131 alt\u0131nda p\u0259rd\u0259l\u0259nmi\u015f g\u00f6r\u00fc\u015f\u00fcn\u00fcn \u0259sl m\u0259ram\u0131n\u0131 t\u0259hlil ed\u0259n m\u00fc\u0259llif toplant\u0131n\u0131n \u0259slind\u0259 regionu par\u00e7alama\u011fa y\u00f6n\u0259lik add\u0131m olmas\u0131na eyham vurub.<\/p>\n<p>O, Avropa t\u0259r\u0259find\u0259n Erm\u0259nistan\u0131 silahland\u0131rmaq v\u0259 \u00f6lk\u0259ni Rusiyadan uzaqla\u015fd\u0131rmaqla C\u0259nubi Qafqaz\u0131 idar\u0259 etm\u0259k m\u0259qs\u0259dil\u0259 m\u00fct\u0259madi \u0259sasda s\u0259sl\u0259ndiril\u0259n, m\u00f6vcud olmayan, \u201ct\u0259\u015fvi\u015f yaradan\u201d ssenaril\u0259r, habel\u0259 Fransa Prezidenti v\u0259 h\u0259min \u00f6lk\u0259nin Erm\u0259nistandak\u0131 s\u0259firi t\u0259r\u0259find\u0259n s\u0259sl\u0259ndiril\u0259n b\u0259yanatlar fonunda Q\u0259rbin s\u0259mimiyy\u0259tinin \u015f\u00fcbh\u0259 do\u011furdu\u011funu bildirib.<\/p>\n<p>Q\u0259rbin bu kimi m\u00f6vqeyinin t\u0259hl\u00fck\u0259li olmas\u0131n\u0131n \u0130taliya kimi bir s\u0131ra Avropa d\u00f6vl\u0259tl\u0259ri t\u0259r\u0259find\u0259n q\u0259bul edildiyini bildir\u0259n m\u00fc\u0259llif b\u0259zi \u00f6lk\u0259l\u0259rin Az\u0259rbaycan\u0131 A\u0130-nin t\u0259r\u0259fda\u015f\u0131 kimi q\u0259bul edildiyi, x\u00fcsus\u0259n enerji sektorunda m\u00fch\u00fcm rolunun tan\u0131nd\u0131\u011f\u0131n\u0131 diqq\u0259t\u0259 \u00e7atd\u0131r\u0131b.<\/p>\n<p>M\u0259qal\u0259d\u0259 Erm\u0259nistan\u0131n Q\u0259rbl\u0259 yax\u0131nla\u015fmas\u0131n\u0131n m\u0259nfi n\u0259tic\u0259l\u0259rind\u0259n s\u00f6z a\u00e7an m\u00fc\u0259llif Rusiya v\u0259 \u0130ran\u0131n s\u0259rgil\u0259diyi m\u00f6vqel\u0259r\u0259 toxunub. O, Erm\u0259nistan h\u00f6kum\u0259tinin v\u0259ziyy\u0259td\u0259n istifad\u0259 ed\u0259r\u0259k \u00f6z\u00fcn\u00fc Rusiya v\u0259 \u0130rana qar\u015f\u0131 Q\u0259rbin daya\u011f\u0131 kimi g\u00f6st\u0259rm\u0259y\u0259 \u00e7al\u0131\u015fd\u0131\u011f\u0131n\u0131 qeyd edib. Bu x\u00fcsusda Q\u0259rb t\u0259r\u0259find\u0259n Erm\u0259nistan\u0131n tarixi v\u0259 \u0259n m\u00fch\u00fcm m\u00fctt\u0259fiqi Rusiyadan uzaqla\u015fd\u0131rmaq c\u0259hdl\u0259rinin \u00f6z n\u00f6vb\u0259sind\u0259 bir s\u0131ra Q\u0259rb \u00f6lk\u0259l\u0259ri il\u0259 Rusiya aras\u0131nda yeni g\u0259rginlikl\u0259r\u0259 yol a\u00e7d\u0131\u011f\u0131n\u0131 bildir\u0259n m\u00fc\u0259llif Rusiya m\u0259nb\u0259l\u0259rin\u0259 istinad\u0259n Erm\u0259nistanda yerl\u0259\u015fdirilmi\u015f m\u0259lum A\u0130 missiyas\u0131n\u0131n faktiki olaraq NATO missiyas\u0131 oldu\u011funu diqq\u0259t\u0259 \u00e7atd\u0131r\u0131b. \u0130rana g\u0259ldikd\u0259 is\u0259, Erm\u0259nistan\u0131n Q\u0259rbl\u0259 yax\u0131nla\u015fmamaqla ba\u011fl\u0131 x\u0259b\u0259rdarl\u0131q edildiyi xat\u0131rlad\u0131l\u0131b.<\/p>\n<p>Sonda Q\u0259rbin son gedi\u015fi v\u0259 c\u0259hdl\u0259rinin Avropa il\u0259 Rusiya aras\u0131nda daha bir qar\u015f\u0131durmaya s\u0259hn\u0259 kimi C\u0259nubi Qafqaz regionunun par\u00e7alanmas\u0131 istiqam\u0259tind\u0259 \u00e7ox t\u0259hl\u00fck\u0259li tendensiyaya d\u0259lal\u0259t etdiyini bildir\u0259n m\u00fc\u0259llif bunun Erm\u0259nistan\u0131n g\u0259l\u0259c\u0259kd\u0259 suverenliyinin z\u0259ifl\u0259\u015fm\u0259si il\u0259 \u00f6lk\u0259nin \u201csuriyala\u015fmas\u0131\u201d dem\u0259k oldu\u011funu diqq\u0259t\u0259 \u00e7atd\u0131r\u0131b.<\/p>\n","protected":false},"excerpt":{"rendered":"<p>Meksikan\u0131n geni\u015f oxucu k\u00fctl\u0259sin\u0259 malik \u201cEl Universal\u201d q\u0259zetind\u0259 \u00f6lk\u0259nin apar\u0131c\u0131 ali t\u0259hsil m\u00fc\u0259ssis\u0259l\u0259rind\u0259n olan UNAM (\u201cUniversidad Nacional Autonoma de Mexico\u201d) Universitetinin professoru Talya \u0130\u015fcan\u0131n m\u00fc\u0259llifliyi il\u0259 Q\u0259rbin C\u0259nubi Qafqaz\u0131 qar\u015f\u0131durma v\u0259 toqqu\u015fmalar \u00fc\u00e7\u00fcn yeni platformaya \u00e7evirm\u0259k niyy\u0259tin\u0259 dair \u201cDananlara v\u0259 g\u0259tirdikl\u0259ri h\u0259diyy\u0259l\u0259r\u0259 etibar etm\u0259yin\u201d (\u201cTeman a los d\u00e1naos y a los regalos que traen\u201d) ba\u015fl\u0131ql\u0131, t\u0259hlil xarakterli m\u0259qal\u0259 d\u0259rc olunub. ARANTV.AZ x\u0259b\u0259r verir ki, Br\u00fcsseld\u0259 ke\u00e7irilmi\u015f 5 aprel g\u00f6r\u00fc\u015f\u00fcn\u0259 istinad ed\u0259n m\u00fc\u0259llif s\u00fclh\u0259 istiqam\u0259tl\u0259n\u0259n regionda Q\u0259rbin son add\u0131mlar\u0131ndan x\u0259b\u0259rdar olanlar \u00fc\u00e7\u00fcn Erm\u0259nistana artan mara\u011f\u0131n t\u0259\u0259cc\u00fcbl\u00fc olmad\u0131\u011f\u0131n\u0131 bildirib. Q\u0259rbin v\u0259 Avropan\u0131n&hellip;<\/p>\n","protected":false},"author":2,"featured_media":711570,"comment_status":"closed","ping_status":"closed","sticky":false,"template":"","format":"standard","meta":{"om_disable_all_campaigns":false,"_monsterinsights_skip_tracking":false,"_monsterinsights_sitenote_active":false,"_monsterinsights_sitenote_note":"","_monsterinsights_sitenote_category":0},"categories":[4],"tags":[],"aioseo_notices":[],"gutentor_comment":0,"rttpg_featured_image_url":{"full":["https:\/\/arantv.az\/wp-content\/uploads\/2024\/04\/FotoJet-29-2.jpg",620,413,false],"landscape":["https:\/\/arantv.az\/wp-content\/uploads\/2024\/04\/FotoJet-29-2.jpg",620,413,false],"portraits":["https:\/\/arantv.az\/wp-content\/uploads\/2024\/04\/FotoJet-29-2.jpg",620,413,false],"thumbnail":["https:\/\/arantv.az\/wp-content\/uploads\/2024\/04\/FotoJet-29-2-500x280.jpg",500,280,true],"medium":["https:\/\/arantv.az\/wp-content\/uploads\/2024\/04\/FotoJet-29-2-548x365.jpg",548,365,true],"large":["https:\/\/arantv.az\/wp-content\/uploads\/2024\/04\/FotoJet-29-2.jpg",620,413,false],"1536x1536":["https:\/\/arantv.az\/wp-content\/uploads\/2024\/04\/FotoJet-29-2.jpg",620,413,false],"2048x2048":["https:\/\/arantv.az\/wp-content\/uploads\/2024\/04\/FotoJet-29-2.jpg",620,413,false],"post-thumbnail":["https:\/\/arantv.az\/wp-content\/uploads\/2024\/04\/FotoJet-29-2-240x172.jpg",240,172,true],"advps-thumb-one":["https:\/\/arantv.az\/wp-content\/uploads\/2024\/04\/FotoJet-29-2.jpg",620,413,false]},"rttpg_author":{"display_name":"V\u00fcsal Rafiqo\u011flu","author_link":"https:\/\/arantv.az\/?author=2"},"rttpg_comment":0,"rttpg_category":"<a href=\"https:\/\/arantv.az\/?cat=4\" rel=\"category\">Siyas\u0259t<\/a>","rttpg_excerpt":"Meksikan\u0131n geni\u015f oxucu k\u00fctl\u0259sin\u0259 malik \u201cEl Universal\u201d q\u0259zetind\u0259 \u00f6lk\u0259nin apar\u0131c\u0131 ali t\u0259hsil m\u00fc\u0259ssis\u0259l\u0259rind\u0259n olan UNAM (\u201cUniversidad Nacional Autonoma de Mexico\u201d) Universitetinin professoru Talya \u0130\u015fcan\u0131n m\u00fc\u0259llifliyi il\u0259 Q\u0259rbin C\u0259nubi Qafqaz\u0131 qar\u015f\u0131durma v\u0259 toqqu\u015fmalar \u00fc\u00e7\u00fcn yeni platformaya \u00e7evirm\u0259k niyy\u0259tin\u0259 dair \u201cDananlara v\u0259 g\u0259tirdikl\u0259ri h\u0259diyy\u0259l\u0259r\u0259 etibar etm\u0259yin\u201d (\u201cTeman a los d\u00e1naos y a los regalos que traen\u201d) ba\u015fl\u0131ql\u0131,&hellip;","_links":{"self":[{"href":"https:\/\/arantv.az\/index.php?rest_route=\/wp\/v2\/posts\/711569"}],"collection":[{"href":"https:\/\/arantv.az\/index.php?rest_route=\/wp\/v2\/posts"}],"about":[{"href":"https:\/\/arantv.az\/index.php?rest_route=\/wp\/v2\/types\/post"}],"author":[{"embeddable":true,"href":"https:\/\/arantv.az\/index.php?rest_route=\/wp\/v2\/users\/2"}],"replies":[{"embeddable":true,"href":"https:\/\/arantv.az\/index.php?rest_route=%2Fwp%2Fv2%2Fcomments&post=711569"}],"version-history":[{"count":0,"href":"https:\/\/arantv.az\/index.php?rest_route=\/wp\/v2\/posts\/711569\/revisions"}],"wp:featuredmedia":[{"embeddable":true,"href":"https:\/\/arantv.az\/index.php?rest_route=\/wp\/v2\/media\/711570"}],"wp:attachment":[{"href":"https:\/\/arantv.az\/index.php?rest_route=%2Fwp%2Fv2%2Fmedia&parent=711569"}],"wp:term":[{"taxonomy":"category","embeddable":true,"href":"https:\/\/arantv.az\/index.php?rest_route=%2Fwp%2Fv2%2Fcategories&post=711569"},{"taxonomy":"post_tag","embeddable":true,"href":"https:\/\/arantv.az\/index.php?rest_route=%2Fwp%2Fv2%2Ftags&post=711569"}],"curies":[{"name":"wp","href":"https:\/\/api.w.org\/{rel}","templated":true}]}}