{"id":711576,"date":"2024-04-16T09:13:26","date_gmt":"2024-04-16T05:13:26","guid":{"rendered":"https:\/\/arantv.az\/?p=711576"},"modified":"2024-04-16T09:13:26","modified_gmt":"2024-04-16T05:13:26","slug":"v%c9%99fat-ed%c9%99n-s%c9%99xsin-pensiya-kapitalinin-aqib%c9%99ti-nec%c9%99-olur-aciqlama-foto","status":"publish","type":"post","link":"https:\/\/arantv.az\/?p=711576","title":{"rendered":"V\u0259fat ed\u0259n \u015f\u0259xsin pensiya kapital\u0131n\u0131n aqib\u0259ti nec\u0259 olur? &#8211; A\u00c7IQLAMA + FOTO"},"content":{"rendered":"<p>\u201cPensiya ya\u015f\u0131na \u00e7atmadan d\u00fcnyas\u0131n\u0131 d\u0259yi\u015f\u0259n insanlar\u0131n pensiya kapital\u0131 qanunla he\u00e7 kim\u0259 verilm\u0259li deyil\u201d.<\/p>\n<p>Bunu Qaynarinfo-ya a\u00e7\u0131qlamas\u0131nda v\u0259kil \u018fkr\u0259m H\u0259s\u0259nov deyib. V\u0259kilin s\u00f6zl\u0259rin\u0259 g\u00f6r\u0259, \u0259rin pensiyas\u0131 \u00e7oxdursa, \u00f6l\u0259nd\u0259n sonra h\u0259yat yolda\u015f\u0131na f\u0259rq verilir, yaxud da \u0259ksin\u0259:<\/p>\n<p>\u201cBurada \u0259r-arvad m\u0259s\u0259l\u0259si var v\u0259 bir d\u0259 \u00f6l\u0259nin himay\u0259sind\u0259 kims\u0259 varsa ona verilir. M\u0259n\u0259vi c\u0259h\u0259td\u0259n deyirik ki, adam \u00f6mr\u00fc boyu i\u015fl\u0259yib,\u00a0qazan\u0131b, ya\u015fasayd\u0131 pensiyas\u0131n\u0131 alacaqd\u0131. Bir d\u0259\u00a0 m\u0259s\u0259l\u0259nin ikinci, y\u0259ni iqtisadi t\u0259r\u0259fi var. Biz ham\u0131m\u0131z i\u015fl\u0259yirik v\u0259 D\u00f6vl\u0259t Sosial M\u00fcdafi\u0259 Fonduna m\u0259cburi s\u0131\u011forta haqq\u0131 \u00f6d\u0259yirik. Bizim v\u0259saitl\u0259rimiz hesab\u0131na indiki t\u0259qa\u00fcd\u00e7\u00fcl\u0259r pensiya al\u0131rlar. Sabah biz qocalanda o zaman i\u015fl\u0259y\u0259nl\u0259rin g\u0259lirind\u0259n tutulan v\u0259saitl\u0259r hesab\u0131na biz\u0259 pensiya veril\u0259c\u0259k. Biz d\u0259 bilirik ki, h\u0259r il D\u00f6vl\u0259t Sosial M\u00fcdafi\u0259 Fondunda pul \u00e7atm\u0131r. Bu g\u00fcn y\u0131\u011f\u0131lan pul pensiya alanlara \u00e7atm\u0131r. \u00dcst\u0259lik, h\u0259r il d\u00f6vl\u0259t b\u00fcdc\u0259sind\u0259n \u0259lav\u0259 fonda pul verilir\u201d.<\/p>\n<p>&nbsp;<\/p>\n<div class=\"gallery\">\n<div class=\"gallery-i\"><img src=\"https:\/\/cdn.oxu.az\/uploads\/W1siZiIsIjIwMjQvMDQvMTUvMjAvMjUvNTQvODEzYTY4ZGEtMTE1OS00ZDk0LTgxMDUtNGExOTE0NTQ4MmYwL2hadnJLeTlwU1RySkVEa2FUNlMwbkROMG5KdEZWQlVxcmR5S2ZtRmUuanBnIl0sWyJwIiwiZW5jb2RlIiwianBnIiwiLXF1YWxpdHkgODAiXSxbInAiLCJ0aHVtYiIsIjU5MHg1OTBcdTAwM2UiXV0?sha=1362bdc3926f412b\" alt=\"\" \/><\/p>\n<div class=\"gallery-i-caption\"><\/div>\n<\/div>\n<\/div>\n<p>\u018fkr\u0259m H\u0259s\u0259nov D\u00f6vl\u0259t Sosial M\u00fcdafi\u0259 Fondunun \u00f6z-\u00f6z\u00fcn\u00fc maliyy\u0259l\u0259\u015fdir\u0259 bilm\u0259diyini vur\u011fulay\u0131b:<\/p>\n<p>\u201cBurada iki yol var, ya g\u0259r\u0259k sosial s\u0131\u011forta haqqlar\u0131n\u0131 art\u0131raq, ya da d\u00f6vl\u0259t b\u00fcdc\u0259sind\u0259n daha \u00e7ox v\u0259sait ayr\u0131ls\u0131n. Amma b\u00fcdc\u0259d\u0259n v\u0259saitin ayr\u0131lmas\u0131 \u00e7\u0259tin m\u0259s\u0259l\u0259dir. Bu d\u0259qiq\u0259 \u00f6lk\u0259d\u0259 o q\u0259d\u0259r layih\u0259l\u0259r var ki. X\u00fcsus\u0259n d\u0259 i\u015f\u011faldan azad olunan \u0259razil\u0259rl\u0259 ba\u011fl\u0131. Bir d\u0259 \u0259g\u0259r bu qanun hal\u0131n\u0131 al\u0131rsa icra olunmal\u0131d\u0131r\u201d.<\/p>\n<p>\u018fkr\u0259m H\u0259s\u0259nov b\u0259zi insanlar\u0131n uzun\u00f6m\u00fcrl\u00fc oldu\u011funu da \u0259lav\u0259 edib:<\/p>\n<p>\u201cEl\u0259 insanlar var ki, onlar \u00e7ox ya\u015fay\u0131r. Y\u0259ni\u00a0onlar\u0131n\u00a0pensiya kapital\u0131 qurtar\u0131r. Bu halda D\u00f6vl\u0259t Sosial M\u00fcdafi\u0259 Fondu onlara deyirmi ki, pensiya kapital\u0131n qurtar\u0131b siz\u0259 pensiya vermirik? Yox, \u00f6d\u0259nilir. G\u0259l\u0259c\u0259kd\u0259 insanlar\u0131n g\u0259lirl\u0259ri o q\u0259d\u0259r y\u00fcks\u0259k olmal\u0131d\u0131r ki, bizd\u0259n daha \u00e7ox pul tutulsun. Avropada bel\u0259dir\u201d.<\/p>\n","protected":false},"excerpt":{"rendered":"<p>\u201cPensiya ya\u015f\u0131na \u00e7atmadan d\u00fcnyas\u0131n\u0131 d\u0259yi\u015f\u0259n insanlar\u0131n pensiya kapital\u0131 qanunla he\u00e7 kim\u0259 verilm\u0259li deyil\u201d. Bunu Qaynarinfo-ya a\u00e7\u0131qlamas\u0131nda v\u0259kil \u018fkr\u0259m H\u0259s\u0259nov deyib. V\u0259kilin s\u00f6zl\u0259rin\u0259 g\u00f6r\u0259, \u0259rin pensiyas\u0131 \u00e7oxdursa, \u00f6l\u0259nd\u0259n sonra h\u0259yat yolda\u015f\u0131na f\u0259rq verilir, yaxud da \u0259ksin\u0259: \u201cBurada \u0259r-arvad m\u0259s\u0259l\u0259si var v\u0259 bir d\u0259 \u00f6l\u0259nin himay\u0259sind\u0259 kims\u0259 varsa ona verilir. M\u0259n\u0259vi c\u0259h\u0259td\u0259n deyirik ki, adam \u00f6mr\u00fc boyu i\u015fl\u0259yib,\u00a0qazan\u0131b, ya\u015fasayd\u0131 pensiyas\u0131n\u0131 alacaqd\u0131. Bir d\u0259\u00a0 m\u0259s\u0259l\u0259nin ikinci, y\u0259ni iqtisadi t\u0259r\u0259fi var. Biz ham\u0131m\u0131z i\u015fl\u0259yirik v\u0259 D\u00f6vl\u0259t Sosial M\u00fcdafi\u0259 Fonduna m\u0259cburi s\u0131\u011forta haqq\u0131 \u00f6d\u0259yirik. Bizim v\u0259saitl\u0259rimiz hesab\u0131na indiki t\u0259qa\u00fcd\u00e7\u00fcl\u0259r pensiya al\u0131rlar. Sabah biz qocalanda o&hellip;<\/p>\n","protected":false},"author":2,"featured_media":607174,"comment_status":"closed","ping_status":"closed","sticky":false,"template":"","format":"standard","meta":{"om_disable_all_campaigns":false,"_monsterinsights_skip_tracking":false,"_monsterinsights_sitenote_active":false,"_monsterinsights_sitenote_note":"","_monsterinsights_sitenote_category":0},"categories":[19],"tags":[],"aioseo_notices":[],"gutentor_comment":0,"rttpg_featured_image_url":{"full":["https:\/\/arantv.az\/wp-content\/uploads\/2023\/06\/pul.jpg",590,400,false],"landscape":["https:\/\/arantv.az\/wp-content\/uploads\/2023\/06\/pul.jpg",590,400,false],"portraits":["https:\/\/arantv.az\/wp-content\/uploads\/2023\/06\/pul.jpg",590,400,false],"thumbnail":["https:\/\/arantv.az\/wp-content\/uploads\/2023\/06\/pul-500x280.jpg",500,280,true],"medium":["https:\/\/arantv.az\/wp-content\/uploads\/2023\/06\/pul-538x365.jpg",538,365,true],"large":["https:\/\/arantv.az\/wp-content\/uploads\/2023\/06\/pul.jpg",590,400,false],"1536x1536":["https:\/\/arantv.az\/wp-content\/uploads\/2023\/06\/pul.jpg",590,400,false],"2048x2048":["https:\/\/arantv.az\/wp-content\/uploads\/2023\/06\/pul.jpg",590,400,false],"post-thumbnail":["https:\/\/arantv.az\/wp-content\/uploads\/2023\/06\/pul-240x172.jpg",240,172,true],"advps-thumb-one":["https:\/\/arantv.az\/wp-content\/uploads\/2023\/06\/pul.jpg",590,400,false]},"rttpg_author":{"display_name":"V\u00fcsal Rafiqo\u011flu","author_link":"https:\/\/arantv.az\/?author=2"},"rttpg_comment":0,"rttpg_category":"<a href=\"https:\/\/arantv.az\/?cat=19\" rel=\"category\">G\u00fcnd\u0259m<\/a>","rttpg_excerpt":"\u201cPensiya ya\u015f\u0131na \u00e7atmadan d\u00fcnyas\u0131n\u0131 d\u0259yi\u015f\u0259n insanlar\u0131n pensiya kapital\u0131 qanunla he\u00e7 kim\u0259 verilm\u0259li deyil\u201d. Bunu Qaynarinfo-ya a\u00e7\u0131qlamas\u0131nda v\u0259kil \u018fkr\u0259m H\u0259s\u0259nov deyib. V\u0259kilin s\u00f6zl\u0259rin\u0259 g\u00f6r\u0259, \u0259rin pensiyas\u0131 \u00e7oxdursa, \u00f6l\u0259nd\u0259n sonra h\u0259yat yolda\u015f\u0131na f\u0259rq verilir, yaxud da \u0259ksin\u0259: \u201cBurada \u0259r-arvad m\u0259s\u0259l\u0259si var v\u0259 bir d\u0259 \u00f6l\u0259nin himay\u0259sind\u0259 kims\u0259 varsa ona verilir. M\u0259n\u0259vi c\u0259h\u0259td\u0259n deyirik ki, adam \u00f6mr\u00fc boyu&hellip;","_links":{"self":[{"href":"https:\/\/arantv.az\/index.php?rest_route=\/wp\/v2\/posts\/711576"}],"collection":[{"href":"https:\/\/arantv.az\/index.php?rest_route=\/wp\/v2\/posts"}],"about":[{"href":"https:\/\/arantv.az\/index.php?rest_route=\/wp\/v2\/types\/post"}],"author":[{"embeddable":true,"href":"https:\/\/arantv.az\/index.php?rest_route=\/wp\/v2\/users\/2"}],"replies":[{"embeddable":true,"href":"https:\/\/arantv.az\/index.php?rest_route=%2Fwp%2Fv2%2Fcomments&post=711576"}],"version-history":[{"count":0,"href":"https:\/\/arantv.az\/index.php?rest_route=\/wp\/v2\/posts\/711576\/revisions"}],"wp:featuredmedia":[{"embeddable":true,"href":"https:\/\/arantv.az\/index.php?rest_route=\/wp\/v2\/media\/607174"}],"wp:attachment":[{"href":"https:\/\/arantv.az\/index.php?rest_route=%2Fwp%2Fv2%2Fmedia&parent=711576"}],"wp:term":[{"taxonomy":"category","embeddable":true,"href":"https:\/\/arantv.az\/index.php?rest_route=%2Fwp%2Fv2%2Fcategories&post=711576"},{"taxonomy":"post_tag","embeddable":true,"href":"https:\/\/arantv.az\/index.php?rest_route=%2Fwp%2Fv2%2Ftags&post=711576"}],"curies":[{"name":"wp","href":"https:\/\/api.w.org\/{rel}","templated":true}]}}