{"id":711956,"date":"2024-04-17T08:19:31","date_gmt":"2024-04-17T04:19:31","guid":{"rendered":"https:\/\/arantv.az\/?p=711956"},"modified":"2024-04-17T08:19:31","modified_gmt":"2024-04-17T04:19:31","slug":"%c9%99fv-s%c9%99r%c9%99ncami-kiml%c9%99r%c9%99-samil-olunacaq-video","status":"publish","type":"post","link":"https:\/\/arantv.az\/?p=711956","title":{"rendered":"\u018ffv s\u0259r\u0259ncam\u0131 kiml\u0259r\u0259 \u015famil olunacaq? &#8211; V\u0130DEO"},"content":{"rendered":"<article class=\"news\">\n<div class=\"news-inner\">\n<p>\u201cAprel ay\u0131n\u0131n 3-d\u0259 Prezident Yan\u0131nda \u018ffv M\u0259s\u0259l\u0259l\u0259ri Komissiyas\u0131 \u00f6z iclas\u0131na ba\u015flad\u0131. \u0130lk iclasda 100-d\u0259n art\u0131q m\u00fcraci\u0259t\u0259 bax\u0131ld\u0131. M\u00fcvafiq r\u0259yl\u0259rin haz\u0131rlanmas\u0131 bar\u0259d\u0259 q\u0259rarlar q\u0259bul edildi\u201d.<\/p>\n<p>Bunu \u018ffv Komissiyas\u0131n\u0131n \u00fczv\u00fc \u018flim\u0259mm\u0259d Nuriyev deyib.<\/p>\n<p>\u201c\u018ffvd\u0259n k\u0259narda h\u0259r hans\u0131 bir \u015f\u0259xs qalm\u0131r. \u0130st\u0259nil\u0259n m\u0259hkum m\u00fcraci\u0259t etdikd\u0259 onun \u0259fv\u0259 d\u00fc\u015fm\u0259 ehtimal\u0131 var. Amma h\u0259r \u015feyd\u0259n \u0259vv\u0259l bir s\u0131ra meyarlar var ki, bir qayda olaraq onlara \u0259m\u0259l edilir.<\/p>\n<p>S\u00f6hb\u0259t edilmi\u015f cinay\u0259tin ictimai t\u0259hl\u00fck\u0259lilik d\u0259r\u0259c\u0259si, \u015f\u0259xsin \u0259vv\u0259ll\u0259r cinay\u0259t edib-etm\u0259m\u0259si m\u0259s\u0259l\u0259si, z\u0259r\u0259r\u00e7\u0259kmi\u015fin m\u00f6vqeyi, d\u0259ymi\u015f ziyan\u0131n \u00f6d\u0259nilm\u0259si, ail\u0259 v\u0259ziyy\u0259ti v\u0259 s. kimi amill\u0259rd\u0259n gedir. B\u00fct\u00fcn bunlar r\u0259yl\u0259rin haz\u0131rlanmas\u0131 zaman\u0131 diqq\u0259t\u0259 al\u0131n\u0131r\u201d, &#8211; o bildirib.<\/p>\n<p>Daha \u0259trafl\u0131 Baku TV-nin s\u00fcjetind\u0259:<\/p>\n<div><iframe loading=\"lazy\" title=\"YouTube video player\" src=\"https:\/\/www.youtube.com\/embed\/28MaJOEZWt0?si=MIbRB9kS7vBYQQ8N\" width=\"560\" height=\"315\" frameborder=\"0\" allowfullscreen=\"allowfullscreen\" data-mce-fragment=\"1\"><\/iframe><\/div>\n<\/div>\n<\/article>\n<section class=\"related-news\">\n<div class=\"l-center\"><\/div>\n<\/section>\n","protected":false},"excerpt":{"rendered":"<p>\u201cAprel ay\u0131n\u0131n 3-d\u0259 Prezident Yan\u0131nda \u018ffv M\u0259s\u0259l\u0259l\u0259ri Komissiyas\u0131 \u00f6z iclas\u0131na ba\u015flad\u0131. \u0130lk iclasda 100-d\u0259n art\u0131q m\u00fcraci\u0259t\u0259 bax\u0131ld\u0131. M\u00fcvafiq r\u0259yl\u0259rin haz\u0131rlanmas\u0131 bar\u0259d\u0259 q\u0259rarlar q\u0259bul edildi\u201d. Bunu \u018ffv Komissiyas\u0131n\u0131n \u00fczv\u00fc \u018flim\u0259mm\u0259d Nuriyev deyib. \u201c\u018ffvd\u0259n k\u0259narda h\u0259r hans\u0131 bir \u015f\u0259xs qalm\u0131r. \u0130st\u0259nil\u0259n m\u0259hkum m\u00fcraci\u0259t etdikd\u0259 onun \u0259fv\u0259 d\u00fc\u015fm\u0259 ehtimal\u0131 var. Amma h\u0259r \u015feyd\u0259n \u0259vv\u0259l bir s\u0131ra meyarlar var ki, bir qayda olaraq onlara \u0259m\u0259l edilir. S\u00f6hb\u0259t edilmi\u015f cinay\u0259tin ictimai t\u0259hl\u00fck\u0259lilik d\u0259r\u0259c\u0259si, \u015f\u0259xsin \u0259vv\u0259ll\u0259r cinay\u0259t edib-etm\u0259m\u0259si m\u0259s\u0259l\u0259si, z\u0259r\u0259r\u00e7\u0259kmi\u015fin m\u00f6vqeyi, d\u0259ymi\u015f ziyan\u0131n \u00f6d\u0259nilm\u0259si, ail\u0259 v\u0259ziyy\u0259ti v\u0259 s. kimi amill\u0259rd\u0259n gedir. B\u00fct\u00fcn bunlar r\u0259yl\u0259rin haz\u0131rlanmas\u0131 zaman\u0131&hellip;<\/p>\n","protected":false},"author":2,"featured_media":430508,"comment_status":"closed","ping_status":"closed","sticky":false,"template":"","format":"standard","meta":{"om_disable_all_campaigns":false,"_monsterinsights_skip_tracking":false,"_monsterinsights_sitenote_active":false,"_monsterinsights_sitenote_note":"","_monsterinsights_sitenote_category":0},"categories":[1],"tags":[],"aioseo_notices":[],"gutentor_comment":0,"rttpg_featured_image_url":{"full":["https:\/\/arantv.az\/wp-content\/uploads\/2022\/01\/qandal_8486-1.jpg",800,600,false],"landscape":["https:\/\/arantv.az\/wp-content\/uploads\/2022\/01\/qandal_8486-1.jpg",800,600,false],"portraits":["https:\/\/arantv.az\/wp-content\/uploads\/2022\/01\/qandal_8486-1.jpg",800,600,false],"thumbnail":["https:\/\/arantv.az\/wp-content\/uploads\/2022\/01\/qandal_8486-1-500x280.jpg",500,280,true],"medium":["https:\/\/arantv.az\/wp-content\/uploads\/2022\/01\/qandal_8486-1-487x365.jpg",487,365,true],"large":["https:\/\/arantv.az\/wp-content\/uploads\/2022\/01\/qandal_8486-1.jpg",640,480,false],"1536x1536":["https:\/\/arantv.az\/wp-content\/uploads\/2022\/01\/qandal_8486-1.jpg",800,600,false],"2048x2048":["https:\/\/arantv.az\/wp-content\/uploads\/2022\/01\/qandal_8486-1.jpg",800,600,false],"post-thumbnail":["https:\/\/arantv.az\/wp-content\/uploads\/2022\/01\/qandal_8486-1-240x172.jpg",240,172,true],"advps-thumb-one":["https:\/\/arantv.az\/wp-content\/uploads\/2022\/01\/qandal_8486-1.jpg",800,600,false]},"rttpg_author":{"display_name":"V\u00fcsal Rafiqo\u011flu","author_link":"https:\/\/arantv.az\/?author=2"},"rttpg_comment":0,"rttpg_category":"<a href=\"https:\/\/arantv.az\/?cat=1\" rel=\"category\">C\u0259miyy\u0259t<\/a>","rttpg_excerpt":"\u201cAprel ay\u0131n\u0131n 3-d\u0259 Prezident Yan\u0131nda \u018ffv M\u0259s\u0259l\u0259l\u0259ri Komissiyas\u0131 \u00f6z iclas\u0131na ba\u015flad\u0131. \u0130lk iclasda 100-d\u0259n art\u0131q m\u00fcraci\u0259t\u0259 bax\u0131ld\u0131. M\u00fcvafiq r\u0259yl\u0259rin haz\u0131rlanmas\u0131 bar\u0259d\u0259 q\u0259rarlar q\u0259bul edildi\u201d. Bunu \u018ffv Komissiyas\u0131n\u0131n \u00fczv\u00fc \u018flim\u0259mm\u0259d Nuriyev deyib. \u201c\u018ffvd\u0259n k\u0259narda h\u0259r hans\u0131 bir \u015f\u0259xs qalm\u0131r. \u0130st\u0259nil\u0259n m\u0259hkum m\u00fcraci\u0259t etdikd\u0259 onun \u0259fv\u0259 d\u00fc\u015fm\u0259 ehtimal\u0131 var. Amma h\u0259r \u015feyd\u0259n \u0259vv\u0259l bir s\u0131ra meyarlar var&hellip;","_links":{"self":[{"href":"https:\/\/arantv.az\/index.php?rest_route=\/wp\/v2\/posts\/711956"}],"collection":[{"href":"https:\/\/arantv.az\/index.php?rest_route=\/wp\/v2\/posts"}],"about":[{"href":"https:\/\/arantv.az\/index.php?rest_route=\/wp\/v2\/types\/post"}],"author":[{"embeddable":true,"href":"https:\/\/arantv.az\/index.php?rest_route=\/wp\/v2\/users\/2"}],"replies":[{"embeddable":true,"href":"https:\/\/arantv.az\/index.php?rest_route=%2Fwp%2Fv2%2Fcomments&post=711956"}],"version-history":[{"count":0,"href":"https:\/\/arantv.az\/index.php?rest_route=\/wp\/v2\/posts\/711956\/revisions"}],"wp:featuredmedia":[{"embeddable":true,"href":"https:\/\/arantv.az\/index.php?rest_route=\/wp\/v2\/media\/430508"}],"wp:attachment":[{"href":"https:\/\/arantv.az\/index.php?rest_route=%2Fwp%2Fv2%2Fmedia&parent=711956"}],"wp:term":[{"taxonomy":"category","embeddable":true,"href":"https:\/\/arantv.az\/index.php?rest_route=%2Fwp%2Fv2%2Fcategories&post=711956"},{"taxonomy":"post_tag","embeddable":true,"href":"https:\/\/arantv.az\/index.php?rest_route=%2Fwp%2Fv2%2Ftags&post=711956"}],"curies":[{"name":"wp","href":"https:\/\/api.w.org\/{rel}","templated":true}]}}