{"id":711963,"date":"2024-04-17T08:20:50","date_gmt":"2024-04-17T04:20:50","guid":{"rendered":"https:\/\/arantv.az\/?p=711963"},"modified":"2024-04-17T08:20:50","modified_gmt":"2024-04-17T04:20:50","slug":"rusiyali-politoloqlar-erm%c9%99nistanin-az%c9%99rbaycana-qarsi-beyn%c9%99lxalq-%c9%99dal%c9%99t-m%c9%99hk%c9%99m%c9%99sind%c9%99ki-iddiasini-s%c9%99rh-edibl%c9%99r","status":"publish","type":"post","link":"https:\/\/arantv.az\/?p=711963","title":{"rendered":"Rusiyal\u0131 politoloqlar Erm\u0259nistan\u0131n Az\u0259rbaycana qar\u015f\u0131 Beyn\u0259lxalq \u018fdal\u0259t M\u0259hk\u0259m\u0259sind\u0259ki iddias\u0131n\u0131 \u015f\u0259rh edibl\u0259r"},"content":{"rendered":"<p>\u201cBeyn\u0259lxalq \u018fdal\u0259t M\u0259hk\u0259m\u0259si Az\u0259rbaycan hakimiyy\u0259tini erm\u0259nil\u0259r\u0259 qar\u015f\u0131 irqi ayr\u0131-se\u00e7kilikd\u0259 ittiham ed\u0259n \u0130r\u0259van\u0131n iddias\u0131n\u0131 t\u0259min etm\u0259y\u0259c\u0259k\u201d.<\/p>\n<p>Bu fikri\u00a0<a href=\"https:\/\/news.ru\/cis\/politolog-raskryl-kakim-budet-reshenie-suda-oon-v-otnoshenii-baku\/\" target=\"_blank\" rel=\"noopener\">NEWS.ru<\/a>-ya m\u00fcsahib\u0259sind\u0259 politoloq Aleksey Naumov bildirib.<\/p>\n<p>Onun s\u00f6zl\u0259rin\u0259 g\u00f6r\u0259, Erm\u0259nistan\u0131n bel\u0259 iddialar \u00fc\u00e7\u00fcn \u0259sas\u0131 yoxdur.<\/p>\n<p>\u201c\u0130st\u0259nil\u0259n halda m\u0259hk\u0259m\u0259nin h\u00f6km\u00fc Az\u0259rbaycana qar\u015f\u0131 y\u00f6n\u0259lm\u0259y\u0259c\u0259k. Bak\u0131 ir\u0259li s\u00fcr\u00fcl\u0259n ittihamlara kifay\u0259t q\u0259d\u0259r haql\u0131 reaksiya verir, bel\u0259 beyn\u0259lxalq \u00f6hd\u0259likl\u0259r\u0259 m\u0259suliyy\u0259tl\u0259 yana\u015fd\u0131\u011f\u0131n\u0131 v\u0259 onlar\u0131 inkar etm\u0259diyini vur\u011fulay\u0131r, s\u00fcbutlar tap\u0131lmad\u0131\u011f\u0131 \u00fc\u00e7\u00fcn iddian\u0131n verilm\u0259si fakt\u0131n\u0131 \u0259sass\u0131z say\u0131r\u201d, &#8211; dey\u0259 Naumov bildirib.<\/p>\n<p>Politoloqun fikrinc\u0259, \u0130r\u0259van \u00f6z h\u0259r\u0259k\u0259tl\u0259ri il\u0259 ancaq informasiya hay-k\u00fcy\u00fc yaratma\u011fa \u00e7al\u0131\u015f\u0131r. Bu, beyn\u0259lxalq ictimaiyy\u0259tin diqq\u0259tini Erm\u0259nistana c\u0259lb edir, ona iqtisadi v\u0259 h\u0259rbi yard\u0131m \u015f\u0259klind\u0259 siyasi \u00fcst\u00fcnl\u00fckl\u0259r\u0259 nail olma\u011fa imkan verir.<\/p>\n<p>Qeyd ed\u0259k ki, 2021-ci il sentyabr\u0131n 16-da Erm\u0259nistan Az\u0259rbaycan\u0131 erm\u0259nil\u0259r\u0259 qar\u015f\u0131 irqi ayr\u0131-se\u00e7kilikd\u0259 ittiham ed\u0259r\u0259k Beyn\u0259lxalq \u018fdal\u0259t M\u0259hk\u0259m\u0259sin\u0259 iddia qald\u0131r\u0131b. S\u0259n\u0259dd\u0259 Bak\u0131n\u0131n guya erm\u0259nil\u0259r\u0259 qar\u015f\u0131 nifr\u0259t siyas\u0259tini d\u0259st\u0259kl\u0259diyi, bunun n\u0259tic\u0259sind\u0259 onlar\u0131n ayr\u0131-se\u00e7kiliy\u0259, q\u0131r\u011f\u0131nlara v\u0259 i\u015fg\u0259nc\u0259l\u0259r\u0259 m\u0259ruz qald\u0131\u011f\u0131 vur\u011fulan\u0131r.<\/p>\n<p>Az\u0259rbaycan\u0131n n\u00fcmay\u0259nd\u0259si Elnur M\u0259mm\u0259dov Bak\u0131 ad\u0131ndan b\u0259yan edib ki, BMT m\u0259hk\u0259m\u0259sinin \u0130r\u0259van\u0131n erm\u0259nil\u0259r\u0259 qar\u015f\u0131 cinay\u0259tl\u0259rl\u0259 ba\u011fl\u0131 iddias\u0131na baxmaq s\u0259lahiyy\u0259ti yoxdur. Onun fikrinc\u0259, ittihamlar h\u0259m d\u0259 Erm\u0259nistan t\u0259r\u0259finin iddiada istinad etdiyi irqi ayr\u0131-se\u00e7kiliyin b\u00fct\u00fcn formalar\u0131n\u0131n l\u0259\u011fvi haqq\u0131nda Beyn\u0259lxalq Konvensiyaya aid deyil.<\/p>\n<p>\u00d6z n\u00f6vb\u0259sind\u0259, rusiyal\u0131 politoloq Dmitri Solonnik\u00a0<a href=\"https:\/\/news.ru\/cis\/politolog-rasskazal-o-reakcii-rossii-na-isk-erevana-protiv-baku\/\" target=\"_blank\" rel=\"noopener\">NEWS.ru<\/a>-ya bildirib ki, Erm\u0259nistan\u0131n Az\u0259rbaycana qar\u015f\u0131 Beyn\u0259lxalq M\u0259hk\u0259m\u0259y\u0259 verdiyi iddias\u0131 t\u0259\u015fkilat\u0131n s\u00fclhm\u0259raml\u0131lar\u0131n\u0131 NATO \u00f6lk\u0259l\u0259rind\u0259n Qaraba\u011f \u0259razisin\u0259 g\u0259tirm\u0259k m\u0259qs\u0259di da\u015f\u0131y\u0131r.<\/p>\n<p>Onun s\u00f6zl\u0259rin\u0259 g\u00f6r\u0259, Rusiya bel\u0259 bir q\u0259rar q\u0259bul edil\u0259c\u0259yi t\u0259qdird\u0259 ona k\u0259skin m\u0259nfi reaksiya ver\u0259c\u0259k.<\/p>\n<p>\u201cRusiyan\u0131n C\u0259nubi Qafqazdak\u0131 v\u0259ziyy\u0259tin n\u0259z\u0259rd\u0259n ke\u00e7irilm\u0259sin\u0259 v\u0259 Qafqaz regionuna he\u00e7 bir aidiyyat\u0131 olmayan m\u0259sul q\u00fcvv\u0259l\u0259rin c\u0259lb edilm\u0259sin\u0259 m\u0259nfi m\u00fcnasib\u0259t b\u0259sl\u0259yir, Erm\u0259nistan\u0131n h\u0259r vasit\u0259 il\u0259 NATO n\u00fcmay\u0259nd\u0259l\u0259rini b\u00f6lg\u0259y\u0259 s\u00fcr\u00fckl\u0259m\u0259k c\u0259hdin\u0259 son d\u0259r\u0259c\u0259 m\u0259nfi yana\u015f\u0131r. Bu, C\u0259nubi Qafqaz sabitliy\u0259 q\u0259tiyy\u0259n k\u00f6m\u0259k etmir\u201d, &#8211; Solonnikov bildirib.<\/p>\n<p>Politoloq qeyd edib ki, \u0130r\u0259van\u0131n v\u0259zif\u0259si Qaraba\u011fda 44 g\u00fcnl\u00fck m\u00fcharib\u0259nin n\u0259tic\u0259l\u0259rini \u015f\u00fcbh\u0259 alt\u0131na almaqd\u0131r. Onun fikrinc\u0259, Erm\u0259nistan ciddi n\u0259tic\u0259l\u0259r \u0259ld\u0259 etm\u0259y\u0259c\u0259k.<\/p>\n","protected":false},"excerpt":{"rendered":"<p>\u201cBeyn\u0259lxalq \u018fdal\u0259t M\u0259hk\u0259m\u0259si Az\u0259rbaycan hakimiyy\u0259tini erm\u0259nil\u0259r\u0259 qar\u015f\u0131 irqi ayr\u0131-se\u00e7kilikd\u0259 ittiham ed\u0259n \u0130r\u0259van\u0131n iddias\u0131n\u0131 t\u0259min etm\u0259y\u0259c\u0259k\u201d. Bu fikri\u00a0NEWS.ru-ya m\u00fcsahib\u0259sind\u0259 politoloq Aleksey Naumov bildirib. Onun s\u00f6zl\u0259rin\u0259 g\u00f6r\u0259, Erm\u0259nistan\u0131n bel\u0259 iddialar \u00fc\u00e7\u00fcn \u0259sas\u0131 yoxdur. \u201c\u0130st\u0259nil\u0259n halda m\u0259hk\u0259m\u0259nin h\u00f6km\u00fc Az\u0259rbaycana qar\u015f\u0131 y\u00f6n\u0259lm\u0259y\u0259c\u0259k. Bak\u0131 ir\u0259li s\u00fcr\u00fcl\u0259n ittihamlara kifay\u0259t q\u0259d\u0259r haql\u0131 reaksiya verir, bel\u0259 beyn\u0259lxalq \u00f6hd\u0259likl\u0259r\u0259 m\u0259suliyy\u0259tl\u0259 yana\u015fd\u0131\u011f\u0131n\u0131 v\u0259 onlar\u0131 inkar etm\u0259diyini vur\u011fulay\u0131r, s\u00fcbutlar tap\u0131lmad\u0131\u011f\u0131 \u00fc\u00e7\u00fcn iddian\u0131n verilm\u0259si fakt\u0131n\u0131 \u0259sass\u0131z say\u0131r\u201d, &#8211; dey\u0259 Naumov bildirib. Politoloqun fikrinc\u0259, \u0130r\u0259van \u00f6z h\u0259r\u0259k\u0259tl\u0259ri il\u0259 ancaq informasiya hay-k\u00fcy\u00fc yaratma\u011fa \u00e7al\u0131\u015f\u0131r. Bu, beyn\u0259lxalq ictimaiyy\u0259tin diqq\u0259tini Erm\u0259nistana c\u0259lb edir, ona iqtisadi v\u0259&hellip;<\/p>\n","protected":false},"author":2,"featured_media":711964,"comment_status":"closed","ping_status":"closed","sticky":false,"template":"","format":"standard","meta":{"om_disable_all_campaigns":false,"_monsterinsights_skip_tracking":false,"_monsterinsights_sitenote_active":false,"_monsterinsights_sitenote_note":"","_monsterinsights_sitenote_category":0},"categories":[4],"tags":[],"aioseo_notices":[],"gutentor_comment":0,"rttpg_featured_image_url":{"full":["https:\/\/arantv.az\/wp-content\/uploads\/2024\/04\/aebb3162-0edb-4142-85a3-69d8cabb52b8.jpg",620,413,false],"landscape":["https:\/\/arantv.az\/wp-content\/uploads\/2024\/04\/aebb3162-0edb-4142-85a3-69d8cabb52b8.jpg",620,413,false],"portraits":["https:\/\/arantv.az\/wp-content\/uploads\/2024\/04\/aebb3162-0edb-4142-85a3-69d8cabb52b8.jpg",620,413,false],"thumbnail":["https:\/\/arantv.az\/wp-content\/uploads\/2024\/04\/aebb3162-0edb-4142-85a3-69d8cabb52b8-500x280.jpg",500,280,true],"medium":["https:\/\/arantv.az\/wp-content\/uploads\/2024\/04\/aebb3162-0edb-4142-85a3-69d8cabb52b8-548x365.jpg",548,365,true],"large":["https:\/\/arantv.az\/wp-content\/uploads\/2024\/04\/aebb3162-0edb-4142-85a3-69d8cabb52b8.jpg",620,413,false],"1536x1536":["https:\/\/arantv.az\/wp-content\/uploads\/2024\/04\/aebb3162-0edb-4142-85a3-69d8cabb52b8.jpg",620,413,false],"2048x2048":["https:\/\/arantv.az\/wp-content\/uploads\/2024\/04\/aebb3162-0edb-4142-85a3-69d8cabb52b8.jpg",620,413,false],"post-thumbnail":["https:\/\/arantv.az\/wp-content\/uploads\/2024\/04\/aebb3162-0edb-4142-85a3-69d8cabb52b8-240x172.jpg",240,172,true],"advps-thumb-one":["https:\/\/arantv.az\/wp-content\/uploads\/2024\/04\/aebb3162-0edb-4142-85a3-69d8cabb52b8.jpg",620,413,false]},"rttpg_author":{"display_name":"V\u00fcsal Rafiqo\u011flu","author_link":"https:\/\/arantv.az\/?author=2"},"rttpg_comment":0,"rttpg_category":"<a href=\"https:\/\/arantv.az\/?cat=4\" rel=\"category\">Siyas\u0259t<\/a>","rttpg_excerpt":"\u201cBeyn\u0259lxalq \u018fdal\u0259t M\u0259hk\u0259m\u0259si Az\u0259rbaycan hakimiyy\u0259tini erm\u0259nil\u0259r\u0259 qar\u015f\u0131 irqi ayr\u0131-se\u00e7kilikd\u0259 ittiham ed\u0259n \u0130r\u0259van\u0131n iddias\u0131n\u0131 t\u0259min etm\u0259y\u0259c\u0259k\u201d. Bu fikri\u00a0NEWS.ru-ya m\u00fcsahib\u0259sind\u0259 politoloq Aleksey Naumov bildirib. Onun s\u00f6zl\u0259rin\u0259 g\u00f6r\u0259, Erm\u0259nistan\u0131n bel\u0259 iddialar \u00fc\u00e7\u00fcn \u0259sas\u0131 yoxdur. \u201c\u0130st\u0259nil\u0259n halda m\u0259hk\u0259m\u0259nin h\u00f6km\u00fc Az\u0259rbaycana qar\u015f\u0131 y\u00f6n\u0259lm\u0259y\u0259c\u0259k. Bak\u0131 ir\u0259li s\u00fcr\u00fcl\u0259n ittihamlara kifay\u0259t q\u0259d\u0259r haql\u0131 reaksiya verir, bel\u0259 beyn\u0259lxalq \u00f6hd\u0259likl\u0259r\u0259 m\u0259suliyy\u0259tl\u0259 yana\u015fd\u0131\u011f\u0131n\u0131 v\u0259 onlar\u0131 inkar&hellip;","_links":{"self":[{"href":"https:\/\/arantv.az\/index.php?rest_route=\/wp\/v2\/posts\/711963"}],"collection":[{"href":"https:\/\/arantv.az\/index.php?rest_route=\/wp\/v2\/posts"}],"about":[{"href":"https:\/\/arantv.az\/index.php?rest_route=\/wp\/v2\/types\/post"}],"author":[{"embeddable":true,"href":"https:\/\/arantv.az\/index.php?rest_route=\/wp\/v2\/users\/2"}],"replies":[{"embeddable":true,"href":"https:\/\/arantv.az\/index.php?rest_route=%2Fwp%2Fv2%2Fcomments&post=711963"}],"version-history":[{"count":0,"href":"https:\/\/arantv.az\/index.php?rest_route=\/wp\/v2\/posts\/711963\/revisions"}],"wp:featuredmedia":[{"embeddable":true,"href":"https:\/\/arantv.az\/index.php?rest_route=\/wp\/v2\/media\/711964"}],"wp:attachment":[{"href":"https:\/\/arantv.az\/index.php?rest_route=%2Fwp%2Fv2%2Fmedia&parent=711963"}],"wp:term":[{"taxonomy":"category","embeddable":true,"href":"https:\/\/arantv.az\/index.php?rest_route=%2Fwp%2Fv2%2Fcategories&post=711963"},{"taxonomy":"post_tag","embeddable":true,"href":"https:\/\/arantv.az\/index.php?rest_route=%2Fwp%2Fv2%2Ftags&post=711963"}],"curies":[{"name":"wp","href":"https:\/\/api.w.org\/{rel}","templated":true}]}}