{"id":711966,"date":"2024-04-17T08:21:27","date_gmt":"2024-04-17T04:21:27","guid":{"rendered":"https:\/\/arantv.az\/?p=711966"},"modified":"2024-04-17T08:21:27","modified_gmt":"2024-04-17T04:21:27","slug":"fuzuli-sakini-31-ildir-v%c9%99t%c9%99n-h%c9%99sr%c9%99ti-c%c9%99kib-dogma-yurdumu-yuxularda-gorurdum-video","status":"publish","type":"post","link":"https:\/\/arantv.az\/?p=711966","title":{"rendered":"F\u00fczuli sakini: \u201c31 ildir V\u0259t\u0259n h\u0259sr\u0259ti \u00e7\u0259kib, do\u011fma yurdumu yuxularda g\u00f6r\u00fcrd\u00fcm\u201d &#8211; V\u0130DEO"},"content":{"rendered":"<article class=\"news\">\n<div class=\"news-inner\">\n<p>F\u00fczuli \u015f\u0259h\u0259ri g\u00fcnd\u0259n-g\u00fcn\u0259 abadla\u015f\u0131r. Art\u0131q burada ya\u015famaq \u00fc\u00e7\u00fcn b\u00fct\u00fcn \u015f\u0259rait yarad\u0131l\u0131b.<\/p>\n<p>75 ya\u015fl\u0131 N\u0259rgiz Tahirova F\u00fczuliy\u0259 \u00fc\u00e7 n\u0259v\u0259si, o\u011flu v\u0259 g\u0259lini il\u0259 birlikd\u0259 k\u00f6\u00e7\u00fcb.<\/p>\n<p>O bildirib ki, 31 ildir V\u0259t\u0259n h\u0259sr\u0259ti \u00e7\u0259kib, do\u011fma yurdunu ancaq yuxular\u0131nda g\u00f6r\u00fcb:<\/p>\n<p>\u201cYanvar ay\u0131n\u0131n 22-d\u0259 qay\u0131tm\u0131\u015f\u0131q, burada \u00e7ox firavan ya\u015fay\u0131r\u0131q\u201d.<\/p>\n<p>\u018ftrafl\u0131\u00a0\u201c\u0130TV X\u0259b\u0259r\u201din s\u00fcjetind\u0259:<\/p>\n<div><iframe loading=\"lazy\" title=\"YouTube video player\" src=\"https:\/\/www.youtube.com\/embed\/U-SuYuAfogE?si=HcwgqBBWoMYm-Qre\" width=\"560\" height=\"315\" frameborder=\"0\" allowfullscreen=\"allowfullscreen\" data-mce-fragment=\"1\"><\/iframe><\/div>\n<\/div>\n<\/article>\n","protected":false},"excerpt":{"rendered":"<p>F\u00fczuli \u015f\u0259h\u0259ri g\u00fcnd\u0259n-g\u00fcn\u0259 abadla\u015f\u0131r. Art\u0131q burada ya\u015famaq \u00fc\u00e7\u00fcn b\u00fct\u00fcn \u015f\u0259rait yarad\u0131l\u0131b. 75 ya\u015fl\u0131 N\u0259rgiz Tahirova F\u00fczuliy\u0259 \u00fc\u00e7 n\u0259v\u0259si, o\u011flu v\u0259 g\u0259lini il\u0259 birlikd\u0259 k\u00f6\u00e7\u00fcb. O bildirib ki, 31 ildir V\u0259t\u0259n h\u0259sr\u0259ti \u00e7\u0259kib, do\u011fma yurdunu ancaq yuxular\u0131nda g\u00f6r\u00fcb: \u201cYanvar ay\u0131n\u0131n 22-d\u0259 qay\u0131tm\u0131\u015f\u0131q, burada \u00e7ox firavan ya\u015fay\u0131r\u0131q\u201d. \u018ftrafl\u0131\u00a0\u201c\u0130TV X\u0259b\u0259r\u201din s\u00fcjetind\u0259:<\/p>\n","protected":false},"author":2,"featured_media":711967,"comment_status":"closed","ping_status":"closed","sticky":false,"template":"","format":"standard","meta":{"om_disable_all_campaigns":false,"_monsterinsights_skip_tracking":false,"_monsterinsights_sitenote_active":false,"_monsterinsights_sitenote_note":"","_monsterinsights_sitenote_category":0},"categories":[1],"tags":[],"aioseo_notices":[],"gutentor_comment":0,"rttpg_featured_image_url":{"full":["https:\/\/arantv.az\/wp-content\/uploads\/2024\/04\/FotoJet-8-4.jpg",620,413,false],"landscape":["https:\/\/arantv.az\/wp-content\/uploads\/2024\/04\/FotoJet-8-4.jpg",620,413,false],"portraits":["https:\/\/arantv.az\/wp-content\/uploads\/2024\/04\/FotoJet-8-4.jpg",620,413,false],"thumbnail":["https:\/\/arantv.az\/wp-content\/uploads\/2024\/04\/FotoJet-8-4-500x280.jpg",500,280,true],"medium":["https:\/\/arantv.az\/wp-content\/uploads\/2024\/04\/FotoJet-8-4-548x365.jpg",548,365,true],"large":["https:\/\/arantv.az\/wp-content\/uploads\/2024\/04\/FotoJet-8-4.jpg",620,413,false],"1536x1536":["https:\/\/arantv.az\/wp-content\/uploads\/2024\/04\/FotoJet-8-4.jpg",620,413,false],"2048x2048":["https:\/\/arantv.az\/wp-content\/uploads\/2024\/04\/FotoJet-8-4.jpg",620,413,false],"post-thumbnail":["https:\/\/arantv.az\/wp-content\/uploads\/2024\/04\/FotoJet-8-4-240x172.jpg",240,172,true],"advps-thumb-one":["https:\/\/arantv.az\/wp-content\/uploads\/2024\/04\/FotoJet-8-4.jpg",620,413,false]},"rttpg_author":{"display_name":"V\u00fcsal Rafiqo\u011flu","author_link":"https:\/\/arantv.az\/?author=2"},"rttpg_comment":0,"rttpg_category":"<a href=\"https:\/\/arantv.az\/?cat=1\" rel=\"category\">C\u0259miyy\u0259t<\/a>","rttpg_excerpt":"F\u00fczuli \u015f\u0259h\u0259ri g\u00fcnd\u0259n-g\u00fcn\u0259 abadla\u015f\u0131r. Art\u0131q burada ya\u015famaq \u00fc\u00e7\u00fcn b\u00fct\u00fcn \u015f\u0259rait yarad\u0131l\u0131b. 75 ya\u015fl\u0131 N\u0259rgiz Tahirova F\u00fczuliy\u0259 \u00fc\u00e7 n\u0259v\u0259si, o\u011flu v\u0259 g\u0259lini il\u0259 birlikd\u0259 k\u00f6\u00e7\u00fcb. O bildirib ki, 31 ildir V\u0259t\u0259n h\u0259sr\u0259ti \u00e7\u0259kib, do\u011fma yurdunu ancaq yuxular\u0131nda g\u00f6r\u00fcb: \u201cYanvar ay\u0131n\u0131n 22-d\u0259 qay\u0131tm\u0131\u015f\u0131q, burada \u00e7ox firavan ya\u015fay\u0131r\u0131q\u201d. \u018ftrafl\u0131\u00a0\u201c\u0130TV X\u0259b\u0259r\u201din s\u00fcjetind\u0259:","_links":{"self":[{"href":"https:\/\/arantv.az\/index.php?rest_route=\/wp\/v2\/posts\/711966"}],"collection":[{"href":"https:\/\/arantv.az\/index.php?rest_route=\/wp\/v2\/posts"}],"about":[{"href":"https:\/\/arantv.az\/index.php?rest_route=\/wp\/v2\/types\/post"}],"author":[{"embeddable":true,"href":"https:\/\/arantv.az\/index.php?rest_route=\/wp\/v2\/users\/2"}],"replies":[{"embeddable":true,"href":"https:\/\/arantv.az\/index.php?rest_route=%2Fwp%2Fv2%2Fcomments&post=711966"}],"version-history":[{"count":0,"href":"https:\/\/arantv.az\/index.php?rest_route=\/wp\/v2\/posts\/711966\/revisions"}],"wp:featuredmedia":[{"embeddable":true,"href":"https:\/\/arantv.az\/index.php?rest_route=\/wp\/v2\/media\/711967"}],"wp:attachment":[{"href":"https:\/\/arantv.az\/index.php?rest_route=%2Fwp%2Fv2%2Fmedia&parent=711966"}],"wp:term":[{"taxonomy":"category","embeddable":true,"href":"https:\/\/arantv.az\/index.php?rest_route=%2Fwp%2Fv2%2Fcategories&post=711966"},{"taxonomy":"post_tag","embeddable":true,"href":"https:\/\/arantv.az\/index.php?rest_route=%2Fwp%2Fv2%2Ftags&post=711966"}],"curies":[{"name":"wp","href":"https:\/\/api.w.org\/{rel}","templated":true}]}}