{"id":712014,"date":"2024-04-17T09:18:15","date_gmt":"2024-04-17T05:18:15","guid":{"rendered":"https:\/\/arantv.az\/?p=712014"},"modified":"2024-04-17T09:18:15","modified_gmt":"2024-04-17T05:18:15","slug":"15-ay-%c9%99vv%c9%99l-qifillanan-s%c9%99firlik-mu%c9%99mmasi-baki-t%c9%99l%c9%99smir","status":"publish","type":"post","link":"https:\/\/arantv.az\/?p=712014","title":{"rendered":"15 ay \u0259vv\u0259l q\u0131f\u0131llanan s\u0259firlik m\u00fc\u0259mmas\u0131 &#8211; Bak\u0131 t\u0259l\u0259smir"},"content":{"rendered":"<p><strong>Az\u0259rbaycan Tehrandak\u0131 s\u0259firliyi a\u00e7maq\u00a0\u00a0\u00fc\u00e7\u00fcn \u0130randan hans\u0131 suallara cavab g\u00f6zl\u0259yir?<\/strong><\/p>\n<p>Az\u0259rbaycan\u0131n \u0130randa diplomatik f\u0259aliyy\u0259tinin b\u0259rpas\u0131 \u00fc\u00e7\u00fcn haz\u0131rl\u0131qlar g\u00f6r\u00fcl\u00fcb. Bunu \u0130ran Xarici \u0130\u015fl\u0259r Nazirliyinin s\u00f6z\u00e7\u00fcs\u00fc Nasir K\u0259nani deyib. O qeyd edib ki, s\u00f6z\u00fcged\u0259n m\u0259s\u0259l\u0259 bar\u0259d\u0259 h\u0259r iki t\u0259r\u0259fin prezidentl\u0259ri s\u0259viyy\u0259sind\u0259 dan\u0131\u015f\u0131qlar apar\u0131l\u0131b.<\/p>\n<p>\u201c\u00dcmumi konsensus var ki, \u0259m\u0259kda\u015fl\u0131\u011f\u0131n dig\u0259r sah\u0259l\u0259ri, o c\u00fcml\u0259d\u0259n iki \u00f6lk\u0259 aras\u0131nda iqtisadi, siyasi v\u0259 diplomatik \u0259m\u0259kda\u015fl\u0131qlar da inki\u015faf ed\u0259c\u0259k v\u0259 biz Az\u0259rbaycan\u0131n \u0130ran diplomatiyas\u0131n\u0131n yeni f\u0259all\u0131\u011f\u0131n\u0131n \u015fahidi olaca\u011f\u0131q\u201d, &#8211; diplomat vur\u011fulay\u0131b.<\/p>\n<p>K\u0259nan\u0131n s\u00f6zl\u0259rin\u0259 g\u00f6r\u0259, Az\u0259rbaycan\u0131n diplomatik n\u00fcmay\u0259nd\u0259 hey\u0259ti bir m\u00fcdd\u0259t \u0259vv\u0259l, \u00f6t\u0259n ilin sonlar\u0131nda s\u0259firliyin yenid\u0259n a\u00e7\u0131lmas\u0131na haz\u0131rl\u0131q \u00fc\u00e7\u00fcn Tehrana s\u0259f\u0259r edib. O, \u0130ran\u0131n Az\u0259rbaycandak\u0131 s\u0259firinin missiyas\u0131n\u0131n ba\u015fa \u00e7atmas\u0131 il\u0259 ba\u011fl\u0131 suala cavab olaraq bildirib ki, haz\u0131rk\u0131 proses\u0259 uy\u011fun olaraq s\u0259fir se\u00e7imi inzibati qaydada h\u0259yata ke\u00e7iril\u0259c\u0259k.<\/p>\n<p>Xat\u0131rladaq ki, 27 yanvar 2023-c\u00fc ild\u0259 Az\u0259rbaycan\u0131n Tehrandak\u0131 s\u0259firliyin\u0259 silahl\u0131 basq\u0131n n\u0259tic\u0259sind\u0259 1 n\u0259f\u0259r \u00f6l\u00fcb, 2 n\u0259f\u0259r yaralan\u0131b. Bundan sonra \u00f6lk\u0259mizin Tehrandak\u0131 s\u0259firliyinin f\u0259aliyy\u0259ti dayand\u0131r\u0131l\u0131b.<\/p>\n<p><strong>Bel\u0259 g\u00f6r\u00fcn\u00fcr ki, Tehran bu m\u0259s\u0259l\u0259d\u0259 t\u0259l\u0259ss\u0259 d\u0259, Bak\u0131 son q\u0259rar\u0131 vermir. Bunun \u0259n \u00fcmd\u0259 s\u0259b\u0259bl\u0259ri n\u0259 ola bil\u0259r?<\/strong><\/p>\n<p><img src=\"https:\/\/i.ytimg.com\/vi\/tfFyV-rGAS8\/maxresdefault.jpg\" alt=\"Oqtay Qas\u0131mov: Erm\u0259nistan iqtisadiyyat\u0131n\u0131n yar\u0131dan \u00e7oxu Rusiyadan as\u0131l\u0131d\u0131r  - (G\u00fcnd\u0259m)\" \/><\/p>\n<p><strong>Oqtay Qas\u0131mov\u00a0<\/strong><\/p>\n<p>Politoloq Oqtay Qas\u0131mov \u201cYeni M\u00fcsavat\u201da bildirdi ki, 2020-ci ild\u0259 Erm\u0259nistanla Az\u0259rbaycan aras\u0131nda 44 g\u00fcnl\u00fck m\u00fcharib\u0259d\u0259n sonra Az\u0259rbaycan-\u0130ran m\u00fcnasib\u0259tl\u0259ri he\u00e7 d\u0259 hamar olmad\u0131. Bunun \u0259sas g\u00fcnahkar\u0131 \u0130rand\u0131r: &#8220;\u00c7\u00fcnki \u0130ran m\u0259hz 44 g\u00fcnl\u00fck m\u00fcharib\u0259d\u0259n sonra Az\u0259rbaycan s\u0259rh\u0259dl\u0259rind\u0259 d\u0259f\u0259l\u0259rl\u0259 h\u0259rbi t\u0259liml\u0259r ke\u00e7ir\u0259r\u0259k Az\u0259rbaycan\u0131 t\u0259hdid etdi, h\u0259d\u0259l\u0259di, eyni zamanda Qaraba\u011fda qalan separat\u00e7\u0131 quldur rejim\u0259 bu v\u0259 ya dig\u0259r formada d\u0259st\u0259k verdi, o c\u00fcml\u0259d\u0259n onlar\u0131 yanacaq, \u0259rzaq v\u0259 dig\u0259r bu kimi m\u0259hsullarla t\u0259min etm\u0259kl\u0259 yana\u015f\u0131 \u00f6z\u00fcn\u00fcn h\u0259rbi t\u0259lim\u00e7il\u0259rini d\u0259 separat\u00e7\u0131lar\u0131n n\u0259zar\u0259tind\u0259 olan \u0259raziy\u0259 g\u00f6nd\u0259rdi. H\u0259m\u00e7inin \u0130ran bu m\u00fcdd\u0259td\u0259 Erm\u0259nistana b\u00fct\u00fcn formatlarda d\u0259st\u0259yini \u0259sirg\u0259m\u0259di. Az\u0259rbaycanla m\u00fcnasib\u0259tl\u0259rin k\u0259skinliyinin dozas\u0131 da, t\u0259bii, zaman-zaman artd\u0131 v\u0259 kulminasiya n\u00f6qt\u0259si Az\u0259rbaycan\u0131n Tehrandak\u0131 s\u0259firliyin\u0259 terror akt\u0131, bunun ard\u0131nca Az\u0259rbaycan Milli M\u0259clisinin \u00fczv\u00fc Fazil Mustafaya sui-q\u0259sd c\u0259hdi oldu ki, bu da Az\u0259rbaycan-\u0130ran m\u00fcnasib\u0259tl\u0259rin\u0259 \u00e7ox a\u011f\u0131r z\u0259rb\u0259 vurdu. Ke\u00e7\u0259n ilin yay\u0131ndan is\u0259 m\u00fcnasib\u0259tl\u0259r nisb\u0259t\u0259n normalla\u015fma\u011fa ba\u015flad\u0131 v\u0259 \u0130ran r\u0259smil\u0259rinin Az\u0259rbaycana s\u0259f\u0259ri, o c\u00fcml\u0259d\u0259n \u0130ran ba\u015f prokurorlu\u011funun n\u00fcmay\u0259nd\u0259 hey\u0259tinin Az\u0259rbaycana s\u0259f\u0259r ed\u0259r\u0259k s\u0259firliyimiz\u0259 qar\u015f\u0131 t\u00f6r\u0259dil\u0259n terror akt\u0131n\u0131n istintaq ara\u015fd\u0131rmalar\u0131 haqq\u0131nda bilgil\u0259r verm\u0259si pozitiv add\u0131mlar say\u0131ld\u0131. Baxmayaraq ki, Az\u0259rbaycan ilk g\u00fcnd\u0259n s\u0259firliy\u0259 qar\u015f\u0131 t\u00f6r\u0259dil\u0259n terrorun sifari\u015f\u00e7i v\u0259 t\u0259\u015fkilat\u00e7\u0131lar\u0131n\u0131n a\u015fkara \u00e7\u0131xar\u0131lmas\u0131 v\u0259 onlar\u0131n haqq etdiyi c\u0259za il\u0259 c\u0259zaland\u0131r\u0131lmas\u0131n\u0131 ist\u0259yirdi. \u0130ran t\u0259r\u0259find\u0259n veril\u0259n m\u0259lumatlara g\u00f6r\u0259, terroru h\u0259yata ke\u00e7ir\u0259n \u015f\u0259xs haqq\u0131nda m\u0259hk\u0259m\u0259nin edam h\u00f6km\u00fc var. Bunlar\u0131n n\u0259 q\u0259d\u0259r h\u0259qiq\u0259t\u0259 uy\u011fun oldu\u011funu s\u00f6yl\u0259m\u0259k \u00e7\u0259tindir. B\u00fct\u00fcn hallarda \u0130ranla Az\u0259rbaycan aras\u0131nda bir \u00e7ox m\u0259s\u0259l\u0259l\u0259r h\u0259l\u0259 d\u0259 h\u0259ll edilm\u0259mi\u015f qal\u0131r. X\u00fcsusil\u0259 d\u0259 n\u0259z\u0259r\u0259 alsaq ki, \u0130ran\u0131n Erm\u0259nistanla artan v\u0259 geni\u015fl\u0259n\u0259n \u0259m\u0259kda\u015fl\u0131\u011f\u0131, bunun h\u0259rbi v\u0259 t\u0259hl\u00fck\u0259sizlik sah\u0259l\u0259rini \u0259hat\u0259 etm\u0259si, \u0130ran\u0131n Z\u0259ng\u0259zurda konsulluq a\u00e7mas\u0131 v\u0259 Az\u0259rbaycan\u0131n maraqlar\u0131na zidd f\u0259aliyy\u0259t g\u00f6st\u0259rm\u0259si ciddi suallar yarad\u0131r. Bu suallar\u0131n cavab\u0131 verilm\u0259y\u0259n\u0259 q\u0259d\u0259r t\u0259bii ki, Az\u0259rbaycan-\u0130ran m\u00fcnasib\u0259tl\u0259rinin tam \u015f\u0259kild\u0259 qaydaya d\u00fc\u015fd\u00fcy\u00fcn\u00fc s\u00f6yl\u0259m\u0259k \u00e7\u0259tin olar. \u0130ran ist\u0259yir ki, Az\u0259rbaycan bu suallar\u0131 ona \u00fcnvanlamas\u0131n v\u0259 olanlar unudulsun. Lakin g\u0259l\u0259c\u0259kd\u0259 \u0259lav\u0259 probleml\u0259rin meydana g\u0259lm\u0259m\u0259si \u00fc\u00e7\u00fcn Az\u0259rbaycan\u0131n m\u00f6vqeyi daha d\u00fczg\u00fcnd\u00fcr\u201d.<\/p>\n<p><strong>Politoloq xat\u0131rlatd\u0131 ki, Az\u0259rbaycanla \u0130ran aras\u0131nda Z\u0259ng\u0259zur d\u0259hlizin\u0259 paralel \u0130ran \u0259razisind\u0259n alternativ kommunikasiya x\u0259ttinin \u00e7\u0259kilm\u0259si il\u0259 ba\u011fl\u0131 raz\u0131la\u015fma oldu v\u0259 bu layih\u0259 icra edilm\u0259kd\u0259dir:<\/strong>\u00a0\u201cBu m\u00fcsb\u0259t bir tendensiyad\u0131r. Amma b\u00fct\u00fcn hallarda \u0130ran Z\u0259ng\u0259zur d\u0259hlizinin a\u00e7\u0131lmas\u0131nda v\u0259 Az\u0259rbaycanla Erm\u0259nistan aras\u0131nda m\u00fcnasib\u0259tl\u0259rin tam \u015f\u0259kild\u0259 h\u0259ll olunmas\u0131nda maraql\u0131 deyil. Z\u0259ng\u0259zur d\u0259hlizinin a\u00e7\u0131lmas\u0131na \u0259sas \u0259ng\u0259l t\u00f6r\u0259d\u0259n d\u00f6vl\u0259t rolunda \u0130ran \u00e7\u0131x\u0131\u015f etm\u0259kd\u0259dir. \u0130ran\u0131n bir t\u0259r\u0259fd\u0259n bu c\u00fcr davranma\u011fa davam etm\u0259si, o biri t\u0259r\u0259fd\u0259n s\u0259firliyinin f\u0259aliyy\u0259tinin b\u0259rpa olunmas\u0131n\u0131 ist\u0259m\u0259si d\u0259 ziddiyy\u0259t t\u0259\u015fkil edir. Tehran bu ziddiyy\u0259tli v\u0259ziyy\u0259ti d\u0259 aradan qald\u0131ran add\u0131mlar atmal\u0131d\u0131r ki, m\u0259s\u0259l\u0259 m\u00fcsb\u0259t h\u0259llini taps\u0131n. \u0130ndiki v\u0259ziyy\u0259td\u0259 is\u0259 Bak\u0131n\u0131n Tehrandak\u0131 s\u0259firliyimizi a\u00e7maqda t\u0259l\u0259sm\u0259m\u0259si v\u0259 s\u0259birli davranmas\u0131 tamamil\u0259 do\u011frudur\u201d.<\/p>\n<p><img src=\"https:\/\/turkic.world\/media\/2023\/05\/12\/ilyas_huseynov.jpg\" alt=\"Az\u0259rbaycan\u0131n g\u00fccl\u00fc orduya malik olmas\u0131 bir \u015f\u0259rtdir - \u0130lyas H\u00fcseynov (\u00d6Z\u018fL)  - Turkic World\" \/><\/p>\n<p><strong>\u0130lyas H\u00fcseynov<\/strong><\/p>\n<p><strong>Sosial T\u0259dqiqatlar M\u0259rk\u0259zinin sektor m\u00fcdiri \u0130lyas H\u00fcseynov da bildirdi ki, Az\u0259rbaycanla \u0130ran aras\u0131nda m\u00fcnasib\u0259tl\u0259rin soyuqla\u015fmas\u0131n\u0131n \u0259sas s\u0259b\u0259bkar\u0131 Tehrand\u0131r v\u0259 s\u0259firliyimiz\u0259 edil\u0259n qanl\u0131 terror h\u00fccumundan sonra Az\u0259rbaycan \u00f6z diplomatik n\u00fcmay\u0259nd\u0259liyinin Tehranda f\u0259aliyy\u0259tini haql\u0131 olaraq dayand\u0131rd\u0131:<\/strong>\u00a0\u201c\u00c7\u00fcnki biz diplomatlar\u0131m\u0131z\u0131n v\u0259 onlar\u0131n ail\u0259 \u00fczvl\u0259rinin t\u0259hl\u00fck\u0259sizliyini qorumal\u0131yd\u0131q. Eyni zamanda terror akt\u0131n\u0131n t\u0259\u015fkilat\u00e7\u0131lar\u0131, icra\u00e7\u0131lar\u0131 m\u0259suliyy\u0259t\u0259 c\u0259lb olunmal\u0131 idi. Baxmayaraq ki, terror\u00e7u Yasin H\u00fcseynzad\u0259y\u0259 edam h\u00f6km\u00fc \u00e7\u0131xar\u0131l\u0131b, lakin h\u00f6km\u00fcn h\u0259yata ke\u00e7irilm\u0259si h\u0259l\u0259 ba\u015f verm\u0259yib. B\u00fct\u00fcn bunlar onu dem\u0259y\u0259 \u0259sas verir ki, m\u00fcnasib\u0259tl\u0259rin yax\u015f\u0131la\u015fmas\u0131 \u00fc\u00e7\u00fcn \u0130ran\u0131n atmal\u0131 oldu\u011fu add\u0131mlar var. S\u0259firliyimizin b\u0259rpa olunaca\u011f\u0131na dair informasiyalar m\u00f6vcuddur. Bu m\u00fcnasib\u0259tl\u0259rin daha da normalla\u015fmas\u0131na, \u0259n az\u0131ndan \u0259vv\u0259lki s\u0259viyy\u0259y\u0259 qaytar\u0131lmas\u0131na dair c\u0259hd ola bil\u0259r. Amma bunun \u00fc\u00e7\u00fcn r\u0259smi Bak\u0131n\u0131n haql\u0131 t\u0259l\u0259bl\u0259rinin yerin\u0259 yetirilm\u0259sin\u0259 ehtiyac var. 1961-ci il Vyana Konvensiyas\u0131n\u0131n t\u0259l\u0259bl\u0259ri yerin\u0259 yetirilm\u0259li v\u0259 s\u0259firliyin t\u0259hl\u00fck\u0259sizliyi \u0259n y\u00fcks\u0259k s\u0259viyy\u0259d\u0259 t\u0259min olunmal\u0131d\u0131r. Bu konvensiyan\u0131n b\u00fct\u00fcn t\u0259l\u0259bl\u0259ri icra olunmayana q\u0259d\u0259r Az\u0259rbaycan\u0131n Tehrandak\u0131 s\u0259firliyinin f\u0259aliyy\u0259tinin b\u0259rpas\u0131 m\u00fc\u0259yy\u0259n suallara s\u0259b\u0259b ola bil\u0259r. Biz he\u00e7 ist\u0259mirik ki, bir daha s\u0259firliyimiz\u0259 qar\u015f\u0131 t\u0259hl\u00fck\u0259 yaradan qanunsuz hallar, terror aktlar\u0131 ba\u015f versin. Ona g\u00f6r\u0259 d\u0259 d\u00fc\u015f\u00fcn\u00fcr\u0259m ki, s\u0259firliyimizin f\u0259aliyy\u0259tinin b\u0259rpa olunmas\u0131 v\u0259 Az\u0259rbaycana \u0130ran\u0131n yeni s\u0259firinin t\u0259yin olunmas\u0131 m\u00fcnasib\u0259tl\u0259rin yax\u015f\u0131la\u015fd\u0131r\u0131lmas\u0131 \u00fc\u00e7\u00fcn \u0259lveri\u015fli z\u0259min formala\u015fd\u0131ra bil\u0259r\u201d.<\/p>\n","protected":false},"excerpt":{"rendered":"<p>Az\u0259rbaycan Tehrandak\u0131 s\u0259firliyi a\u00e7maq\u00a0\u00a0\u00fc\u00e7\u00fcn \u0130randan hans\u0131 suallara cavab g\u00f6zl\u0259yir? Az\u0259rbaycan\u0131n \u0130randa diplomatik f\u0259aliyy\u0259tinin b\u0259rpas\u0131 \u00fc\u00e7\u00fcn haz\u0131rl\u0131qlar g\u00f6r\u00fcl\u00fcb. Bunu \u0130ran Xarici \u0130\u015fl\u0259r Nazirliyinin s\u00f6z\u00e7\u00fcs\u00fc Nasir K\u0259nani deyib. O qeyd edib ki, s\u00f6z\u00fcged\u0259n m\u0259s\u0259l\u0259 bar\u0259d\u0259 h\u0259r iki t\u0259r\u0259fin prezidentl\u0259ri s\u0259viyy\u0259sind\u0259 dan\u0131\u015f\u0131qlar apar\u0131l\u0131b. \u201c\u00dcmumi konsensus var ki, \u0259m\u0259kda\u015fl\u0131\u011f\u0131n dig\u0259r sah\u0259l\u0259ri, o c\u00fcml\u0259d\u0259n iki \u00f6lk\u0259 aras\u0131nda iqtisadi, siyasi v\u0259 diplomatik \u0259m\u0259kda\u015fl\u0131qlar da inki\u015faf ed\u0259c\u0259k v\u0259 biz Az\u0259rbaycan\u0131n \u0130ran diplomatiyas\u0131n\u0131n yeni f\u0259all\u0131\u011f\u0131n\u0131n \u015fahidi olaca\u011f\u0131q\u201d, &#8211; diplomat vur\u011fulay\u0131b. K\u0259nan\u0131n s\u00f6zl\u0259rin\u0259 g\u00f6r\u0259, Az\u0259rbaycan\u0131n diplomatik n\u00fcmay\u0259nd\u0259 hey\u0259ti bir m\u00fcdd\u0259t \u0259vv\u0259l, \u00f6t\u0259n ilin sonlar\u0131nda s\u0259firliyin yenid\u0259n a\u00e7\u0131lmas\u0131na haz\u0131rl\u0131q \u00fc\u00e7\u00fcn&hellip;<\/p>\n","protected":false},"author":2,"featured_media":712015,"comment_status":"closed","ping_status":"closed","sticky":false,"template":"","format":"standard","meta":{"om_disable_all_campaigns":false,"_monsterinsights_skip_tracking":false,"_monsterinsights_sitenote_active":false,"_monsterinsights_sitenote_note":"","_monsterinsights_sitenote_category":0},"categories":[4],"tags":[],"aioseo_notices":[],"gutentor_comment":0,"rttpg_featured_image_url":{"full":["https:\/\/arantv.az\/wp-content\/uploads\/2024\/04\/2ece3ced32b2e66eff78121d16aac689.jpg",870,500,false],"landscape":["https:\/\/arantv.az\/wp-content\/uploads\/2024\/04\/2ece3ced32b2e66eff78121d16aac689.jpg",870,500,false],"portraits":["https:\/\/arantv.az\/wp-content\/uploads\/2024\/04\/2ece3ced32b2e66eff78121d16aac689.jpg",870,500,false],"thumbnail":["https:\/\/arantv.az\/wp-content\/uploads\/2024\/04\/2ece3ced32b2e66eff78121d16aac689-500x280.jpg",500,280,true],"medium":["https:\/\/arantv.az\/wp-content\/uploads\/2024\/04\/2ece3ced32b2e66eff78121d16aac689-635x365.jpg",635,365,true],"large":["https:\/\/arantv.az\/wp-content\/uploads\/2024\/04\/2ece3ced32b2e66eff78121d16aac689-840x483.jpg",640,368,true],"1536x1536":["https:\/\/arantv.az\/wp-content\/uploads\/2024\/04\/2ece3ced32b2e66eff78121d16aac689.jpg",870,500,false],"2048x2048":["https:\/\/arantv.az\/wp-content\/uploads\/2024\/04\/2ece3ced32b2e66eff78121d16aac689.jpg",870,500,false],"post-thumbnail":["https:\/\/arantv.az\/wp-content\/uploads\/2024\/04\/2ece3ced32b2e66eff78121d16aac689-240x172.jpg",240,172,true],"advps-thumb-one":["https:\/\/arantv.az\/wp-content\/uploads\/2024\/04\/2ece3ced32b2e66eff78121d16aac689.jpg",870,500,false]},"rttpg_author":{"display_name":"V\u00fcsal Rafiqo\u011flu","author_link":"https:\/\/arantv.az\/?author=2"},"rttpg_comment":0,"rttpg_category":"<a href=\"https:\/\/arantv.az\/?cat=4\" rel=\"category\">Siyas\u0259t<\/a>","rttpg_excerpt":"Az\u0259rbaycan Tehrandak\u0131 s\u0259firliyi a\u00e7maq\u00a0\u00a0\u00fc\u00e7\u00fcn \u0130randan hans\u0131 suallara cavab g\u00f6zl\u0259yir? Az\u0259rbaycan\u0131n \u0130randa diplomatik f\u0259aliyy\u0259tinin b\u0259rpas\u0131 \u00fc\u00e7\u00fcn haz\u0131rl\u0131qlar g\u00f6r\u00fcl\u00fcb. Bunu \u0130ran Xarici \u0130\u015fl\u0259r Nazirliyinin s\u00f6z\u00e7\u00fcs\u00fc Nasir K\u0259nani deyib. O qeyd edib ki, s\u00f6z\u00fcged\u0259n m\u0259s\u0259l\u0259 bar\u0259d\u0259 h\u0259r iki t\u0259r\u0259fin prezidentl\u0259ri s\u0259viyy\u0259sind\u0259 dan\u0131\u015f\u0131qlar apar\u0131l\u0131b. \u201c\u00dcmumi konsensus var ki, \u0259m\u0259kda\u015fl\u0131\u011f\u0131n dig\u0259r sah\u0259l\u0259ri, o c\u00fcml\u0259d\u0259n iki \u00f6lk\u0259 aras\u0131nda iqtisadi, siyasi v\u0259&hellip;","_links":{"self":[{"href":"https:\/\/arantv.az\/index.php?rest_route=\/wp\/v2\/posts\/712014"}],"collection":[{"href":"https:\/\/arantv.az\/index.php?rest_route=\/wp\/v2\/posts"}],"about":[{"href":"https:\/\/arantv.az\/index.php?rest_route=\/wp\/v2\/types\/post"}],"author":[{"embeddable":true,"href":"https:\/\/arantv.az\/index.php?rest_route=\/wp\/v2\/users\/2"}],"replies":[{"embeddable":true,"href":"https:\/\/arantv.az\/index.php?rest_route=%2Fwp%2Fv2%2Fcomments&post=712014"}],"version-history":[{"count":0,"href":"https:\/\/arantv.az\/index.php?rest_route=\/wp\/v2\/posts\/712014\/revisions"}],"wp:featuredmedia":[{"embeddable":true,"href":"https:\/\/arantv.az\/index.php?rest_route=\/wp\/v2\/media\/712015"}],"wp:attachment":[{"href":"https:\/\/arantv.az\/index.php?rest_route=%2Fwp%2Fv2%2Fmedia&parent=712014"}],"wp:term":[{"taxonomy":"category","embeddable":true,"href":"https:\/\/arantv.az\/index.php?rest_route=%2Fwp%2Fv2%2Fcategories&post=712014"},{"taxonomy":"post_tag","embeddable":true,"href":"https:\/\/arantv.az\/index.php?rest_route=%2Fwp%2Fv2%2Ftags&post=712014"}],"curies":[{"name":"wp","href":"https:\/\/api.w.org\/{rel}","templated":true}]}}