{"id":712029,"date":"2024-04-17T09:57:17","date_gmt":"2024-04-17T05:57:17","guid":{"rendered":"https:\/\/arantv.az\/?p=712029"},"modified":"2024-04-17T09:57:17","modified_gmt":"2024-04-17T05:57:17","slug":"ot%c9%99n-gun-v%c9%99t%c9%99ndaslardan-pulemyot-tapanca-v%c9%99-qumbara-goturulub","status":"publish","type":"post","link":"https:\/\/arantv.az\/?p=712029","title":{"rendered":"\u00d6t\u0259n g\u00fcn v\u0259t\u0259nda\u015flardan pulemyot, tapan\u00e7a v\u0259 qumbara g\u00f6t\u00fcr\u00fcl\u00fcb"},"content":{"rendered":"<p>Polis \u0259m\u0259kda\u015flar\u0131 \u00f6t\u0259n g\u00fcn v\u0259t\u0259nda\u015flardan pulemyot, tapan\u00e7a v\u0259 qumbara g\u00f6t\u00fcr\u00fcbl\u0259r.<\/p>\n<p>Bu bar\u0259d\u0259 Daxili \u0130\u015fl\u0259r Nazirliyinin (D\u0130N) M\u0259tbuat Xidm\u0259ti m\u0259lumat yay\u0131b.<\/p>\n<p>Bildirilib ki, aprelin 16-da paytaxt v\u0259 respublikan\u0131n ayr\u0131-ayr\u0131 rayonlar\u0131nda bir pulemyot, iki tapan\u00e7a, bir qumbara, alt\u0131 t\u00fcf\u0259ng, iki patron dara\u011f\u0131 v\u0259 848 \u0259d\u0259d m\u00fcxt\u0259lif \u00e7apl\u0131 patron t\u0259hvil g\u00f6t\u00fcr\u00fcl\u00fcb.<\/p>\n","protected":false},"excerpt":{"rendered":"<p>Polis \u0259m\u0259kda\u015flar\u0131 \u00f6t\u0259n g\u00fcn v\u0259t\u0259nda\u015flardan pulemyot, tapan\u00e7a v\u0259 qumbara g\u00f6t\u00fcr\u00fcbl\u0259r. Bu bar\u0259d\u0259 Daxili \u0130\u015fl\u0259r Nazirliyinin (D\u0130N) M\u0259tbuat Xidm\u0259ti m\u0259lumat yay\u0131b. Bildirilib ki, aprelin 16-da paytaxt v\u0259 respublikan\u0131n ayr\u0131-ayr\u0131 rayonlar\u0131nda bir pulemyot, iki tapan\u00e7a, bir qumbara, alt\u0131 t\u00fcf\u0259ng, iki patron dara\u011f\u0131 v\u0259 848 \u0259d\u0259d m\u00fcxt\u0259lif \u00e7apl\u0131 patron t\u0259hvil g\u00f6t\u00fcr\u00fcl\u00fcb.<\/p>\n","protected":false},"author":2,"featured_media":712030,"comment_status":"closed","ping_status":"closed","sticky":false,"template":"","format":"standard","meta":{"om_disable_all_campaigns":false,"_monsterinsights_skip_tracking":false,"_monsterinsights_sitenote_active":false,"_monsterinsights_sitenote_note":"","_monsterinsights_sitenote_category":0},"categories":[5],"tags":[],"aioseo_notices":[],"gutentor_comment":0,"rttpg_featured_image_url":{"full":["https:\/\/arantv.az\/wp-content\/uploads\/2024\/04\/afa1df01-bd84-332c-8708-fd7d7050e977_850-1.jpg",620,413,false],"landscape":["https:\/\/arantv.az\/wp-content\/uploads\/2024\/04\/afa1df01-bd84-332c-8708-fd7d7050e977_850-1.jpg",620,413,false],"portraits":["https:\/\/arantv.az\/wp-content\/uploads\/2024\/04\/afa1df01-bd84-332c-8708-fd7d7050e977_850-1.jpg",620,413,false],"thumbnail":["https:\/\/arantv.az\/wp-content\/uploads\/2024\/04\/afa1df01-bd84-332c-8708-fd7d7050e977_850-1-500x280.jpg",500,280,true],"medium":["https:\/\/arantv.az\/wp-content\/uploads\/2024\/04\/afa1df01-bd84-332c-8708-fd7d7050e977_850-1-548x365.jpg",548,365,true],"large":["https:\/\/arantv.az\/wp-content\/uploads\/2024\/04\/afa1df01-bd84-332c-8708-fd7d7050e977_850-1.jpg",620,413,false],"1536x1536":["https:\/\/arantv.az\/wp-content\/uploads\/2024\/04\/afa1df01-bd84-332c-8708-fd7d7050e977_850-1.jpg",620,413,false],"2048x2048":["https:\/\/arantv.az\/wp-content\/uploads\/2024\/04\/afa1df01-bd84-332c-8708-fd7d7050e977_850-1.jpg",620,413,false],"post-thumbnail":["https:\/\/arantv.az\/wp-content\/uploads\/2024\/04\/afa1df01-bd84-332c-8708-fd7d7050e977_850-1-240x172.jpg",240,172,true],"advps-thumb-one":["https:\/\/arantv.az\/wp-content\/uploads\/2024\/04\/afa1df01-bd84-332c-8708-fd7d7050e977_850-1.jpg",620,413,false]},"rttpg_author":{"display_name":"V\u00fcsal Rafiqo\u011flu","author_link":"https:\/\/arantv.az\/?author=2"},"rttpg_comment":0,"rttpg_category":"<a href=\"https:\/\/arantv.az\/?cat=5\" rel=\"category\">Hadis\u0259<\/a>","rttpg_excerpt":"Polis \u0259m\u0259kda\u015flar\u0131 \u00f6t\u0259n g\u00fcn v\u0259t\u0259nda\u015flardan pulemyot, tapan\u00e7a v\u0259 qumbara g\u00f6t\u00fcr\u00fcbl\u0259r. Bu bar\u0259d\u0259 Daxili \u0130\u015fl\u0259r Nazirliyinin (D\u0130N) M\u0259tbuat Xidm\u0259ti m\u0259lumat yay\u0131b. Bildirilib ki, aprelin 16-da paytaxt v\u0259 respublikan\u0131n ayr\u0131-ayr\u0131 rayonlar\u0131nda bir pulemyot, iki tapan\u00e7a, bir qumbara, alt\u0131 t\u00fcf\u0259ng, iki patron dara\u011f\u0131 v\u0259 848 \u0259d\u0259d m\u00fcxt\u0259lif \u00e7apl\u0131 patron t\u0259hvil g\u00f6t\u00fcr\u00fcl\u00fcb.","_links":{"self":[{"href":"https:\/\/arantv.az\/index.php?rest_route=\/wp\/v2\/posts\/712029"}],"collection":[{"href":"https:\/\/arantv.az\/index.php?rest_route=\/wp\/v2\/posts"}],"about":[{"href":"https:\/\/arantv.az\/index.php?rest_route=\/wp\/v2\/types\/post"}],"author":[{"embeddable":true,"href":"https:\/\/arantv.az\/index.php?rest_route=\/wp\/v2\/users\/2"}],"replies":[{"embeddable":true,"href":"https:\/\/arantv.az\/index.php?rest_route=%2Fwp%2Fv2%2Fcomments&post=712029"}],"version-history":[{"count":0,"href":"https:\/\/arantv.az\/index.php?rest_route=\/wp\/v2\/posts\/712029\/revisions"}],"wp:featuredmedia":[{"embeddable":true,"href":"https:\/\/arantv.az\/index.php?rest_route=\/wp\/v2\/media\/712030"}],"wp:attachment":[{"href":"https:\/\/arantv.az\/index.php?rest_route=%2Fwp%2Fv2%2Fmedia&parent=712029"}],"wp:term":[{"taxonomy":"category","embeddable":true,"href":"https:\/\/arantv.az\/index.php?rest_route=%2Fwp%2Fv2%2Fcategories&post=712029"},{"taxonomy":"post_tag","embeddable":true,"href":"https:\/\/arantv.az\/index.php?rest_route=%2Fwp%2Fv2%2Ftags&post=712029"}],"curies":[{"name":"wp","href":"https:\/\/api.w.org\/{rel}","templated":true}]}}