{"id":712273,"date":"2024-04-17T16:28:05","date_gmt":"2024-04-17T12:28:05","guid":{"rendered":"https:\/\/arantv.az\/?p=712273"},"modified":"2024-04-17T16:28:05","modified_gmt":"2024-04-17T12:28:05","slug":"arzusu-ur%c9%99yind%c9%99-qalan-sevinc-osmanqizi-o-iddia-edirdi-ki-video","status":"publish","type":"post","link":"https:\/\/arantv.az\/?p=712273","title":{"rendered":"Arzusu \u00fcr\u0259yind\u0259 qalan Sevinc Osmanq\u0131z\u0131 &#8211; O iddia edirdi ki&#8230; &#8211; V\u0130DEO"},"content":{"rendered":"<div class=\"text-content\" data-id=\"\" data-url=\"\">\n<p><strong>Rusiya s\u00fclhm\u0259raml\u0131 kontingentinin Qaraba\u011f\u0131 t\u0259rk etm\u0259si bir \u00e7oxunun z\u0259h\u0259r v\u0259 nifrinini \u00f6z i\u00e7ind\u0259 bo\u011fmu\u015f oldu. 44 g\u00fcnl\u00fck V\u0259t\u0259n m\u00fcharib\u0259si d\u00f6vr\u00fcnd\u0259, ondan sonrak\u0131 4 ild\u0259 v\u0259 son aylarda daim Az\u0259rbaycan \u0259lehyin\u0259 \u00e7\u0131x\u0131\u015flar ed\u0259n, a\u00e7\u0131qlamalar\u00a0yayan \u00fcns\u00fcr v\u0259 q\u00fcvv\u0259l\u0259r Rusiya s\u00fclhm\u0259raml\u0131lar\u0131n\u0131n Az\u0259rbaycandan \u00e7\u0131xmayaca\u011f\u0131 haqq\u0131nda d\u0259f\u0259l\u0259rl\u0259 iddialar s\u0259sl\u0259ndiribl\u0259r. Onlar \u00f6z \u00f6lk\u0259sini a\u015fa\u011f\u0131layaraq bel\u0259 prosesin ba\u015f verm\u0259sinin m\u00fcmk\u00fcns\u00fczl\u00fcy\u00fcn\u00fc vur\u011fulay\u0131rd\u0131lar.\u00a0<\/strong><\/p>\n<p>Musavat.com qeyd edir ki, bunlardan biri d\u0259 jurnalist Sevinc Osmanq\u0131z\u0131d\u0131r. B\u00fct\u00fcn f\u0259aliyy\u0259ti boyunca (son 10 ild\u0259) h\u0259r zaman Az\u0259rbaycan d\u00f6vl\u0259tinin maraqlar\u0131n\u0131n, xalq\u0131n\u00a0m\u0259nafeyinin \u0259leyhin\u0259 ged\u0259n S.Osmanq\u0131z\u0131\u00a0<strong>a\u015fa\u011f\u0131da t\u0259qdim ed\u0259c\u0259yimiz videodak\u0131 \u00e7\u0131x\u0131\u015f\u0131n sahibidir.<\/strong><\/p>\n<p>Sevinc Osmanq\u0131z\u0131 v\u0259 dig\u0259r soyda\u015flar\u0131m\u0131z (\u00fcns\u00fcrl\u0259r) ba\u015f ver\u0259n prosesd\u0259n sonra\u00a0obyektivlik namin\u0259 Az\u0259rbaycan xalq\u0131ndan, informasiya yayd\u0131qlar\u0131 auditoriyadan, o c\u00fcml\u0259d\u0259n Az\u0259rbaycan d\u00f6vl\u0259tind\u0259n \u00fczr ist\u0259m\u0259lidirl\u0259r. Lakin t\u0259cr\u00fcb\u0259 g\u00f6st\u0259rir ki, onlar bunu etm\u0259y\u0259c\u0259kl\u0259r, sad\u0259c\u0259 ba\u015fqa m\u0259qam tap\u0131b h\u0259min m\u0259qamla ba\u011fl\u0131 Az\u0259rbaycan d\u00f6vl\u0259tini v\u0259 xalq\u0131n\u0131 a\u015fa\u011f\u0131lama\u011fa \u00e7al\u0131\u015facaqlar.<\/p>\n<p>Xat\u0131rladaq ki, 44 g\u00fcnl\u00fck m\u00fcharib\u0259d\u0259n sonra jurnalist Sevinc\u00a0Osmanq\u0131z\u0131, AXCP s\u0259dri \u018fli K\u0259rimli v\u0259 dig\u0259rl\u0259ri Xank\u0259ndinin Az\u0259rbaycan\u0131n n\u0259zar\u0259tind\u0259 olmamas\u0131 s\u0259b\u0259bind\u0259n bu q\u0259l\u0259b\u0259ni &#8220;yar\u0131m\u00e7\u0131q q\u0259l\u0259b\u0259&#8221; adland\u0131r\u0131rd\u0131. Son d\u00f6vrl\u0259rd\u0259 is\u0259 onlar deyirdi ki, &#8220;Rusiya s\u00fclhm\u0259raml\u0131lar\u0131 Qaraba\u011fdan \u00e7\u0131xmay\u0131nca bel\u0259 bir q\u0259l\u0259b\u0259d\u0259n s\u00f6hb\u0259t ged\u0259 bilm\u0259z&#8221;.<\/p>\n<p>\u0130ndi is\u0259 b\u00fct\u00fcn prosesl\u0259r xalq\u0131n g\u00f6z\u00fc \u00f6n\u00fcnd\u0259 ba\u015f verm\u0259kd\u0259dir.<\/p>\n<p><strong>Musavat.com S. Osmanq\u0131z\u0131n\u0131n s\u00f6z\u00fcged\u0259n \u00e7\u0131x\u0131\u015f\u0131n\u0131 t\u0259qdim edir:<\/strong><\/p>\n<div id=\"jwplayer_video_1\" class=\"jwplayer jw-reset jw-state-idle jw-skin-seven jw-stretch-uniform jw-breakpoint-3\" tabindex=\"0\">\n<div class=\"jw-media jw-reset\"><\/div>\n<div class=\"jw-preview jw-reset\"><\/div>\n<div class=\"jw-overlays jw-reset\">\n<div id=\"jwplayer_video_1_jwpsrv\" class=\"jw-plugin jw-reset\"><\/div>\n<div id=\"jwplayer_video_1_related\" class=\"jw-plugin jw-reset jw-plugin-related\"><\/div>\n<\/div>\n<div class=\"jw-controls jw-reset\">\n<div class=\"jw-display-icon-container jw-background-color jw-reset\">\n<div class=\"jw-icon jw-icon-display jw-button-color jw-reset\" tabindex=\"0\" role=\"button\" aria-label=\"Start playback\"><\/div>\n<\/div>\n<div class=\"jw-controls-right jw-reset\">\n<div class=\"jw-dock jw-reset\"><\/div>\n<\/div>\n<div class=\"jw-nextup-container jw-reset\">\n<div class=\"jw-nextup jw-reset\">\n<div class=\"jw-nextup-tooltip jw-reset\">\n<div class=\"jw-nextup-header jw-reset\"><\/div>\n<div class=\"jw-nextup-body jw-background-color jw-reset\">\n<div class=\"jw-nextup-title jw-reset\"><\/div>\n<\/div>\n<\/div>\n<p><button class=\"jw-nextup-close\" aria-label=\"Next Up Close\"><\/button><\/div>\n<\/div>\n<\/div>\n<div class=\"afs_ads\"><\/div>\n<\/div>\n<\/div>\n<div><\/div>\n<div><\/div>\n<div class=\"inner-social-box\">\n<div class=\"subs-in-social subs-instagram\"><\/div>\n<\/div>\n","protected":false},"excerpt":{"rendered":"<p>Rusiya s\u00fclhm\u0259raml\u0131 kontingentinin Qaraba\u011f\u0131 t\u0259rk etm\u0259si bir \u00e7oxunun z\u0259h\u0259r v\u0259 nifrinini \u00f6z i\u00e7ind\u0259 bo\u011fmu\u015f oldu. 44 g\u00fcnl\u00fck V\u0259t\u0259n m\u00fcharib\u0259si d\u00f6vr\u00fcnd\u0259, ondan sonrak\u0131 4 ild\u0259 v\u0259 son aylarda daim Az\u0259rbaycan \u0259lehyin\u0259 \u00e7\u0131x\u0131\u015flar ed\u0259n, a\u00e7\u0131qlamalar\u00a0yayan \u00fcns\u00fcr v\u0259 q\u00fcvv\u0259l\u0259r Rusiya s\u00fclhm\u0259raml\u0131lar\u0131n\u0131n Az\u0259rbaycandan \u00e7\u0131xmayaca\u011f\u0131 haqq\u0131nda d\u0259f\u0259l\u0259rl\u0259 iddialar s\u0259sl\u0259ndiribl\u0259r. Onlar \u00f6z \u00f6lk\u0259sini a\u015fa\u011f\u0131layaraq bel\u0259 prosesin ba\u015f verm\u0259sinin m\u00fcmk\u00fcns\u00fczl\u00fcy\u00fcn\u00fc vur\u011fulay\u0131rd\u0131lar.\u00a0 Musavat.com qeyd edir ki, bunlardan biri d\u0259 jurnalist Sevinc Osmanq\u0131z\u0131d\u0131r. B\u00fct\u00fcn f\u0259aliyy\u0259ti boyunca (son 10 ild\u0259) h\u0259r zaman Az\u0259rbaycan d\u00f6vl\u0259tinin maraqlar\u0131n\u0131n, xalq\u0131n\u00a0m\u0259nafeyinin \u0259leyhin\u0259 ged\u0259n S.Osmanq\u0131z\u0131\u00a0a\u015fa\u011f\u0131da t\u0259qdim ed\u0259c\u0259yimiz videodak\u0131 \u00e7\u0131x\u0131\u015f\u0131n sahibidir. Sevinc Osmanq\u0131z\u0131 v\u0259 dig\u0259r soyda\u015flar\u0131m\u0131z (\u00fcns\u00fcrl\u0259r)&hellip;<\/p>\n","protected":false},"author":2,"featured_media":712274,"comment_status":"closed","ping_status":"closed","sticky":false,"template":"","format":"standard","meta":{"om_disable_all_campaigns":false,"_monsterinsights_skip_tracking":false,"_monsterinsights_sitenote_active":false,"_monsterinsights_sitenote_note":"","_monsterinsights_sitenote_category":0},"categories":[19],"tags":[],"aioseo_notices":[],"gutentor_comment":0,"rttpg_featured_image_url":{"full":["https:\/\/arantv.az\/wp-content\/uploads\/2024\/04\/fdcb7a969ad732d748a323eac37d2593.jpg",870,500,false],"landscape":["https:\/\/arantv.az\/wp-content\/uploads\/2024\/04\/fdcb7a969ad732d748a323eac37d2593.jpg",870,500,false],"portraits":["https:\/\/arantv.az\/wp-content\/uploads\/2024\/04\/fdcb7a969ad732d748a323eac37d2593.jpg",870,500,false],"thumbnail":["https:\/\/arantv.az\/wp-content\/uploads\/2024\/04\/fdcb7a969ad732d748a323eac37d2593-500x280.jpg",500,280,true],"medium":["https:\/\/arantv.az\/wp-content\/uploads\/2024\/04\/fdcb7a969ad732d748a323eac37d2593-635x365.jpg",635,365,true],"large":["https:\/\/arantv.az\/wp-content\/uploads\/2024\/04\/fdcb7a969ad732d748a323eac37d2593-840x483.jpg",640,368,true],"1536x1536":["https:\/\/arantv.az\/wp-content\/uploads\/2024\/04\/fdcb7a969ad732d748a323eac37d2593.jpg",870,500,false],"2048x2048":["https:\/\/arantv.az\/wp-content\/uploads\/2024\/04\/fdcb7a969ad732d748a323eac37d2593.jpg",870,500,false],"post-thumbnail":["https:\/\/arantv.az\/wp-content\/uploads\/2024\/04\/fdcb7a969ad732d748a323eac37d2593-240x172.jpg",240,172,true],"advps-thumb-one":["https:\/\/arantv.az\/wp-content\/uploads\/2024\/04\/fdcb7a969ad732d748a323eac37d2593.jpg",870,500,false]},"rttpg_author":{"display_name":"V\u00fcsal Rafiqo\u011flu","author_link":"https:\/\/arantv.az\/?author=2"},"rttpg_comment":0,"rttpg_category":"<a href=\"https:\/\/arantv.az\/?cat=19\" rel=\"category\">G\u00fcnd\u0259m<\/a>","rttpg_excerpt":"Rusiya s\u00fclhm\u0259raml\u0131 kontingentinin Qaraba\u011f\u0131 t\u0259rk etm\u0259si bir \u00e7oxunun z\u0259h\u0259r v\u0259 nifrinini \u00f6z i\u00e7ind\u0259 bo\u011fmu\u015f oldu. 44 g\u00fcnl\u00fck V\u0259t\u0259n m\u00fcharib\u0259si d\u00f6vr\u00fcnd\u0259, ondan sonrak\u0131 4 ild\u0259 v\u0259 son aylarda daim Az\u0259rbaycan \u0259lehyin\u0259 \u00e7\u0131x\u0131\u015flar ed\u0259n, a\u00e7\u0131qlamalar\u00a0yayan \u00fcns\u00fcr v\u0259 q\u00fcvv\u0259l\u0259r Rusiya s\u00fclhm\u0259raml\u0131lar\u0131n\u0131n Az\u0259rbaycandan \u00e7\u0131xmayaca\u011f\u0131 haqq\u0131nda d\u0259f\u0259l\u0259rl\u0259 iddialar s\u0259sl\u0259ndiribl\u0259r. Onlar \u00f6z \u00f6lk\u0259sini a\u015fa\u011f\u0131layaraq bel\u0259 prosesin ba\u015f verm\u0259sinin m\u00fcmk\u00fcns\u00fczl\u00fcy\u00fcn\u00fc vur\u011fulay\u0131rd\u0131lar.\u00a0 Musavat.com&hellip;","_links":{"self":[{"href":"https:\/\/arantv.az\/index.php?rest_route=\/wp\/v2\/posts\/712273"}],"collection":[{"href":"https:\/\/arantv.az\/index.php?rest_route=\/wp\/v2\/posts"}],"about":[{"href":"https:\/\/arantv.az\/index.php?rest_route=\/wp\/v2\/types\/post"}],"author":[{"embeddable":true,"href":"https:\/\/arantv.az\/index.php?rest_route=\/wp\/v2\/users\/2"}],"replies":[{"embeddable":true,"href":"https:\/\/arantv.az\/index.php?rest_route=%2Fwp%2Fv2%2Fcomments&post=712273"}],"version-history":[{"count":0,"href":"https:\/\/arantv.az\/index.php?rest_route=\/wp\/v2\/posts\/712273\/revisions"}],"wp:featuredmedia":[{"embeddable":true,"href":"https:\/\/arantv.az\/index.php?rest_route=\/wp\/v2\/media\/712274"}],"wp:attachment":[{"href":"https:\/\/arantv.az\/index.php?rest_route=%2Fwp%2Fv2%2Fmedia&parent=712273"}],"wp:term":[{"taxonomy":"category","embeddable":true,"href":"https:\/\/arantv.az\/index.php?rest_route=%2Fwp%2Fv2%2Fcategories&post=712273"},{"taxonomy":"post_tag","embeddable":true,"href":"https:\/\/arantv.az\/index.php?rest_route=%2Fwp%2Fv2%2Ftags&post=712273"}],"curies":[{"name":"wp","href":"https:\/\/api.w.org\/{rel}","templated":true}]}}