{"id":712500,"date":"2024-04-18T10:33:50","date_gmt":"2024-04-18T06:33:50","guid":{"rendered":"https:\/\/arantv.az\/?p=712500"},"modified":"2024-04-18T10:33:50","modified_gmt":"2024-04-18T06:33:50","slug":"az%c9%99rbaycanli-produserin-qizi-x%c9%99rc%c9%99ngd%c9%99n-v%c9%99fat-etdi-foto","status":"publish","type":"post","link":"https:\/\/arantv.az\/?p=712500","title":{"rendered":"Az\u0259rbaycanl\u0131 prod\u00fcserin q\u0131z\u0131 x\u0259r\u00e7\u0259ngd\u0259n v\u0259fat etdi &#8211; FOTO"},"content":{"rendered":"<p>Prod\u00fcser R\u00f6v\u015f\u0259n C\u0259f\u0259rovun q\u0131z\u0131 N\u0259rmin H\u0259s\u0259nli v\u0259fat edib.<\/p>\n<p>Ax\u015fam.az x\u0259b\u0259r verir ki, 31 ya\u015f\u0131 olan N\u0259rmin uzun m\u00fcdd\u0259tdir x\u0259r\u00e7\u0259ngd\u0259n \u0259ziyy\u0259t \u00e7\u0259kirmi\u015f. O, ail\u0259 qurub v\u0259 Almaniyada ya\u015fay\u0131rd\u0131.<\/p>\n<p>V\u0259ziyy\u0259ti pisl\u0259\u015f\u0259n N\u0259rmini Az\u0259rbaycana g\u0259tiribl\u0259r. O, bu g\u00fcn d\u00fcnyas\u0131n\u0131 d\u0259yi\u015fib.<\/p>\n<p>Qeyd ed\u0259k ki, R\u00f6v\u015f\u0259n uzun ill\u0259r m\u0259rhum Xalq artisti S\u0259m\u0259d S\u0259m\u0259dovla \u00e7al\u0131\u015f\u0131b. Haz\u0131rda is\u0259 o, \u018fm\u0259kdar artist Manana \u00c7aparidzenin prod\u00fcseridir.<\/p>\n<p>&nbsp;<\/p>\n<div class=\"gallery\">\n<div class=\"gallery-i\"><img src=\"https:\/\/cdn.oxu.az\/uploads\/W1siZiIsIjIwMjQvMDQvMTgvMTAvMjkvMzUvNmU0ZTRmYTgtOTM0Yy00OTkxLWExZDUtY2JmMTcyYmE4MDdhL3Nob3dwaWNfZWwxMDAgKDIpLmpwZyJdLFsicCIsImVuY29kZSIsImpwZyIsIi1xdWFsaXR5IDgwIl0sWyJwIiwidGh1bWIiLCI1OTB4NTkwXHUwMDNlIl1d?sha=f9c16123d7ac4a80\" alt=\"\" \/><\/p>\n<div class=\"gallery-i-caption\"><\/div>\n<\/div>\n<div class=\"gallery-i\"><img src=\"https:\/\/cdn.oxu.az\/uploads\/W1siZiIsIjIwMjQvMDQvMTgvMTAvMjkvMzUvNzRlOTUyY2ItNWMxZS00ODdhLWFjZTYtZmJmZWRkN2YxYzQwL3Nob3dwaWNfZWwxMDAgKDEpLmpwZyJdLFsicCIsImVuY29kZSIsImpwZyIsIi1xdWFsaXR5IDgwIl0sWyJwIiwidGh1bWIiLCI1OTB4NTkwXHUwMDNlIl1d?sha=a702ed07f4c21f2e\" alt=\"\" \/><\/p>\n<div class=\"gallery-i-caption\"><\/div>\n<\/div>\n<div class=\"gallery-i\"><img src=\"https:\/\/cdn.oxu.az\/uploads\/W1siZiIsIjIwMjQvMDQvMTgvMTAvMjkvMzYvZWUwMzY4NWEtMWU3NC00Nzg3LWEwNTQtNzIzNDA5NzE5OTc5L3Nob3dwaWNfZWwxMDAuanBnIl0sWyJwIiwiZW5jb2RlIiwianBnIiwiLXF1YWxpdHkgODAiXSxbInAiLCJ0aHVtYiIsIjU5MHg1OTBcdTAwM2UiXV0?sha=c8bbcfa70694a705\" alt=\"\" \/><\/div>\n<\/div>\n","protected":false},"excerpt":{"rendered":"<p>Prod\u00fcser R\u00f6v\u015f\u0259n C\u0259f\u0259rovun q\u0131z\u0131 N\u0259rmin H\u0259s\u0259nli v\u0259fat edib. Ax\u015fam.az x\u0259b\u0259r verir ki, 31 ya\u015f\u0131 olan N\u0259rmin uzun m\u00fcdd\u0259tdir x\u0259r\u00e7\u0259ngd\u0259n \u0259ziyy\u0259t \u00e7\u0259kirmi\u015f. O, ail\u0259 qurub v\u0259 Almaniyada ya\u015fay\u0131rd\u0131. V\u0259ziyy\u0259ti pisl\u0259\u015f\u0259n N\u0259rmini Az\u0259rbaycana g\u0259tiribl\u0259r. O, bu g\u00fcn d\u00fcnyas\u0131n\u0131 d\u0259yi\u015fib. Qeyd ed\u0259k ki, R\u00f6v\u015f\u0259n uzun ill\u0259r m\u0259rhum Xalq artisti S\u0259m\u0259d S\u0259m\u0259dovla \u00e7al\u0131\u015f\u0131b. Haz\u0131rda is\u0259 o, \u018fm\u0259kdar artist Manana \u00c7aparidzenin prod\u00fcseridir. &nbsp;<\/p>\n","protected":false},"author":2,"featured_media":712501,"comment_status":"closed","ping_status":"closed","sticky":false,"template":"","format":"standard","meta":{"om_disable_all_campaigns":false,"_monsterinsights_skip_tracking":false,"_monsterinsights_sitenote_active":false,"_monsterinsights_sitenote_note":"","_monsterinsights_sitenote_category":0},"categories":[20],"tags":[],"aioseo_notices":[],"gutentor_comment":0,"rttpg_featured_image_url":{"full":["https:\/\/arantv.az\/wp-content\/uploads\/2024\/04\/FotoJet-42-1.jpg",620,413,false],"landscape":["https:\/\/arantv.az\/wp-content\/uploads\/2024\/04\/FotoJet-42-1.jpg",620,413,false],"portraits":["https:\/\/arantv.az\/wp-content\/uploads\/2024\/04\/FotoJet-42-1.jpg",620,413,false],"thumbnail":["https:\/\/arantv.az\/wp-content\/uploads\/2024\/04\/FotoJet-42-1-500x280.jpg",500,280,true],"medium":["https:\/\/arantv.az\/wp-content\/uploads\/2024\/04\/FotoJet-42-1-548x365.jpg",548,365,true],"large":["https:\/\/arantv.az\/wp-content\/uploads\/2024\/04\/FotoJet-42-1.jpg",620,413,false],"1536x1536":["https:\/\/arantv.az\/wp-content\/uploads\/2024\/04\/FotoJet-42-1.jpg",620,413,false],"2048x2048":["https:\/\/arantv.az\/wp-content\/uploads\/2024\/04\/FotoJet-42-1.jpg",620,413,false],"post-thumbnail":["https:\/\/arantv.az\/wp-content\/uploads\/2024\/04\/FotoJet-42-1-240x172.jpg",240,172,true],"advps-thumb-one":["https:\/\/arantv.az\/wp-content\/uploads\/2024\/04\/FotoJet-42-1.jpg",620,413,false]},"rttpg_author":{"display_name":"V\u00fcsal Rafiqo\u011flu","author_link":"https:\/\/arantv.az\/?author=2"},"rttpg_comment":0,"rttpg_category":"<a href=\"https:\/\/arantv.az\/?cat=20\" rel=\"category\">\u015eou biznes<\/a>","rttpg_excerpt":"Prod\u00fcser R\u00f6v\u015f\u0259n C\u0259f\u0259rovun q\u0131z\u0131 N\u0259rmin H\u0259s\u0259nli v\u0259fat edib. Ax\u015fam.az x\u0259b\u0259r verir ki, 31 ya\u015f\u0131 olan N\u0259rmin uzun m\u00fcdd\u0259tdir x\u0259r\u00e7\u0259ngd\u0259n \u0259ziyy\u0259t \u00e7\u0259kirmi\u015f. O, ail\u0259 qurub v\u0259 Almaniyada ya\u015fay\u0131rd\u0131. V\u0259ziyy\u0259ti pisl\u0259\u015f\u0259n N\u0259rmini Az\u0259rbaycana g\u0259tiribl\u0259r. O, bu g\u00fcn d\u00fcnyas\u0131n\u0131 d\u0259yi\u015fib. Qeyd ed\u0259k ki, R\u00f6v\u015f\u0259n uzun ill\u0259r m\u0259rhum Xalq artisti S\u0259m\u0259d S\u0259m\u0259dovla \u00e7al\u0131\u015f\u0131b. Haz\u0131rda is\u0259 o, \u018fm\u0259kdar artist Manana&hellip;","_links":{"self":[{"href":"https:\/\/arantv.az\/index.php?rest_route=\/wp\/v2\/posts\/712500"}],"collection":[{"href":"https:\/\/arantv.az\/index.php?rest_route=\/wp\/v2\/posts"}],"about":[{"href":"https:\/\/arantv.az\/index.php?rest_route=\/wp\/v2\/types\/post"}],"author":[{"embeddable":true,"href":"https:\/\/arantv.az\/index.php?rest_route=\/wp\/v2\/users\/2"}],"replies":[{"embeddable":true,"href":"https:\/\/arantv.az\/index.php?rest_route=%2Fwp%2Fv2%2Fcomments&post=712500"}],"version-history":[{"count":0,"href":"https:\/\/arantv.az\/index.php?rest_route=\/wp\/v2\/posts\/712500\/revisions"}],"wp:featuredmedia":[{"embeddable":true,"href":"https:\/\/arantv.az\/index.php?rest_route=\/wp\/v2\/media\/712501"}],"wp:attachment":[{"href":"https:\/\/arantv.az\/index.php?rest_route=%2Fwp%2Fv2%2Fmedia&parent=712500"}],"wp:term":[{"taxonomy":"category","embeddable":true,"href":"https:\/\/arantv.az\/index.php?rest_route=%2Fwp%2Fv2%2Fcategories&post=712500"},{"taxonomy":"post_tag","embeddable":true,"href":"https:\/\/arantv.az\/index.php?rest_route=%2Fwp%2Fv2%2Ftags&post=712500"}],"curies":[{"name":"wp","href":"https:\/\/api.w.org\/{rel}","templated":true}]}}