{"id":712511,"date":"2024-04-18T10:41:48","date_gmt":"2024-04-18T06:41:48","guid":{"rendered":"https:\/\/arantv.az\/?p=712511"},"modified":"2024-04-18T10:41:48","modified_gmt":"2024-04-18T06:41:48","slug":"baslibel-q%c9%99tliami-qurbanlarinin-m%c9%99zarlari-ziyar%c9%99t-edildi-fotolar-video","status":"publish","type":"post","link":"https:\/\/arantv.az\/?p=712511","title":{"rendered":"Ba\u015fl\u0131bel q\u0259tliam\u0131 qurbanlar\u0131n\u0131n m\u0259zarlar\u0131 ziyar\u0259t edildi &#8211; FOTOLAR, V\u0130DEO"},"content":{"rendered":"<div class=\"text-content\" data-id=\"\" data-url=\"\">\n<p>18 aprel Ba\u015fl\u0131bel q\u0259tliam\u0131ndan bu g\u00fcn 31 il ke\u00e7ir. Bu m\u00fcnasib\u0259tl\u0259 Ba\u015fl\u0131bel q\u0259tliam\u0131 qurbanlar\u0131n\u0131n ail\u0259 \u00fczvl\u0259rinin, hadis\u0259 \u015fahidl\u0259rinin v\u0259 Ba\u015fl\u0131bel k\u0259ndinin a\u011fsaqqallar\u0131n\u0131n t\u0259msil\u00e7il\u0259rinin q\u0259tliam h\u0259yata ke\u00e7iril\u0259n \u0259razid\u0259 d\u0259fn edilmi\u015f \u015f\u0259hidl\u0259rin m\u0259zarlar\u0131n\u0131 ziyar\u0259ti h\u0259yata ke\u00e7irilib.<\/p>\n<p><b>ARANTV.AZ <\/b>x\u0259b\u0259r verir ki, q\u0259tliam qurbanlar\u0131n\u0131n ail\u0259 \u00fczvl\u0259ri, \u015fahidl\u0259r, k\u0259nd a\u011fsaqqallar\u0131 q\u0259tliam\u0131n ba\u015f verdiyi yerd\u0259 olub v\u0259 \u015f\u0259hidl\u0259rin xatir\u0259sini yad edibl\u0259r, \u015f\u0259hidl\u0259rin ruhuna dualar oxunub.<\/p>\n<p><strong>\u201cBa\u015fl\u0131belin \u0130nki\u015faf\u0131na D\u0259st\u0259k\u201d \u0130ctimai Birliyinin s\u0259dri, Ba\u015fl\u0131bel sakini V\u00fcqar H\u0259\u015fimov \u0259min oldu\u011funu bildirib ki, ziyar\u0259t etdikl\u0259ri bu m\u0259zarlar Erm\u0259nistan\u0131n Az\u0259rbaycana qar\u015f\u0131 t\u00f6r\u0259tdiyi v\u0259h\u015filikl\u0259rin daha bir n\u00fcmun\u0259sidir:<\/strong>\u00a0\u201c1993-c\u00fc ild\u0259 K\u0259lb\u0259c\u0259r rayonu i\u015f\u011fal olunanda k\u0259ndd\u0259n \u00e7\u0131xa bilm\u0259y\u0259n qoca, qad\u0131n, u\u015faq, x\u0259st\u0259 insanlarla yana\u015f\u0131, onlar\u0131 qoruma\u011fa qalxan cavanlar da olub. Onlar g\u0259lib k\u0259ndin \u0259traf\u0131ndak\u0131 kahalara s\u0131\u011f\u0131n\u0131blar. Ancaq c\u0259mi 17 g\u00fcn burada gizl\u0259n\u0259 bilibl\u0259r. K\u0259ndi qar\u0259t\u0259 g\u0259l\u0259n erm\u0259nil\u0259r qayal\u0131qlarda gizl\u0259n\u0259n sakinl\u0259ri tap\u0131b v\u0259 onlar\u0131 \u0259sir g\u00f6t\u00fcr\u00fcb, q\u0259tl\u0259 yetiribl\u0259r. Q\u0131r\u011f\u0131ndan sa\u011f qalanlar is\u0259 113 g\u00fcn da\u011flarda gizl\u0259n\u0259r\u0259k, \u00f6zl\u0259rini qoruyub v\u0259 Da\u015fk\u0259s\u0259n rayonu \u0259razisin\u0259 ke\u00e7\u0259 bilmi\u015fl\u0259r. Bu q\u0259tliam Erm\u0259nistan d\u00f6vl\u0259tinin h\u0259rbi cinay\u0259tidir. Erm\u0259nistan gec-tez Erm\u0259nistana bu c\u00fcr cinay\u0259tl\u0259rin\u0259 g\u00f6r\u0259 beyn\u0259lxalq h\u0259rbi tribunalda cavab ver\u0259c\u0259k. Az\u0259rbaycan d\u00f6vl\u0259ti v\u0259 xalq\u0131 m\u00fcz\u0259ff\u0259r Ali Ba\u015f Komandan \u0130lham \u018fliyevin s\u0259rk\u0259rd\u0259liyi alt\u0131nda b\u00f6y\u00fck q\u0259l\u0259b\u0259l\u0259r\u0259 imza at\u0131b v\u0259 imza atmaqda davam edir. B\u00fct\u00fcn \u0259razil\u0259rimizd\u0259 suverenliyimizi b\u0259rpa etdiyimiz kimi Erm\u0259nistan\u0131n d\u00fcnya \u0259dal\u0259t m\u0259hk\u0259m\u0259l\u0259ri qar\u015f\u0131s\u0131nda cavab verm\u0259sin\u0259 d\u0259 nail olaca\u011f\u0131q\u201d.<\/p>\n<p><strong>Qeyd ed\u0259k ki,<\/strong>\u00a0Erm\u0259nistan Respublikas\u0131n\u0131n az\u0259rbaycanl\u0131lara qar\u015f\u0131 t\u00f6r\u0259tdiyi q\u0259tliamlardan biri 1993-c\u00fc ilin aprelind\u0259 Az\u0259rbaycan\u0131n K\u0259lb\u0259c\u0259r rayonunun Ba\u015fl\u0131bel k\u0259ndind\u0259 h\u0259yata ke\u00e7irilib. Bel\u0259 ki, 1993-c\u00fc ilin aprelind\u0259 K\u0259lb\u0259c\u0259r rayonunun i\u015f\u011fal\u0131 zaman\u0131 do\u011fma torpaqlar\u0131n\u0131 t\u0259rk etm\u0259y\u0259n 62 n\u0259f\u0259r Ba\u015fl\u0131bel sakini (\u0259lav\u0259 olaraq Ba\u015fl\u0131bel\u0259 p\u0259nah g\u0259tir\u0259n 4 n\u0259f\u0259r La\u00e7\u0131n rayon sakini v\u0259 m\u00fchasir\u0259y\u0259 d\u00fc\u015f\u0259n 9 n\u0259f\u0259r \u0259sg\u0259r) k\u0259nd \u0259razisind\u0259ki kahalara s\u0131\u011f\u0131n\u0131blar. Amma Erm\u0259nistan Silahl\u0131 Q\u00fcvv\u0259l\u0259rin\u0259 girov d\u00fc\u015fm\u0259m\u0259k \u00fc\u00e7\u00fcn da\u011flara s\u0131\u011f\u0131nan qoca, qad\u0131n, u\u015faqlar c\u0259mi 16 g\u00fcn gizlind\u0259 qala bilibl\u0259r. 1993-c\u00fc il aprelin 18-d\u0259 erm\u0259ni h\u0259rb\u00e7il\u0259ri qad\u0131n, u\u015faq v\u0259 ya\u015fl\u0131lar\u0131n gizl\u0259ndiyi yeri a\u015fkarlay\u0131blar. Ba\u015fl\u0131belin i\u015f\u011fal\u0131 zaman\u0131 erm\u0259ni quldurlar\u0131 t\u0259r\u0259find\u0259n 27 n\u0259f\u0259r g\u00fcll\u0259l\u0259nib. Erm\u0259nistan h\u0259rb\u00e7il\u0259rinin Ba\u015fl\u0131bel k\u0259ndin\u0259 daxil olduqlar\u0131 05 aprel 1993-c\u00fc ild\u0259n 17 aprel 1993-c\u00fc il tarixin\u0259d\u0259k Ba\u015fl\u0131bel k\u0259ndi \u0259rzisind\u0259 6 n\u0259f\u0259r q\u0259tl\u0259 yetirilib. Bunlardan 3 n\u0259f\u0259ri 68, 98 v\u0259 102 ya\u015fl\u0131 qad\u0131n, 3 n\u0259f\u0259ri is\u0259 53, 72 v\u0259 76 ya\u015fl\u0131 ki\u015fi olub. H\u0259min m\u00fcdd\u0259td\u0259 Ba\u015fl\u0131bel k\u0259ndini t\u0259rk edib xilas olmaq ist\u0259y\u0259n 27, 54, 58, 93 ya\u015fl\u0131 4 qad\u0131n, 38, 64, 65, 79 v\u0259 103 ya\u015fl\u0131 5 n\u0259f\u0259r ki\u015fi K\u0259lb\u0259c\u0259r rayonu \u0259razisind\u0259 g\u00fcll\u0259l\u0259nib. 19 n\u0259f\u0259r k\u0259nd sakini (qad\u0131n, u\u015faq v\u0259 qoca) is\u0259 Erm\u0259nistan h\u0259rb\u00e7il\u0259ri t\u0259r\u0259find\u0259n girov g\u00f6t\u00fcr\u00fcl\u00fcb. Erm\u0259nil\u0259r Ba\u015fl\u0131bel k\u0259ndini i\u015f\u011fal ed\u0259n g\u00fcn II D\u00fcnya M\u00fcharib\u0259si i\u015ftirak\u00e7\u0131s\u0131 olan bir n\u0259f\u0259ri \u2013 H\u00fcseyn H\u00fcseynovu diri-diri yand\u0131r\u0131blar. K\u0259nd sakini Q\u0259na\u0259t A\u011famirovu i\u015fg\u0259nc\u0259 il\u0259 q\u0259tl\u0259 yetiribl\u0259r. 5 n\u0259f\u0259r Ba\u015fl\u0131bel sakini is\u0259 K\u0259lb\u0259c\u0259r rayonunun m\u00fcxt\u0259lif \u0259razil\u0259rind\u0259 girov g\u00f6t\u00fcr\u00fcl\u00fcb.<br \/>\n18 aprel 1993-c\u00fc ild\u0259 erm\u0259ni h\u0259rb\u00e7il\u0259r 62 n\u0259f\u0259rin gizl\u0259ndiyi kahalar\u0131n yerini m\u00fc\u0259yy\u0259n edib v\u0259 \u0259razini m\u00fchasir\u0259y\u0259 alaraq dinc insanlara qar\u015f\u0131 d\u0259h\u015f\u0259tli q\u0259tliam tpr\u0259dibl\u0259r. Aralar\u0131nda 2 n\u0259f\u0259r azya\u015fl\u0131 u\u015faq, 4 n\u0259f\u0259r qad\u0131n, 6 n\u0259f\u0259r ki\u015fi (4 n\u0259f\u0259ri ah\u0131l ya\u015fda) d\u00fc\u015fm\u0259nd\u0259n gizl\u0259ndikl\u0259ri kahalarda g\u00fcll\u0259l\u0259nib q\u0259tl\u0259 yetirilib. S\u0131ralar\u0131nda azya\u015fl\u0131 u\u015faqlar olmaqla 10 n\u0259f\u0259rd\u0259n yuxar\u0131 dinc sakin yaralan\u0131b. El\u0259c\u0259 d\u0259 h\u0259min g\u00fcn 9 n\u0259f\u0259r qad\u0131n, 2 n\u0259f\u0259r azya\u015fl\u0131 u\u015faq, 3 n\u0259f\u0259r ah\u0131l girov g\u00f6t\u00fcr\u00fcl\u00fcb. D\u00fc\u015fm\u0259n g\u00fcll\u0259sind\u0259n can\u0131n\u0131 qurtara bil\u0259n 30 n\u0259f\u0259r is\u0259 yenid\u0259n da\u011flara \u00e7\u0259kilibl\u0259r. H\u0259min \u015f\u0259xsl\u0259rin m\u00fchasir\u0259 h\u0259yat\u0131 113 g\u00fcn \u00e7\u0259kib. M\u00fchasir\u0259d\u0259n \u00e7\u0131xaraq d\u00f6rd sutka piyada yol q\u0259t ed\u0259n 29 n\u0259f\u0259r 1993-c\u00fc il iyulun 22-d\u0259 m\u00fchasir\u0259d\u0259n \u00e7\u0131xa v\u0259 h\u0259yatlar\u0131n\u0131 xilas ed\u0259 bilibl\u0259r. Amma 1 n\u0259f\u0259r &#8211; I v\u0259 II D\u00fcnya M\u00fcharib\u0259si i\u015ftirak\u00e7\u0131s\u0131 \u018fl\u0259sg\u0259r Kaz\u0131mov do\u011fma torpa\u011f\u0131n\u0131 t\u0259rk etm\u0259y\u0259r\u0259k Ba\u015fl\u0131beld\u0259 qal\u0131b. \u018fl\u0259sg\u0259r Kaz\u0131mov bug\u00fcn\u0259d\u0259k itkin say\u0131l\u0131r v\u0259 onun bar\u0259sind\u0259 h\u0259r hans\u0131 bir m\u0259lumat yoxdur.<\/p>\n<p>2020-ci ilin 27 sentyabr\u0131nda ba\u015flanan ikinci Qaraba\u011f m\u00fcharib\u0259si 25 noyabrda K\u0259lb\u0259c\u0259r rayonunun v\u0259 Ba\u015fl\u0131bel k\u0259ndinin d\u0259 i\u015f\u011faldan azad edilm\u0259si il\u0259 n\u0259tic\u0259l\u0259nib. \u0130\u015f\u011faldan azad olunmas\u0131ndan sonra Ba\u015fl\u0131bel k\u0259ndind\u0259 k\u00fctl\u0259vi q\u0259tliam zaman\u0131 q\u0259tl\u0259 yetiril\u0259n 12 n\u0259f\u0259rin c\u0259s\u0259di 2021-ci il aprelin 24-d\u0259 ekskumasiya olunraq Bak\u0131ya \u2013 M\u0259hk\u0259m\u0259 Tibbi Ekspertiza v\u0259 Patoloji Anatomiya Birliyin\u0259 g\u0259tirilib v\u0259 m\u00fcvafiq istintaq h\u0259r\u0259k\u0259tl\u0259ri apar\u0131l\u0131b. Faci\u0259 qurbanlar\u0131n\u0131n meyit qal\u0131qlar\u0131ndan v\u0259 h\u0259min \u015f\u0259xsl\u0259rin ail\u0259 \u00fczvl\u0259rind\u0259n g\u00f6t\u00fcr\u00fclm\u00fc\u015f DNT analizl\u0259rinin, molekulyar-genetik v\u0259 dig\u0259r x\u00fcsusatlar\u0131n ara\u015fd\u0131r\u0131lmas\u0131 \u00fc\u00e7\u00fcn tibbi-kriminalistik ekspertizalar\u0131n n\u0259tic\u0259l\u0259ri onlar\u0131n erm\u0259ni h\u0259rb\u00e7il\u0259ri t\u0259r\u0259find\u0259n g\u00fcll\u0259l\u0259n\u0259r\u0259k q\u0259tl\u0259 yetirildiyini t\u0259sdiql\u0259yib. Faci\u0259 qurbanlar\u0131 2021-ci ilin sentyabr\u0131n 3-d\u0259 m\u00fchasir\u0259d\u0259 qalan k\u0259nd sakinl\u0259rinin d\u0259fn etdikl\u0259ri \u0259razid\u0259 torpa\u011fa tap\u015f\u0131r\u0131l\u0131blar.<\/p>\n<p>H\u0259m\u00e7inin, i\u015f\u011faldan sonra Ba\u015fl\u0131bel k\u0259ndin\u0259 s\u0259f\u0259r ed\u0259n h\u00fcquq-m\u00fchafiz\u0259 orqanlar\u0131n\u0131n \u0259m\u0259kda\u015flar\u0131n\u0131n s\u0259f\u0259ri zaman\u0131 k\u0259ndin tarixi-m\u0259d\u0259ni abid\u0259l\u0259rinin, o c\u00fcml\u0259d\u0259n XVII-XVIII \u0259srin yadigar\u0131 olan m\u0259scidin da\u011f\u0131d\u0131lmas\u0131 m\u00fc\u0259yy\u0259n olunub. K\u0259ndin q\u0259bristanl\u0131\u011f\u0131 erm\u0259ni vandallar\u0131 t\u0259r\u0259find\u0259n da\u011f\u0131d\u0131l\u0131b, m\u0259zarlar\u0131n i\u00e7\u0259risi da\u011f\u0131d\u0131laraq c\u0259s\u0259dl\u0259rin \u00fcz\u0259rind\u0259 olan qiym\u0259tli metallar qar\u0259t edilib.<\/p>\n<p>Az\u0259rbaycan Respublikas\u0131n\u0131n Prezidenti \u0130lham \u018fliyev 24 sentyabr 2021-ci ild\u0259 Birl\u0259\u015fmi\u015f Mill\u0259tl\u0259r T\u0259\u015fkilat\u0131 Ba\u015f Assambleyas\u0131n\u0131n 76-c\u0131 sessiyas\u0131nda \u00e7\u0131x\u0131\u015f\u0131 zaman\u0131 Ba\u015fl\u0131beld\u0259 t\u00f6r\u0259dil\u0259n k\u00fctl\u0259vi q\u0259tli vur\u011fulayaraq d\u00fcnya birliyinin diqq\u0259tini Erm\u0259nistan\u0131n t\u00f6r\u0259tdiyi bu m\u00fcharib\u0259 cinay\u0259tin\u0259 \u00e7\u0259kib.<\/p>\n<p>Ba\u015fl\u0131bel q\u0259tliam\u0131 Erm\u0259nistan Respublikas\u0131n\u0131n dinc az\u0259rbaycanl\u0131lara qar\u015f\u0131 yol verdiyi m\u00fcharib\u0259 cinay\u0259tl\u0259rind\u0259n biridir.<\/p>\n<div id=\"jwplayer_video_1\" class=\"jwplayer jw-reset jw-state-idle jw-skin-seven jw-stretch-uniform jw-breakpoint-4 jw-flag-user-inactive\" tabindex=\"0\">\n<div class=\"jw-controls jw-reset\">\n<div class=\"jw-nextup-container jw-reset\">\n<div class=\"jw-nextup jw-reset\"><button class=\"jw-nextup-close\" aria-label=\"Next Up Close\"><\/button><img class=\"img-responsive\" src=\"https:\/\/cdn.musavat.com\/news\/images\/TURAN%20ORUC\/b194c914-142c-4af4-b1eb-a8d3500ec87d.jpg\" \/><\/div>\n<\/div>\n<\/div>\n<\/div>\n<\/div>\n<div>\n<div class=\"form-group\"><img class=\"img-responsive\" src=\"https:\/\/cdn.musavat.com\/news\/images\/TURAN%20ORUC\/12a5d368-c750-4fda-bb1f-d041348d2ab5.jpg\" \/><\/div>\n<div class=\"form-group\"><img class=\"img-responsive\" src=\"https:\/\/cdn.musavat.com\/news\/images\/TURAN%20ORUC\/75a583e8-a86f-4b59-9270-d5f886b9be71.jpg\" \/><\/div>\n<div class=\"form-group\"><img class=\"img-responsive\" src=\"https:\/\/cdn.musavat.com\/news\/images\/TURAN%20ORUC\/d1f3cce6-8ef7-4434-82a7-129709637427.jpg\" \/><\/div>\n<div class=\"form-group\"><img class=\"img-responsive\" src=\"https:\/\/cdn.musavat.com\/news\/images\/TURAN%20ORUC\/16610608-ffaf-4a08-83bb-c69e7d034a17.jpg\" \/><\/div>\n<\/div>\n","protected":false},"excerpt":{"rendered":"<p>18 aprel Ba\u015fl\u0131bel q\u0259tliam\u0131ndan bu g\u00fcn 31 il ke\u00e7ir. Bu m\u00fcnasib\u0259tl\u0259 Ba\u015fl\u0131bel q\u0259tliam\u0131 qurbanlar\u0131n\u0131n ail\u0259 \u00fczvl\u0259rinin, hadis\u0259 \u015fahidl\u0259rinin v\u0259 Ba\u015fl\u0131bel k\u0259ndinin a\u011fsaqqallar\u0131n\u0131n t\u0259msil\u00e7il\u0259rinin q\u0259tliam h\u0259yata ke\u00e7iril\u0259n \u0259razid\u0259 d\u0259fn edilmi\u015f \u015f\u0259hidl\u0259rin m\u0259zarlar\u0131n\u0131 ziyar\u0259ti h\u0259yata ke\u00e7irilib. ARANTV.AZ x\u0259b\u0259r verir ki, q\u0259tliam qurbanlar\u0131n\u0131n ail\u0259 \u00fczvl\u0259ri, \u015fahidl\u0259r, k\u0259nd a\u011fsaqqallar\u0131 q\u0259tliam\u0131n ba\u015f verdiyi yerd\u0259 olub v\u0259 \u015f\u0259hidl\u0259rin xatir\u0259sini yad edibl\u0259r, \u015f\u0259hidl\u0259rin ruhuna dualar oxunub. \u201cBa\u015fl\u0131belin \u0130nki\u015faf\u0131na D\u0259st\u0259k\u201d \u0130ctimai Birliyinin s\u0259dri, Ba\u015fl\u0131bel sakini V\u00fcqar H\u0259\u015fimov \u0259min oldu\u011funu bildirib ki, ziyar\u0259t etdikl\u0259ri bu m\u0259zarlar Erm\u0259nistan\u0131n Az\u0259rbaycana qar\u015f\u0131 t\u00f6r\u0259tdiyi v\u0259h\u015filikl\u0259rin daha bir n\u00fcmun\u0259sidir:\u00a0\u201c1993-c\u00fc ild\u0259 K\u0259lb\u0259c\u0259r rayonu i\u015f\u011fal olunanda&hellip;<\/p>\n","protected":false},"author":2,"featured_media":712512,"comment_status":"closed","ping_status":"closed","sticky":false,"template":"","format":"standard","meta":{"om_disable_all_campaigns":false,"_monsterinsights_skip_tracking":false,"_monsterinsights_sitenote_active":false,"_monsterinsights_sitenote_note":"","_monsterinsights_sitenote_category":0},"categories":[1],"tags":[],"aioseo_notices":[],"gutentor_comment":0,"rttpg_featured_image_url":{"full":["https:\/\/arantv.az\/wp-content\/uploads\/2024\/04\/52cac916a34faad636f8fb48e27fd6ed.jpg",870,500,false],"landscape":["https:\/\/arantv.az\/wp-content\/uploads\/2024\/04\/52cac916a34faad636f8fb48e27fd6ed.jpg",870,500,false],"portraits":["https:\/\/arantv.az\/wp-content\/uploads\/2024\/04\/52cac916a34faad636f8fb48e27fd6ed.jpg",870,500,false],"thumbnail":["https:\/\/arantv.az\/wp-content\/uploads\/2024\/04\/52cac916a34faad636f8fb48e27fd6ed-500x280.jpg",500,280,true],"medium":["https:\/\/arantv.az\/wp-content\/uploads\/2024\/04\/52cac916a34faad636f8fb48e27fd6ed-635x365.jpg",635,365,true],"large":["https:\/\/arantv.az\/wp-content\/uploads\/2024\/04\/52cac916a34faad636f8fb48e27fd6ed-840x483.jpg",640,368,true],"1536x1536":["https:\/\/arantv.az\/wp-content\/uploads\/2024\/04\/52cac916a34faad636f8fb48e27fd6ed.jpg",870,500,false],"2048x2048":["https:\/\/arantv.az\/wp-content\/uploads\/2024\/04\/52cac916a34faad636f8fb48e27fd6ed.jpg",870,500,false],"post-thumbnail":["https:\/\/arantv.az\/wp-content\/uploads\/2024\/04\/52cac916a34faad636f8fb48e27fd6ed-240x172.jpg",240,172,true],"advps-thumb-one":["https:\/\/arantv.az\/wp-content\/uploads\/2024\/04\/52cac916a34faad636f8fb48e27fd6ed.jpg",870,500,false]},"rttpg_author":{"display_name":"V\u00fcsal Rafiqo\u011flu","author_link":"https:\/\/arantv.az\/?author=2"},"rttpg_comment":0,"rttpg_category":"<a href=\"https:\/\/arantv.az\/?cat=1\" rel=\"category\">C\u0259miyy\u0259t<\/a>","rttpg_excerpt":"18 aprel Ba\u015fl\u0131bel q\u0259tliam\u0131ndan bu g\u00fcn 31 il ke\u00e7ir. Bu m\u00fcnasib\u0259tl\u0259 Ba\u015fl\u0131bel q\u0259tliam\u0131 qurbanlar\u0131n\u0131n ail\u0259 \u00fczvl\u0259rinin, hadis\u0259 \u015fahidl\u0259rinin v\u0259 Ba\u015fl\u0131bel k\u0259ndinin a\u011fsaqqallar\u0131n\u0131n t\u0259msil\u00e7il\u0259rinin q\u0259tliam h\u0259yata ke\u00e7iril\u0259n \u0259razid\u0259 d\u0259fn edilmi\u015f \u015f\u0259hidl\u0259rin m\u0259zarlar\u0131n\u0131 ziyar\u0259ti h\u0259yata ke\u00e7irilib. ARANTV.AZ x\u0259b\u0259r verir ki, q\u0259tliam qurbanlar\u0131n\u0131n ail\u0259 \u00fczvl\u0259ri, \u015fahidl\u0259r, k\u0259nd a\u011fsaqqallar\u0131 q\u0259tliam\u0131n ba\u015f verdiyi yerd\u0259 olub v\u0259 \u015f\u0259hidl\u0259rin xatir\u0259sini yad edibl\u0259r,&hellip;","_links":{"self":[{"href":"https:\/\/arantv.az\/index.php?rest_route=\/wp\/v2\/posts\/712511"}],"collection":[{"href":"https:\/\/arantv.az\/index.php?rest_route=\/wp\/v2\/posts"}],"about":[{"href":"https:\/\/arantv.az\/index.php?rest_route=\/wp\/v2\/types\/post"}],"author":[{"embeddable":true,"href":"https:\/\/arantv.az\/index.php?rest_route=\/wp\/v2\/users\/2"}],"replies":[{"embeddable":true,"href":"https:\/\/arantv.az\/index.php?rest_route=%2Fwp%2Fv2%2Fcomments&post=712511"}],"version-history":[{"count":0,"href":"https:\/\/arantv.az\/index.php?rest_route=\/wp\/v2\/posts\/712511\/revisions"}],"wp:featuredmedia":[{"embeddable":true,"href":"https:\/\/arantv.az\/index.php?rest_route=\/wp\/v2\/media\/712512"}],"wp:attachment":[{"href":"https:\/\/arantv.az\/index.php?rest_route=%2Fwp%2Fv2%2Fmedia&parent=712511"}],"wp:term":[{"taxonomy":"category","embeddable":true,"href":"https:\/\/arantv.az\/index.php?rest_route=%2Fwp%2Fv2%2Fcategories&post=712511"},{"taxonomy":"post_tag","embeddable":true,"href":"https:\/\/arantv.az\/index.php?rest_route=%2Fwp%2Fv2%2Ftags&post=712511"}],"curies":[{"name":"wp","href":"https:\/\/api.w.org\/{rel}","templated":true}]}}