{"id":712573,"date":"2024-04-18T12:31:50","date_gmt":"2024-04-18T08:31:50","guid":{"rendered":"https:\/\/arantv.az\/?p=712573"},"modified":"2024-04-18T12:31:50","modified_gmt":"2024-04-18T08:31:50","slug":"pasinyan-s%c9%99rh%c9%99dl%c9%99rin-delimitasiyasindan-imtina-regionda-g%c9%99rginliy%c9%99-s%c9%99b%c9%99b-olacaq","status":"publish","type":"post","link":"https:\/\/arantv.az\/?p=712573","title":{"rendered":"Pa\u015finyan: \u201cS\u0259rh\u0259dl\u0259rin delimitasiyas\u0131ndan imtina regionda g\u0259rginliy\u0259 s\u0259b\u0259b olacaq\u201d"},"content":{"rendered":"<p>\u201cErm\u0259nistan\u0131n Az\u0259rbaycanla s\u0259rh\u0259dl\u0259rin delimitasiyas\u0131 v\u0259 sonradan demarkasiyas\u0131ndan imtina etm\u0259si C\u0259nubi Qafqazda yeni eskalasiyaya g\u0259tirib \u00e7\u0131xaracaq\u201d.<\/p>\n<p>Bunu Erm\u0259nistan\u0131n ba\u015f naziri Nikol Pa\u015finyan s\u0259rh\u0259dd\u0259 yerl\u0259\u015f\u0259n Tavu\u015f vilay\u0259tinin Kirants k\u0259ndinin sakinl\u0259ri il\u0259 g\u00f6r\u00fc\u015f\u00fcnd\u0259 deyib.<\/p>\n<p>\u201c\u018fg\u0259r biz bu add\u0131mlar\u0131 atmasaq (delimitasiya v\u0259 demarkasiya &#8211; red.), m\u0259n z\u0259man\u0259t verir\u0259m ki, b\u00f6lg\u0259mizd\u0259 daha bir partlay\u0131\u015f ba\u015f ver\u0259c\u0259k\u201d, &#8211; dey\u0259 o qeyd edib.<\/p>\n<p>M\u0259nb\u0259: TASS<\/p>\n","protected":false},"excerpt":{"rendered":"<p>\u201cErm\u0259nistan\u0131n Az\u0259rbaycanla s\u0259rh\u0259dl\u0259rin delimitasiyas\u0131 v\u0259 sonradan demarkasiyas\u0131ndan imtina etm\u0259si C\u0259nubi Qafqazda yeni eskalasiyaya g\u0259tirib \u00e7\u0131xaracaq\u201d. Bunu Erm\u0259nistan\u0131n ba\u015f naziri Nikol Pa\u015finyan s\u0259rh\u0259dd\u0259 yerl\u0259\u015f\u0259n Tavu\u015f vilay\u0259tinin Kirants k\u0259ndinin sakinl\u0259ri il\u0259 g\u00f6r\u00fc\u015f\u00fcnd\u0259 deyib. \u201c\u018fg\u0259r biz bu add\u0131mlar\u0131 atmasaq (delimitasiya v\u0259 demarkasiya &#8211; red.), m\u0259n z\u0259man\u0259t verir\u0259m ki, b\u00f6lg\u0259mizd\u0259 daha bir partlay\u0131\u015f ba\u015f ver\u0259c\u0259k\u201d, &#8211; dey\u0259 o qeyd edib. M\u0259nb\u0259: TASS<\/p>\n","protected":false},"author":2,"featured_media":712574,"comment_status":"closed","ping_status":"closed","sticky":false,"template":"","format":"standard","meta":{"om_disable_all_campaigns":false,"_monsterinsights_skip_tracking":false,"_monsterinsights_sitenote_active":false,"_monsterinsights_sitenote_note":"","_monsterinsights_sitenote_category":0},"categories":[4],"tags":[],"aioseo_notices":[],"gutentor_comment":0,"rttpg_featured_image_url":{"full":["https:\/\/arantv.az\/wp-content\/uploads\/2024\/04\/FotoJet-2024-04-17T112412.857-1.jpg",620,413,false],"landscape":["https:\/\/arantv.az\/wp-content\/uploads\/2024\/04\/FotoJet-2024-04-17T112412.857-1.jpg",620,413,false],"portraits":["https:\/\/arantv.az\/wp-content\/uploads\/2024\/04\/FotoJet-2024-04-17T112412.857-1.jpg",620,413,false],"thumbnail":["https:\/\/arantv.az\/wp-content\/uploads\/2024\/04\/FotoJet-2024-04-17T112412.857-1-500x280.jpg",500,280,true],"medium":["https:\/\/arantv.az\/wp-content\/uploads\/2024\/04\/FotoJet-2024-04-17T112412.857-1-548x365.jpg",548,365,true],"large":["https:\/\/arantv.az\/wp-content\/uploads\/2024\/04\/FotoJet-2024-04-17T112412.857-1.jpg",620,413,false],"1536x1536":["https:\/\/arantv.az\/wp-content\/uploads\/2024\/04\/FotoJet-2024-04-17T112412.857-1.jpg",620,413,false],"2048x2048":["https:\/\/arantv.az\/wp-content\/uploads\/2024\/04\/FotoJet-2024-04-17T112412.857-1.jpg",620,413,false],"post-thumbnail":["https:\/\/arantv.az\/wp-content\/uploads\/2024\/04\/FotoJet-2024-04-17T112412.857-1-240x172.jpg",240,172,true],"advps-thumb-one":["https:\/\/arantv.az\/wp-content\/uploads\/2024\/04\/FotoJet-2024-04-17T112412.857-1.jpg",620,413,false]},"rttpg_author":{"display_name":"V\u00fcsal Rafiqo\u011flu","author_link":"https:\/\/arantv.az\/?author=2"},"rttpg_comment":0,"rttpg_category":"<a href=\"https:\/\/arantv.az\/?cat=4\" rel=\"category\">Siyas\u0259t<\/a>","rttpg_excerpt":"\u201cErm\u0259nistan\u0131n Az\u0259rbaycanla s\u0259rh\u0259dl\u0259rin delimitasiyas\u0131 v\u0259 sonradan demarkasiyas\u0131ndan imtina etm\u0259si C\u0259nubi Qafqazda yeni eskalasiyaya g\u0259tirib \u00e7\u0131xaracaq\u201d. Bunu Erm\u0259nistan\u0131n ba\u015f naziri Nikol Pa\u015finyan s\u0259rh\u0259dd\u0259 yerl\u0259\u015f\u0259n Tavu\u015f vilay\u0259tinin Kirants k\u0259ndinin sakinl\u0259ri il\u0259 g\u00f6r\u00fc\u015f\u00fcnd\u0259 deyib. \u201c\u018fg\u0259r biz bu add\u0131mlar\u0131 atmasaq (delimitasiya v\u0259 demarkasiya &#8211; red.), m\u0259n z\u0259man\u0259t verir\u0259m ki, b\u00f6lg\u0259mizd\u0259 daha bir partlay\u0131\u015f ba\u015f ver\u0259c\u0259k\u201d, &#8211; dey\u0259 o qeyd&hellip;","_links":{"self":[{"href":"https:\/\/arantv.az\/index.php?rest_route=\/wp\/v2\/posts\/712573"}],"collection":[{"href":"https:\/\/arantv.az\/index.php?rest_route=\/wp\/v2\/posts"}],"about":[{"href":"https:\/\/arantv.az\/index.php?rest_route=\/wp\/v2\/types\/post"}],"author":[{"embeddable":true,"href":"https:\/\/arantv.az\/index.php?rest_route=\/wp\/v2\/users\/2"}],"replies":[{"embeddable":true,"href":"https:\/\/arantv.az\/index.php?rest_route=%2Fwp%2Fv2%2Fcomments&post=712573"}],"version-history":[{"count":0,"href":"https:\/\/arantv.az\/index.php?rest_route=\/wp\/v2\/posts\/712573\/revisions"}],"wp:featuredmedia":[{"embeddable":true,"href":"https:\/\/arantv.az\/index.php?rest_route=\/wp\/v2\/media\/712574"}],"wp:attachment":[{"href":"https:\/\/arantv.az\/index.php?rest_route=%2Fwp%2Fv2%2Fmedia&parent=712573"}],"wp:term":[{"taxonomy":"category","embeddable":true,"href":"https:\/\/arantv.az\/index.php?rest_route=%2Fwp%2Fv2%2Fcategories&post=712573"},{"taxonomy":"post_tag","embeddable":true,"href":"https:\/\/arantv.az\/index.php?rest_route=%2Fwp%2Fv2%2Ftags&post=712573"}],"curies":[{"name":"wp","href":"https:\/\/api.w.org\/{rel}","templated":true}]}}