{"id":712583,"date":"2024-04-18T12:34:17","date_gmt":"2024-04-18T08:34:17","guid":{"rendered":"https:\/\/arantv.az\/?p=712583"},"modified":"2024-04-18T12:34:17","modified_gmt":"2024-04-18T08:34:17","slug":"aqem-in-bas-katibi-cop29-da-q%c9%99bul-edil%c9%99c%c9%99k-q%c9%99rarlar-t%c9%99skilat-daxilind%c9%99-inkisaf-ed%c9%99c%c9%99k","status":"publish","type":"post","link":"https:\/\/arantv.az\/?p=712583","title":{"rendered":"AQEM-in ba\u015f katibi: \u201cCOP29-da q\u0259bul edil\u0259c\u0259k q\u0259rarlar t\u0259\u015fkilat daxilind\u0259 inki\u015faf ed\u0259c\u0259k\u201d"},"content":{"rendered":"<p>\u201cCOP29-da q\u0259bul edil\u0259c\u0259k q\u0259rarlar t\u0259\u015fkilat daxilind\u0259 inki\u015faf ed\u0259c\u0259k\u201d.<\/p>\n<p>\u201cReport\u201d x\u0259b\u0259r verir ki, bunu Asiyada Qar\u015f\u0131l\u0131ql\u0131 F\u0259aliyy\u0259t v\u0259 Etimad T\u0259dbirl\u0259ri \u00fczr\u0259 M\u00fc\u015favir\u0259nin (AQEM) ba\u015f katibi Kayrat Sar\u0131bay brifinqd\u0259 deyib.<\/p>\n<p>\u201cAz\u0259rbaycan Prezidenti\u00a0<strong>\u0130lham \u018fliyevin\u00a0<\/strong>t\u0259klifi il\u0259 biz COP29 v\u0259 AQEM \u00e7\u0259r\u00e7iv\u0259sind\u0259 ke\u00e7iril\u0259c\u0259k m\u00fch\u00fcm t\u0259dbir, y\u0259ni Xarici \u0130\u015fl\u0259r Nazirl\u0259ri \u015euras\u0131 aras\u0131nda \u0259m\u0259kda\u015fl\u0131q yarad\u0131lmas\u0131na \u00e7al\u0131\u015faca\u011f\u0131q\u201d, &#8211; dey\u0259 o vur\u011fulay\u0131b.<\/p>\n","protected":false},"excerpt":{"rendered":"<p>\u201cCOP29-da q\u0259bul edil\u0259c\u0259k q\u0259rarlar t\u0259\u015fkilat daxilind\u0259 inki\u015faf ed\u0259c\u0259k\u201d. \u201cReport\u201d x\u0259b\u0259r verir ki, bunu Asiyada Qar\u015f\u0131l\u0131ql\u0131 F\u0259aliyy\u0259t v\u0259 Etimad T\u0259dbirl\u0259ri \u00fczr\u0259 M\u00fc\u015favir\u0259nin (AQEM) ba\u015f katibi Kayrat Sar\u0131bay brifinqd\u0259 deyib. \u201cAz\u0259rbaycan Prezidenti\u00a0\u0130lham \u018fliyevin\u00a0t\u0259klifi il\u0259 biz COP29 v\u0259 AQEM \u00e7\u0259r\u00e7iv\u0259sind\u0259 ke\u00e7iril\u0259c\u0259k m\u00fch\u00fcm t\u0259dbir, y\u0259ni Xarici \u0130\u015fl\u0259r Nazirl\u0259ri \u015euras\u0131 aras\u0131nda \u0259m\u0259kda\u015fl\u0131q yarad\u0131lmas\u0131na \u00e7al\u0131\u015faca\u011f\u0131q\u201d, &#8211; dey\u0259 o vur\u011fulay\u0131b.<\/p>\n","protected":false},"author":2,"featured_media":712584,"comment_status":"closed","ping_status":"closed","sticky":false,"template":"","format":"standard","meta":{"om_disable_all_campaigns":false,"_monsterinsights_skip_tracking":false,"_monsterinsights_sitenote_active":false,"_monsterinsights_sitenote_note":"","_monsterinsights_sitenote_category":0},"categories":[1],"tags":[],"aioseo_notices":[],"gutentor_comment":0,"rttpg_featured_image_url":{"full":["https:\/\/arantv.az\/wp-content\/uploads\/2024\/04\/aa038587-6277-3468-a4fd-4c07326abaa1_850.jpg",620,413,false],"landscape":["https:\/\/arantv.az\/wp-content\/uploads\/2024\/04\/aa038587-6277-3468-a4fd-4c07326abaa1_850.jpg",620,413,false],"portraits":["https:\/\/arantv.az\/wp-content\/uploads\/2024\/04\/aa038587-6277-3468-a4fd-4c07326abaa1_850.jpg",620,413,false],"thumbnail":["https:\/\/arantv.az\/wp-content\/uploads\/2024\/04\/aa038587-6277-3468-a4fd-4c07326abaa1_850-500x280.jpg",500,280,true],"medium":["https:\/\/arantv.az\/wp-content\/uploads\/2024\/04\/aa038587-6277-3468-a4fd-4c07326abaa1_850-548x365.jpg",548,365,true],"large":["https:\/\/arantv.az\/wp-content\/uploads\/2024\/04\/aa038587-6277-3468-a4fd-4c07326abaa1_850.jpg",620,413,false],"1536x1536":["https:\/\/arantv.az\/wp-content\/uploads\/2024\/04\/aa038587-6277-3468-a4fd-4c07326abaa1_850.jpg",620,413,false],"2048x2048":["https:\/\/arantv.az\/wp-content\/uploads\/2024\/04\/aa038587-6277-3468-a4fd-4c07326abaa1_850.jpg",620,413,false],"post-thumbnail":["https:\/\/arantv.az\/wp-content\/uploads\/2024\/04\/aa038587-6277-3468-a4fd-4c07326abaa1_850-240x172.jpg",240,172,true],"advps-thumb-one":["https:\/\/arantv.az\/wp-content\/uploads\/2024\/04\/aa038587-6277-3468-a4fd-4c07326abaa1_850.jpg",620,413,false]},"rttpg_author":{"display_name":"V\u00fcsal Rafiqo\u011flu","author_link":"https:\/\/arantv.az\/?author=2"},"rttpg_comment":0,"rttpg_category":"<a href=\"https:\/\/arantv.az\/?cat=1\" rel=\"category\">C\u0259miyy\u0259t<\/a>","rttpg_excerpt":"\u201cCOP29-da q\u0259bul edil\u0259c\u0259k q\u0259rarlar t\u0259\u015fkilat daxilind\u0259 inki\u015faf ed\u0259c\u0259k\u201d. \u201cReport\u201d x\u0259b\u0259r verir ki, bunu Asiyada Qar\u015f\u0131l\u0131ql\u0131 F\u0259aliyy\u0259t v\u0259 Etimad T\u0259dbirl\u0259ri \u00fczr\u0259 M\u00fc\u015favir\u0259nin (AQEM) ba\u015f katibi Kayrat Sar\u0131bay brifinqd\u0259 deyib. \u201cAz\u0259rbaycan Prezidenti\u00a0\u0130lham \u018fliyevin\u00a0t\u0259klifi il\u0259 biz COP29 v\u0259 AQEM \u00e7\u0259r\u00e7iv\u0259sind\u0259 ke\u00e7iril\u0259c\u0259k m\u00fch\u00fcm t\u0259dbir, y\u0259ni Xarici \u0130\u015fl\u0259r Nazirl\u0259ri \u015euras\u0131 aras\u0131nda \u0259m\u0259kda\u015fl\u0131q yarad\u0131lmas\u0131na \u00e7al\u0131\u015faca\u011f\u0131q\u201d, &#8211; dey\u0259 o vur\u011fulay\u0131b.","_links":{"self":[{"href":"https:\/\/arantv.az\/index.php?rest_route=\/wp\/v2\/posts\/712583"}],"collection":[{"href":"https:\/\/arantv.az\/index.php?rest_route=\/wp\/v2\/posts"}],"about":[{"href":"https:\/\/arantv.az\/index.php?rest_route=\/wp\/v2\/types\/post"}],"author":[{"embeddable":true,"href":"https:\/\/arantv.az\/index.php?rest_route=\/wp\/v2\/users\/2"}],"replies":[{"embeddable":true,"href":"https:\/\/arantv.az\/index.php?rest_route=%2Fwp%2Fv2%2Fcomments&post=712583"}],"version-history":[{"count":0,"href":"https:\/\/arantv.az\/index.php?rest_route=\/wp\/v2\/posts\/712583\/revisions"}],"wp:featuredmedia":[{"embeddable":true,"href":"https:\/\/arantv.az\/index.php?rest_route=\/wp\/v2\/media\/712584"}],"wp:attachment":[{"href":"https:\/\/arantv.az\/index.php?rest_route=%2Fwp%2Fv2%2Fmedia&parent=712583"}],"wp:term":[{"taxonomy":"category","embeddable":true,"href":"https:\/\/arantv.az\/index.php?rest_route=%2Fwp%2Fv2%2Fcategories&post=712583"},{"taxonomy":"post_tag","embeddable":true,"href":"https:\/\/arantv.az\/index.php?rest_route=%2Fwp%2Fv2%2Ftags&post=712583"}],"curies":[{"name":"wp","href":"https:\/\/api.w.org\/{rel}","templated":true}]}}