{"id":712617,"date":"2024-04-18T13:08:11","date_gmt":"2024-04-18T09:08:11","guid":{"rendered":"https:\/\/arantv.az\/?p=712617"},"modified":"2024-04-18T13:08:11","modified_gmt":"2024-04-18T09:08:11","slug":"40-a-yaxin-bagca-mudiri-isd%c9%99n-cixarilib-200-n%c9%99-tohm%c9%99t-verilib-video","status":"publish","type":"post","link":"https:\/\/arantv.az\/?p=712617","title":{"rendered":"40-a yax\u0131n ba\u011f\u00e7a m\u00fcdiri i\u015fd\u0259n \u00e7\u0131xar\u0131l\u0131b: 200-n\u0259 t\u00f6hm\u0259t verilib &#8211; V\u0130DEO"},"content":{"rendered":"<article class=\"news\">\n<div class=\"news-inner\">\n<p>\u201cBu ilin \u00f6t\u0259n d\u00f6vr\u00fcnd\u0259 u\u015faq ba\u011f\u00e7alar\u0131nda apar\u0131lan monitorinq n\u0259tic\u0259sind\u0259 40-a yax\u0131n m\u00fcdir i\u015fd\u0259n \u00e7\u0131xar\u0131l\u0131b\u201d.<\/p>\n<p>\u201cReport\u201d x\u0259b\u0259r verir ki, bunu M\u0259kt\u0259b\u0259q\u0259d\u0259r v\u0259 \u00dcmumi T\u0259hsil \u00fczr\u0259 D\u00f6vl\u0259t Agentliyinin direktoru E\u015fqi Ba\u011f\u0131rov aprelin 18-d\u0259 ke\u00e7iril\u0259n hesabat t\u0259dbirind\u0259 deyib.<\/p>\n<p>Onun s\u00f6zl\u0259rin\u0259 g\u00f6r\u0259, 200-\u0259 yax\u0131n m\u00fcdir\u0259 t\u00f6hm\u0259t, x\u0259b\u0259rdarl\u0131q v\u0259 \u015fidd\u0259tli t\u00f6hm\u0259t verilib.<\/p>\n<p>Direktor qeyd edib ki, monitorinql\u0259r m\u00fct\u0259madi davam ed\u0259c\u0259k.<\/p>\n<div><iframe loading=\"lazy\" title=\"YouTube video player\" src=\"https:\/\/www.youtube.com\/embed\/QAunzeLvjAs?si=stTEgubb-fT-SNFs\" width=\"560\" height=\"315\" frameborder=\"0\" allowfullscreen=\"allowfullscreen\" data-mce-fragment=\"1\"><\/iframe><\/div>\n<\/div>\n<\/article>\n","protected":false},"excerpt":{"rendered":"<p>\u201cBu ilin \u00f6t\u0259n d\u00f6vr\u00fcnd\u0259 u\u015faq ba\u011f\u00e7alar\u0131nda apar\u0131lan monitorinq n\u0259tic\u0259sind\u0259 40-a yax\u0131n m\u00fcdir i\u015fd\u0259n \u00e7\u0131xar\u0131l\u0131b\u201d. \u201cReport\u201d x\u0259b\u0259r verir ki, bunu M\u0259kt\u0259b\u0259q\u0259d\u0259r v\u0259 \u00dcmumi T\u0259hsil \u00fczr\u0259 D\u00f6vl\u0259t Agentliyinin direktoru E\u015fqi Ba\u011f\u0131rov aprelin 18-d\u0259 ke\u00e7iril\u0259n hesabat t\u0259dbirind\u0259 deyib. Onun s\u00f6zl\u0259rin\u0259 g\u00f6r\u0259, 200-\u0259 yax\u0131n m\u00fcdir\u0259 t\u00f6hm\u0259t, x\u0259b\u0259rdarl\u0131q v\u0259 \u015fidd\u0259tli t\u00f6hm\u0259t verilib. Direktor qeyd edib ki, monitorinql\u0259r m\u00fct\u0259madi davam ed\u0259c\u0259k.<\/p>\n","protected":false},"author":2,"featured_media":712618,"comment_status":"closed","ping_status":"closed","sticky":false,"template":"","format":"standard","meta":{"om_disable_all_campaigns":false,"_monsterinsights_skip_tracking":false,"_monsterinsights_sitenote_active":false,"_monsterinsights_sitenote_note":"","_monsterinsights_sitenote_category":0},"categories":[1],"tags":[],"aioseo_notices":[],"gutentor_comment":0,"rttpg_featured_image_url":{"full":["https:\/\/arantv.az\/wp-content\/uploads\/2024\/04\/aliyev_fond_150917_02.jpg",620,413,false],"landscape":["https:\/\/arantv.az\/wp-content\/uploads\/2024\/04\/aliyev_fond_150917_02.jpg",620,413,false],"portraits":["https:\/\/arantv.az\/wp-content\/uploads\/2024\/04\/aliyev_fond_150917_02.jpg",620,413,false],"thumbnail":["https:\/\/arantv.az\/wp-content\/uploads\/2024\/04\/aliyev_fond_150917_02-500x280.jpg",500,280,true],"medium":["https:\/\/arantv.az\/wp-content\/uploads\/2024\/04\/aliyev_fond_150917_02-548x365.jpg",548,365,true],"large":["https:\/\/arantv.az\/wp-content\/uploads\/2024\/04\/aliyev_fond_150917_02.jpg",620,413,false],"1536x1536":["https:\/\/arantv.az\/wp-content\/uploads\/2024\/04\/aliyev_fond_150917_02.jpg",620,413,false],"2048x2048":["https:\/\/arantv.az\/wp-content\/uploads\/2024\/04\/aliyev_fond_150917_02.jpg",620,413,false],"post-thumbnail":["https:\/\/arantv.az\/wp-content\/uploads\/2024\/04\/aliyev_fond_150917_02-240x172.jpg",240,172,true],"advps-thumb-one":["https:\/\/arantv.az\/wp-content\/uploads\/2024\/04\/aliyev_fond_150917_02.jpg",620,413,false]},"rttpg_author":{"display_name":"V\u00fcsal Rafiqo\u011flu","author_link":"https:\/\/arantv.az\/?author=2"},"rttpg_comment":0,"rttpg_category":"<a href=\"https:\/\/arantv.az\/?cat=1\" rel=\"category\">C\u0259miyy\u0259t<\/a>","rttpg_excerpt":"\u201cBu ilin \u00f6t\u0259n d\u00f6vr\u00fcnd\u0259 u\u015faq ba\u011f\u00e7alar\u0131nda apar\u0131lan monitorinq n\u0259tic\u0259sind\u0259 40-a yax\u0131n m\u00fcdir i\u015fd\u0259n \u00e7\u0131xar\u0131l\u0131b\u201d. \u201cReport\u201d x\u0259b\u0259r verir ki, bunu M\u0259kt\u0259b\u0259q\u0259d\u0259r v\u0259 \u00dcmumi T\u0259hsil \u00fczr\u0259 D\u00f6vl\u0259t Agentliyinin direktoru E\u015fqi Ba\u011f\u0131rov aprelin 18-d\u0259 ke\u00e7iril\u0259n hesabat t\u0259dbirind\u0259 deyib. Onun s\u00f6zl\u0259rin\u0259 g\u00f6r\u0259, 200-\u0259 yax\u0131n m\u00fcdir\u0259 t\u00f6hm\u0259t, x\u0259b\u0259rdarl\u0131q v\u0259 \u015fidd\u0259tli t\u00f6hm\u0259t verilib. Direktor qeyd edib ki, monitorinql\u0259r m\u00fct\u0259madi davam ed\u0259c\u0259k.","_links":{"self":[{"href":"https:\/\/arantv.az\/index.php?rest_route=\/wp\/v2\/posts\/712617"}],"collection":[{"href":"https:\/\/arantv.az\/index.php?rest_route=\/wp\/v2\/posts"}],"about":[{"href":"https:\/\/arantv.az\/index.php?rest_route=\/wp\/v2\/types\/post"}],"author":[{"embeddable":true,"href":"https:\/\/arantv.az\/index.php?rest_route=\/wp\/v2\/users\/2"}],"replies":[{"embeddable":true,"href":"https:\/\/arantv.az\/index.php?rest_route=%2Fwp%2Fv2%2Fcomments&post=712617"}],"version-history":[{"count":0,"href":"https:\/\/arantv.az\/index.php?rest_route=\/wp\/v2\/posts\/712617\/revisions"}],"wp:featuredmedia":[{"embeddable":true,"href":"https:\/\/arantv.az\/index.php?rest_route=\/wp\/v2\/media\/712618"}],"wp:attachment":[{"href":"https:\/\/arantv.az\/index.php?rest_route=%2Fwp%2Fv2%2Fmedia&parent=712617"}],"wp:term":[{"taxonomy":"category","embeddable":true,"href":"https:\/\/arantv.az\/index.php?rest_route=%2Fwp%2Fv2%2Fcategories&post=712617"},{"taxonomy":"post_tag","embeddable":true,"href":"https:\/\/arantv.az\/index.php?rest_route=%2Fwp%2Fv2%2Ftags&post=712617"}],"curies":[{"name":"wp","href":"https:\/\/api.w.org\/{rel}","templated":true}]}}