{"id":712627,"date":"2024-04-18T13:10:48","date_gmt":"2024-04-18T09:10:48","guid":{"rendered":"https:\/\/arantv.az\/?p=712627"},"modified":"2024-04-18T13:10:48","modified_gmt":"2024-04-18T09:10:48","slug":"bu-il-i-sinifl%c9%99r%c9%99-q%c9%99bulda-hansi-yenilikl%c9%99r-t%c9%99tbiq-edil%c9%99c%c9%99k-r%c9%99smi-aciqlama","status":"publish","type":"post","link":"https:\/\/arantv.az\/?p=712627","title":{"rendered":"Bu il I sinifl\u0259r\u0259 q\u0259bulda hans\u0131 yenilikl\u0259r t\u0259tbiq edil\u0259c\u0259k? &#8211; R\u018fSM\u0130 A\u00c7IQLAMA"},"content":{"rendered":"<p>\u201cBu il I sinifl\u0259r\u0259 q\u0259bulla ba\u011fl\u0131 bir s\u0131ra yenilikl\u0259rin t\u0259tbiqi n\u0259z\u0259rd\u0259 tutulub\u201d.<\/p>\n<p>\u201cReport\u201d\u00a0x\u0259b\u0259r verir ki, bunu M\u0259kt\u0259b\u0259q\u0259d\u0259r v\u0259 \u00dcmumi T\u0259hsil \u00fczr\u0259 D\u00f6vl\u0259t Agentliyinin direktoru E\u015fqi Ba\u011f\u0131rov aprelin 18-d\u0259 ke\u00e7iril\u0259n hesabat t\u0259dbirind\u0259 deyib.<\/p>\n<p>O, h\u0259min yenilikl\u0259rin a\u015fa\u011f\u0131dak\u0131lardan ibar\u0259t oldu\u011funu a\u00e7\u0131qlay\u0131b:<\/p>\n<p>\u201cBu il valideynl\u0259r \u00f6lk\u0259 \u00fczr\u0259 prioritet (\u00fcst\u00fcnl\u00fck h\u00fcququ) t\u0259tbiq olunan b\u00fct\u00fcn \u00fcmumi t\u0259hsil m\u00fc\u0259ssis\u0259l\u0259ri, prioritetin t\u0259tbiq olunaca\u011f\u0131 tarix v\u0259 saat haqq\u0131nda proses ba\u015flamadan \u00f6nc\u0259 m\u0259lumat \u0259ld\u0259 ed\u0259 bil\u0259c\u0259kl\u0259r. Valideynl\u0259r (qanuni n\u00fcmay\u0259nd\u0259)\u00a0<a href=\"https:\/\/baku.edu.gov.az\/az\/page\/333\/7169\" target=\"_blank\" rel=\"noopener\">https:\/\/baku.edu.gov.az\/az\/page\/333\/7169<\/a>\u00a0linkin\u0259 daxil olaraq, Bak\u0131 \u015f\u0259h\u0259rind\u0259 yerl\u0259\u015f\u0259n \u00fcmumi t\u0259hsil m\u00fc\u0259ssis\u0259l\u0259ri v\u0259 h\u0259min t\u0259hsil m\u00fc\u0259ssis\u0259l\u0259rinin m\u00fc\u0259yy\u0259n edilmi\u015f mikro\u0259razil\u0259ri haqq\u0131nda m\u0259lumat \u0259ld\u0259 ed\u0259 bil\u0259r.<\/p>\n<p>Eyni zamanda bildiririk ki, 1 may tarixind\u0259n valideynl\u0259r mektebeqebul.edu.az sayt\u0131nda yaratd\u0131qlar\u0131 \u015f\u0259xsi kabinetin \u201c\u0259razi yoxlan\u0131\u015f\u0131\u201d b\u00f6lm\u0259sind\u0259 \u201cAz\u0259ri\u015f\u0131q\u201d ASC-nin abun\u0259 kodunu yazaraq h\u0259min \u0259raziy\u0259 uy\u011fun g\u0259l\u0259n m\u0259kt\u0259bl\u0259r haqq\u0131nda m\u0259lumat \u0259ld\u0259 ed\u0259 bil\u0259c\u0259kl\u0259r. M\u0259skunla\u015fma s\u0131x olan \u0259razil\u0259rd\u0259 prioritetl\u0259rin t\u0259tbiqi valideynl\u0259rin m\u0259kt\u0259b se\u00e7imini asanla\u015fd\u0131r\u0131r.<\/p>\n<p>Bundan ba\u015fqa, Bak\u0131 Avropa liseyi, Respublika \u0130nc\u0259s\u0259n\u0259t Gimnaziyas\u0131 v\u0259 B\u00fclb\u00fcl ad\u0131na Orta \u0130xtisas Musiqi M\u0259kt\u0259binin m\u00fcsabiq\u0259sind\u0259 i\u015ftirak etm\u0259k \u00fc\u00e7\u00fcn \u00f6vladlar\u0131n\u0131 qeydiyyatdan ke\u00e7ir\u0259n valideynl\u0259r, eyni zamanda, \u00fcst\u00fcnl\u00fck h\u00fcququ \u0259sas\u0131nda, yaxud s\u0259rb\u0259st formada dig\u0259r \u00fcmumi t\u0259hsil m\u00fc\u0259ssis\u0259sini se\u00e7ib sor\u011fu yerl\u0259\u015fdir\u0259 bil\u0259r. M\u00fcsabiq\u0259d\u0259 u\u011fur qazand\u0131\u011f\u0131 halda, valideynin dig\u0259r \u00fcmumi t\u0259hsil m\u00fc\u0259ssis\u0259sind\u0259 olan sor\u011fusu avtomatik olaraq silin\u0259c\u0259k\u201d.<\/p>\n","protected":false},"excerpt":{"rendered":"<p>\u201cBu il I sinifl\u0259r\u0259 q\u0259bulla ba\u011fl\u0131 bir s\u0131ra yenilikl\u0259rin t\u0259tbiqi n\u0259z\u0259rd\u0259 tutulub\u201d. \u201cReport\u201d\u00a0x\u0259b\u0259r verir ki, bunu M\u0259kt\u0259b\u0259q\u0259d\u0259r v\u0259 \u00dcmumi T\u0259hsil \u00fczr\u0259 D\u00f6vl\u0259t Agentliyinin direktoru E\u015fqi Ba\u011f\u0131rov aprelin 18-d\u0259 ke\u00e7iril\u0259n hesabat t\u0259dbirind\u0259 deyib. O, h\u0259min yenilikl\u0259rin a\u015fa\u011f\u0131dak\u0131lardan ibar\u0259t oldu\u011funu a\u00e7\u0131qlay\u0131b: \u201cBu il valideynl\u0259r \u00f6lk\u0259 \u00fczr\u0259 prioritet (\u00fcst\u00fcnl\u00fck h\u00fcququ) t\u0259tbiq olunan b\u00fct\u00fcn \u00fcmumi t\u0259hsil m\u00fc\u0259ssis\u0259l\u0259ri, prioritetin t\u0259tbiq olunaca\u011f\u0131 tarix v\u0259 saat haqq\u0131nda proses ba\u015flamadan \u00f6nc\u0259 m\u0259lumat \u0259ld\u0259 ed\u0259 bil\u0259c\u0259kl\u0259r. Valideynl\u0259r (qanuni n\u00fcmay\u0259nd\u0259)\u00a0https:\/\/baku.edu.gov.az\/az\/page\/333\/7169\u00a0linkin\u0259 daxil olaraq, Bak\u0131 \u015f\u0259h\u0259rind\u0259 yerl\u0259\u015f\u0259n \u00fcmumi t\u0259hsil m\u00fc\u0259ssis\u0259l\u0259ri v\u0259 h\u0259min t\u0259hsil m\u00fc\u0259ssis\u0259l\u0259rinin m\u00fc\u0259yy\u0259n edilmi\u015f mikro\u0259razil\u0259ri haqq\u0131nda m\u0259lumat \u0259ld\u0259 ed\u0259 bil\u0259r.&hellip;<\/p>\n","protected":false},"author":2,"featured_media":712628,"comment_status":"closed","ping_status":"closed","sticky":false,"template":"","format":"standard","meta":{"om_disable_all_campaigns":false,"_monsterinsights_skip_tracking":false,"_monsterinsights_sitenote_active":false,"_monsterinsights_sitenote_note":"","_monsterinsights_sitenote_category":0},"categories":[1],"tags":[],"aioseo_notices":[],"gutentor_comment":0,"rttpg_featured_image_url":{"full":["https:\/\/arantv.az\/wp-content\/uploads\/2024\/04\/mektebsagird-620x403-1.jpg",620,403,false],"landscape":["https:\/\/arantv.az\/wp-content\/uploads\/2024\/04\/mektebsagird-620x403-1.jpg",620,403,false],"portraits":["https:\/\/arantv.az\/wp-content\/uploads\/2024\/04\/mektebsagird-620x403-1.jpg",620,403,false],"thumbnail":["https:\/\/arantv.az\/wp-content\/uploads\/2024\/04\/mektebsagird-620x403-1-500x280.jpg",500,280,true],"medium":["https:\/\/arantv.az\/wp-content\/uploads\/2024\/04\/mektebsagird-620x403-1-562x365.jpg",562,365,true],"large":["https:\/\/arantv.az\/wp-content\/uploads\/2024\/04\/mektebsagird-620x403-1.jpg",620,403,false],"1536x1536":["https:\/\/arantv.az\/wp-content\/uploads\/2024\/04\/mektebsagird-620x403-1.jpg",620,403,false],"2048x2048":["https:\/\/arantv.az\/wp-content\/uploads\/2024\/04\/mektebsagird-620x403-1.jpg",620,403,false],"post-thumbnail":["https:\/\/arantv.az\/wp-content\/uploads\/2024\/04\/mektebsagird-620x403-1-240x172.jpg",240,172,true],"advps-thumb-one":["https:\/\/arantv.az\/wp-content\/uploads\/2024\/04\/mektebsagird-620x403-1.jpg",620,403,false]},"rttpg_author":{"display_name":"V\u00fcsal Rafiqo\u011flu","author_link":"https:\/\/arantv.az\/?author=2"},"rttpg_comment":0,"rttpg_category":"<a href=\"https:\/\/arantv.az\/?cat=1\" rel=\"category\">C\u0259miyy\u0259t<\/a>","rttpg_excerpt":"\u201cBu il I sinifl\u0259r\u0259 q\u0259bulla ba\u011fl\u0131 bir s\u0131ra yenilikl\u0259rin t\u0259tbiqi n\u0259z\u0259rd\u0259 tutulub\u201d. \u201cReport\u201d\u00a0x\u0259b\u0259r verir ki, bunu M\u0259kt\u0259b\u0259q\u0259d\u0259r v\u0259 \u00dcmumi T\u0259hsil \u00fczr\u0259 D\u00f6vl\u0259t Agentliyinin direktoru E\u015fqi Ba\u011f\u0131rov aprelin 18-d\u0259 ke\u00e7iril\u0259n hesabat t\u0259dbirind\u0259 deyib. O, h\u0259min yenilikl\u0259rin a\u015fa\u011f\u0131dak\u0131lardan ibar\u0259t oldu\u011funu a\u00e7\u0131qlay\u0131b: \u201cBu il valideynl\u0259r \u00f6lk\u0259 \u00fczr\u0259 prioritet (\u00fcst\u00fcnl\u00fck h\u00fcququ) t\u0259tbiq olunan b\u00fct\u00fcn \u00fcmumi t\u0259hsil m\u00fc\u0259ssis\u0259l\u0259ri, prioritetin t\u0259tbiq&hellip;","_links":{"self":[{"href":"https:\/\/arantv.az\/index.php?rest_route=\/wp\/v2\/posts\/712627"}],"collection":[{"href":"https:\/\/arantv.az\/index.php?rest_route=\/wp\/v2\/posts"}],"about":[{"href":"https:\/\/arantv.az\/index.php?rest_route=\/wp\/v2\/types\/post"}],"author":[{"embeddable":true,"href":"https:\/\/arantv.az\/index.php?rest_route=\/wp\/v2\/users\/2"}],"replies":[{"embeddable":true,"href":"https:\/\/arantv.az\/index.php?rest_route=%2Fwp%2Fv2%2Fcomments&post=712627"}],"version-history":[{"count":0,"href":"https:\/\/arantv.az\/index.php?rest_route=\/wp\/v2\/posts\/712627\/revisions"}],"wp:featuredmedia":[{"embeddable":true,"href":"https:\/\/arantv.az\/index.php?rest_route=\/wp\/v2\/media\/712628"}],"wp:attachment":[{"href":"https:\/\/arantv.az\/index.php?rest_route=%2Fwp%2Fv2%2Fmedia&parent=712627"}],"wp:term":[{"taxonomy":"category","embeddable":true,"href":"https:\/\/arantv.az\/index.php?rest_route=%2Fwp%2Fv2%2Fcategories&post=712627"},{"taxonomy":"post_tag","embeddable":true,"href":"https:\/\/arantv.az\/index.php?rest_route=%2Fwp%2Fv2%2Ftags&post=712627"}],"curies":[{"name":"wp","href":"https:\/\/api.w.org\/{rel}","templated":true}]}}