{"id":712809,"date":"2024-04-18T20:21:58","date_gmt":"2024-04-18T16:21:58","guid":{"rendered":"https:\/\/arantv.az\/?p=712809"},"modified":"2024-04-18T20:21:58","modified_gmt":"2024-04-18T16:21:58","slug":"rusiya-sulhm%c9%99ramlilarina-vida-erm%c9%99nistan-yeni-s%c9%99raiti-nec%c9%99-d%c9%99y%c9%99rl%c9%99ndir%c9%99c%c9%99k-foto","status":"publish","type":"post","link":"https:\/\/arantv.az\/?p=712809","title":{"rendered":"Rusiya s\u00fclhm\u0259raml\u0131lar\u0131na vida: Erm\u0259nistan yeni \u015f\u0259raiti nec\u0259 d\u0259y\u0259rl\u0259ndir\u0259c\u0259k? &#8211; FOTO"},"content":{"rendered":"<p>Son g\u00fcnl\u0259r\u0259 q\u0259d\u0259r Az\u0259rbaycan c\u0259miyy\u0259tini d\u00fc\u015f\u00fcnd\u00fcr\u0259n \u0259sas suallardan biri Qaraba\u011fdak\u0131 Rusiya s\u00fclhm\u0259raml\u0131 kontingentin b\u00f6lg\u0259d\u0259ki m\u00f6vcudlu\u011funun g\u0259l\u0259c\u0259yi il\u0259 ba\u011fl\u0131 idi. Xat\u0131rladaq ki, Rusiya h\u0259rb\u00e7il\u0259ri 2020-ci ild\u0259 ba\u015f ver\u0259n \u0130kinci Qaraba\u011f m\u00fcharib\u0259sind\u0259n sonra h\u0259min il noyabr\u0131n 10-da imzalanm\u0131\u015f m\u0259lum \u00fc\u00e7t\u0259r\u0259fli b\u0259yanata uy\u011fun olaraq, regionda at\u0259\u015fk\u0259s\u0259 n\u0259zar\u0259t etm\u0259k m\u0259qs\u0259dil\u0259 s\u00fclhm\u0259raml\u0131 qismind\u0259 Az\u0259rbaycan\u0131n Qaraba\u011f b\u00f6lg\u0259sin\u0259 yerl\u0259\u015fdirilmi\u015fdi. Vur\u011fulanan s\u0259n\u0259d\u0259 \u0259sas\u0259n, Rusiya s\u00fclhm\u0259raml\u0131lar\u0131n\u0131n b\u00f6lg\u0259d\u0259 m\u00f6vcudlu\u011fu be\u015f il m\u00fcdd\u0259tin\u0259 &#8211; 2025-ci ilin sonlar\u0131na q\u0259d\u0259r n\u0259z\u0259rd\u0259 tutulurdu. Kontingent\u0259 at\u0131c\u0131 silahlarla t\u0259chiz edilmi\u015f 1960 h\u0259rbi qulluq\u00e7u, 90 zirehli n\u0259qliyyat vasit\u0259si, 380 \u0259d\u0259d avtomobil v\u0259 x\u00fcsusi texnikalar daxil idi. Missiyan\u0131n regiondak\u0131 f\u0259aliyy\u0259t m\u00fcdd\u0259tinin uzad\u0131lmas\u0131 2025-ci ild\u0259 m\u00fczakir\u0259 oluna bil\u0259rdi.<\/p>\n<p>Bununla bel\u0259, son g\u00fcnl\u0259rd\u0259 c\u0259r\u0259yan ed\u0259n prosesl\u0259r Rusiya s\u00fclhm\u0259raml\u0131 kontingentinin \u00f6z missiyas\u0131n\u0131 vaxt\u0131ndan \u0259vv\u0259l ba\u015fa vuraca\u011f\u0131na q\u0259ti \u0259minlik yaratd\u0131. Rusiya h\u0259rb\u00e7il\u0259rinin m\u00fc\u0259yy\u0259n edilmi\u015f m\u0259suliyy\u0259t zonalar\u0131n\u0131 t\u0259rk etm\u0259l\u0259rin\u0259 dair m\u0259lumatlar\u0131n yay\u0131lmas\u0131ndan sonra Kreml s\u00f6z\u00e7\u00fcs\u00fc Dmitri Peskov aprelin 17-d\u0259 bildirdi ki, s\u00fclhm\u0259raml\u0131 kontingentin Az\u0259rbaycan\u0131n Qaraba\u011f regionundan \u00e7\u0131xar\u0131lmas\u0131 prosesi ba\u015flay\u0131b.<\/p>\n<p>D\u00fcn\u0259n Az\u0259rbaycan Prezidentinin Administrasiyas\u0131n\u0131n Xarici siyas\u0259t m\u0259s\u0259l\u0259l\u0259ri \u015f\u00f6b\u0259sinin m\u00fcdiri Hikm\u0259t Hac\u0131yev d\u0259 bu m\u0259s\u0259l\u0259 bar\u0259d\u0259 dan\u0131\u015faraq qeyd etdi ki, Rusiya s\u00fclhm\u0259raml\u0131lar\u0131n\u0131n Az\u0259rbaycan \u0259razisind\u0259n vaxt\u0131ndan \u0259vv\u0259l \u00e7\u0131xar\u0131lmas\u0131 bar\u0259d\u0259 h\u0259r iki \u00f6lk\u0259nin ali r\u0259hb\u0259rliyi s\u0259viyy\u0259sind\u0259 q\u0259rar q\u0259bul edilib. H.Hac\u0131yevin s\u00f6zl\u0259rin\u0259 g\u00f6r\u0259, Az\u0259rbaycan v\u0259 Rusiya M\u00fcdafi\u0259 nazirlikl\u0259ri h\u0259min q\u0259rar\u0131n icras\u0131 il\u0259 ba\u011fl\u0131 m\u00fcvafiq t\u0259dbirl\u0259ri h\u0259yata ke\u00e7irirl\u0259r.<\/p>\n<p><img src=\"https:\/\/cdn.oxu.az\/uploads\/W1siZiIsIjIwMjQvMDQvMTgvMTcvNTAvNDQvZDFhNDMwYmItMDhmZC00NDY5LWE4NGUtZTgwNWMwMTkxYjBhLzI5YWY5YTBlLTQxZmQtMzQxYy05ODAwLTI5NGJjMzY2NjFlZiAoMSkuanBnIl0sWyJwIiwiZW5jb2RlIiwianBnIiwiLXF1YWxpdHkgODAiXSxbInAiLCJ0aHVtYiIsIjU5MHg1OTBcdTAwM2UiXV0?sha=6498c369166f104c\" alt=\"\" \/><\/p>\n<p>\u018fslind\u0259, s\u00fclhm\u0259raml\u0131lar\u0131n Qaraba\u011fdan \u00e7\u0131xar\u0131lmas\u0131 m\u0259s\u0259l\u0259si g\u00f6zl\u0259nil\u0259n idi. Birincisi, ona g\u00f6r\u0259 ki, art\u0131q Qaraba\u011fla ba\u011fl\u0131 hans\u0131sa sual v\u0259 ya yeni eskalasiyaya z\u0259min yaradan t\u0259hdid yoxdur. Az\u0259rbaycan 2023-c\u00fc ilin sentyabr\u0131nda ke\u00e7irdiyi antiterror t\u0259dbirl\u0259ri n\u0259tic\u0259sind\u0259 terror\u00e7ular\u0131 b\u00f6lg\u0259d\u0259n bird\u0259f\u0259lik t\u0259mizl\u0259di. Bel\u0259likl\u0259, Qaraba\u011f b\u00f6lg\u0259sind\u0259 Az\u0259rbaycan\u0131n suverenliyi tam b\u0259rpa olundu.<\/p>\n<p>H\u0259min antiterror \u0259m\u0259liyyatlar\u0131na q\u0259d\u0259r Qaraba\u011fdak\u0131 separat\u00e7\u0131 rejimin b\u00f6lg\u0259d\u0259ki sabitlik \u00fc\u00e7\u00fcn m\u00fc\u0259yy\u0259n t\u0259hdid yaratmas\u0131 m\u00fcmk\u00fcn idi. \u0130ndi is\u0259 bel\u0259 bir t\u0259hl\u00fck\u0259 yoxdur. Bu is\u0259 o dem\u0259kdir ki, art\u0131q b\u00f6lg\u0259d\u0259 sabitliyin t\u0259min olunmas\u0131 \u00fc\u00e7\u00fcn \u00fc\u00e7\u00fcnc\u00fc q\u00fcvv\u0259nin i\u015ftirak\u0131na, o c\u00fcml\u0259d\u0259n, Rusiya s\u00fclhm\u0259raml\u0131 kontingentin\u0259 ehtiyac qalmay\u0131b.<\/p>\n<p>Dig\u0259r t\u0259r\u0259fd\u0259n, d\u00fc\u015f\u00fcnm\u0259k olar ki, Rusiyan\u0131n bu q\u0259rar\u0131 h\u0259m d\u0259 Ukraynada davam ed\u0259n m\u00fcharib\u0259 il\u0259 ba\u011fl\u0131d\u0131r. Bel\u0259 ki, missiyaya daxil olan h\u0259rb\u00e7il\u0259rin g\u0259l\u0259c\u0259kd\u0259 Ukrayna c\u0259bh\u0259sin\u0259 g\u00f6nd\u0259ril\u0259c\u0259yi istisna deyil. Bundan ba\u015fqa, Erm\u0259nistanla Rusiya aras\u0131nda davam ed\u0259n g\u0259rginliyin d\u0259 bu q\u0259rara t\u0259sir etm\u0259si m\u00fcmk\u00fcnd\u00fcr.<\/p>\n<p><img src=\"https:\/\/cdn.oxu.az\/uploads\/W1siZiIsIjIwMjQvMDQvMTgvMTcvNTAvNDQvOWE0MzdkOTktZjE2Yy00YTc4LTkxZmUtMzVjYjAwM2FmODJlLzNiZWJiYWFhLWY1ZmMtMzI3YS04ZThlLTE3MDI0MTZkNDMyYi5qcGciXSxbInAiLCJlbmNvZGUiLCJqcGciLCItcXVhbGl0eSA4MCJdLFsicCIsInRodW1iIiwiNTkweDU5MFx1MDAzZSJdXQ?sha=bc0b6faf3c1121d8\" alt=\"\" \/><\/p>\n<p>Qeyd olunan \u00e7\u0259r\u00e7iv\u0259d\u0259 \u0259n vacib m\u0259s\u0259l\u0259 is\u0259 odur ki, bu, Az\u0259rbaycan Prezidenti\u00a0<strong>\u0130lham \u018fliyevin<\/strong>\u00a0m\u0259qs\u0259dy\u00f6nl\u00fc siyas\u0259tinin m\u0259ntiqi n\u0259tic\u0259si, r\u0259smi Bak\u0131n\u0131n n\u00f6vb\u0259ti diplomatik u\u011furudur. B\u0259z\u0259n bu m\u0259s\u0259l\u0259 x\u00fcsusi qabard\u0131lmasa bel\u0259, r\u0259smi Bak\u0131 s\u00fclhm\u0259raml\u0131lar\u0131n f\u0259aliyy\u0259tini daim diqq\u0259t m\u0259rk\u0259zind\u0259 saxlay\u0131b.<\/p>\n<p>Rusiya s\u00fclhm\u0259raml\u0131lar\u0131n\u0131n Qaraba\u011fdan \u00e7\u0131xar\u0131lmas\u0131na ba\u015flan\u0131lmas\u0131 Moskva il\u0259 Bak\u0131 aras\u0131nda m\u00fcnasib\u0259tl\u0259rd\u0259 d\u0259 yeni m\u0259rh\u0259l\u0259nin ba\u015flan\u011f\u0131c\u0131 kimi qiym\u0259tl\u0259ndiril\u0259 bil\u0259r. \u00c7\u00fcnki dediyimiz kimi, Rusiya h\u0259rbi kontingentinin Az\u0259rbaycan \u0259razil\u0259rind\u0259ki missiyas\u0131 ikit\u0259r\u0259fli m\u00fcnasib\u0259tl\u0259rd\u0259 m\u00fc\u0259yy\u0259n suallar, t\u0259r\u0259dd\u00fcdl\u0259r yarad\u0131rd\u0131. \u0130ndi is\u0259 bu t\u0259r\u0259dd\u00fcdl\u0259rin art\u0131q aradan qalxd\u0131\u011f\u0131n\u0131 s\u00f6yl\u0259m\u0259k olar.<\/p>\n<p>\u00dcmumiyy\u0259tl\u0259, Rusiya h\u0259rbi kontingentinin Qaraba\u011fdan \u00e7\u0131xar\u0131lmas\u0131 b\u00f6lg\u0259d\u0259 yeni reall\u0131qlar yarad\u0131r. T\u0259sad\u00fcfi deyil ki, bu m\u0259s\u0259l\u0259 d\u00fcn\u0259nd\u0259n b\u0259ri beyn\u0259lxalq s\u0259viyy\u0259d\u0259 d\u0259 geni\u015f m\u00fczakir\u0259 m\u00f6vzusuna \u00e7evrilib.<\/p>\n<p>M\u0259s\u0259l\u0259n, AB\u015e D\u00f6vl\u0259t Departamentinin m\u0259tbuat katibinin m\u00fcavini Vedant Patel aprelin 17-d\u0259 ke\u00e7irdiyi brifinqd\u0259 dedi ki, Va\u015finqton Rusiya h\u0259rb\u00e7il\u0259rinin C\u0259nubi Qafqazda sabitliy\u0259 t\u00f6hf\u0259 ver\u0259n f\u0259aliyy\u0259tini g\u00f6rm\u0259yib.<\/p>\n<p><img src=\"https:\/\/cdn.oxu.az\/uploads\/W1siZiIsIjIwMjQvMDQvMTgvMTcvNTAvNDQvNzk1N2QwNzgtZmI2NC00ZmZkLTg2YzgtZThmZGMyNzQxZjc5L2YyMDY2ZTYxLWVhOGEtMzgwYS05ZmEzLTU3ZWJhYTc4Y2FmZi5qcGVnIl0sWyJwIiwiZW5jb2RlIiwianBnIiwiLXF1YWxpdHkgODAiXSxbInAiLCJ0aHVtYiIsIjU5MHg1OTBcdTAwM2UiXV0?sha=7415b70ce3d7ff92\" alt=\"\" \/><\/p>\n<p>\u201cBu bax\u0131mdan, \u00f6t\u0259n ilin pay\u0131z\u0131nda Qaraba\u011fda ba\u015f ver\u0259n hadis\u0259l\u0259r m\u00fch\u00fcm g\u00f6st\u0259rici olaraq, Rusiyan\u0131n etibarl\u0131 m\u00fctt\u0259fiq v\u0259 t\u0259r\u0259fda\u015f olmad\u0131\u011f\u0131n\u0131n n\u00f6vb\u0259ti bariz n\u00fcmun\u0259sidir\u201d, &#8211; o bildirib.<\/p>\n<p>Do\u011frudur, \u00f6t\u0259n m\u00fcdd\u0259t \u0259rzind\u0259 s\u00fclhm\u0259raml\u0131lar\u0131n f\u0259aliyy\u0259tin\u0259 y\u00f6n\u0259lik t\u0259nqidl\u0259r d\u0259 az olmay\u0131b. Onlar\u0131n f\u0259aliyy\u0259tinin m\u00fck\u0259mm\u0259lliyi iddia edilm\u0259s\u0259 d\u0259, fakt ondan ibar\u0259tdir ki, s\u00fclhm\u0259raml\u0131lar regional sabitliyin bir elementi olublar.<\/p>\n<p>M\u0259lumdur ki, bu g\u00fcn Rusiyan\u0131 t\u0259nqid ed\u0259n AB\u015e okean\u0131n o tay\u0131ndan d\u0259f\u0259l\u0259rl\u0259 C\u0259nubi Qafqaza m\u00fcdaxil\u0259 etm\u0259y\u0259 c\u0259hd g\u00f6st\u0259rib. Va\u015finqton bu g\u00fcn d\u0259 h\u0259min iddialardan \u0259l \u00e7\u0259km\u0259yib. A\u011f Ev Erm\u0259nistandan istifad\u0259 ed\u0259r\u0259k b\u00f6lg\u0259d\u0259ki t\u0259sir imkanlar\u0131n\u0131 art\u0131rma\u011fa \u00e7al\u0131\u015f\u0131r. Bu m\u0259nada Rusiya s\u00fclhm\u0259raml\u0131 kontingentinin indiy\u0259 q\u0259d\u0259r Qaraba\u011fda h\u0259yata ke\u00e7irdiyi f\u0259aliyy\u0259t, \u0259slind\u0259, h\u0259m d\u0259 AB\u015e \u00fc\u00e7\u00fcn \u00e7\u0259kindirici xarakter da\u015f\u0131y\u0131b. \u00c7\u00fcnki r\u0259smi Va\u015finqton yax\u015f\u0131 ba\u015fa d\u00fc\u015f\u00fcrd\u00fc ki, regiona h\u0259r hans\u0131 m\u00fcdaxil\u0259 Moskvan\u0131n k\u0259skin etiraz\u0131na s\u0259b\u0259b ola bil\u0259r. Fikrimizc\u0259, s\u00fclhm\u0259raml\u0131 kontingent Qaraba\u011fda olmasa idi, Q\u0259rb d\u00f6vl\u0259tl\u0259ri, o c\u00fcml\u0259d\u0259n, AB\u015e v\u0259 Fransa regionda \u201csular\u0131 daha \u00e7ox buland\u0131rard\u0131\u201d.<\/p>\n<p>\u0130kincisi, m\u0259g\u0259r AB\u015e \u00f6z\u00fc regionda s\u00fclh\u00fcn b\u0259rq\u0259rar edilm\u0259sinin vacibliyi haqda b\u0259yanatlar\u0131nda s\u0259mimidirmi? \u018fg\u0259r s\u0259mimidirs\u0259, niy\u0259 bu y\u00f6nd\u0259 he\u00e7 bir \u0259m\u0259li add\u0131m atm\u0131r?<\/p>\n<p>V.Patel \u00e7\u0131x\u0131\u015f\u0131 zaman\u0131 onu da qeyd edib ki, AB\u015e Erm\u0259nistan v\u0259 Az\u0259rbaycan\u0131n s\u00fclh istiqam\u0259tind\u0259ki s\u0259yl\u0259rini d\u0259st\u0259kl\u0259yir. \u018fslind\u0259 bu, a\u015fkar riyakarl\u0131q n\u00fcmun\u0259sidir. Birincisi, AB\u015e m\u00fcnasib\u0259tl\u0259rin normalla\u015fmas\u0131ndan m\u0259mnun olana q\u0259tiyy\u0259n b\u0259nz\u0259mir. \u018fks halda, Erm\u0259nistan \u00fcz\u0259rind\u0259 \u201ck\u00f6k\u0259 v\u0259 qam\u00e7\u0131\u201d siyas\u0259tini t\u0259tbiq etm\u0259z, bu d\u00f6vl\u0259t vasit\u0259sil\u0259 \u00f6z ambisiyalar\u0131n\u0131 h\u0259yata ke\u00e7irm\u0259y\u0259 \u00e7al\u0131\u015fmazd\u0131. \u0130kincisi, bu prosesd\u0259 k\u0259nardan \u201c\u0259l \u00e7almaq\u201d kifay\u0259t deyil. Deyil\u0259nl\u0259ri \u0259m\u0259ld\u0259 t\u0259sdiql\u0259m\u0259k d\u0259 laz\u0131md\u0131r.<\/p>\n<p>Bel\u0259likl\u0259, Rusiya s\u00fclhm\u0259raml\u0131lar\u0131n\u0131n Qaraba\u011fdan \u00e7\u0131xar\u0131lmas\u0131 C\u0259nubi Qafqaz\u0131n g\u0259l\u0259c\u0259yi \u00fc\u00e7\u00fcn yeni imkanlar v\u0259d edir v\u0259 bununla b\u00f6lg\u0259d\u0259 qal\u0131c\u0131 sabitliyin t\u0259min olunma imkanlar\u0131 art\u0131r. Erm\u0259nistan da bu imkanlardan yararlanmal\u0131, yol yax\u0131nk\u0259n geri d\u00f6nm\u0259li, uzad\u0131lan s\u00fclh \u0259lini tutmal\u0131d\u0131r.<\/p>\n<p><strong>\u201cReport\u201d \u0130nformasiya Agentliyi<\/strong><\/p>\n","protected":false},"excerpt":{"rendered":"<p>Son g\u00fcnl\u0259r\u0259 q\u0259d\u0259r Az\u0259rbaycan c\u0259miyy\u0259tini d\u00fc\u015f\u00fcnd\u00fcr\u0259n \u0259sas suallardan biri Qaraba\u011fdak\u0131 Rusiya s\u00fclhm\u0259raml\u0131 kontingentin b\u00f6lg\u0259d\u0259ki m\u00f6vcudlu\u011funun g\u0259l\u0259c\u0259yi il\u0259 ba\u011fl\u0131 idi. Xat\u0131rladaq ki, Rusiya h\u0259rb\u00e7il\u0259ri 2020-ci ild\u0259 ba\u015f ver\u0259n \u0130kinci Qaraba\u011f m\u00fcharib\u0259sind\u0259n sonra h\u0259min il noyabr\u0131n 10-da imzalanm\u0131\u015f m\u0259lum \u00fc\u00e7t\u0259r\u0259fli b\u0259yanata uy\u011fun olaraq, regionda at\u0259\u015fk\u0259s\u0259 n\u0259zar\u0259t etm\u0259k m\u0259qs\u0259dil\u0259 s\u00fclhm\u0259raml\u0131 qismind\u0259 Az\u0259rbaycan\u0131n Qaraba\u011f b\u00f6lg\u0259sin\u0259 yerl\u0259\u015fdirilmi\u015fdi. Vur\u011fulanan s\u0259n\u0259d\u0259 \u0259sas\u0259n, Rusiya s\u00fclhm\u0259raml\u0131lar\u0131n\u0131n b\u00f6lg\u0259d\u0259 m\u00f6vcudlu\u011fu be\u015f il m\u00fcdd\u0259tin\u0259 &#8211; 2025-ci ilin sonlar\u0131na q\u0259d\u0259r n\u0259z\u0259rd\u0259 tutulurdu. Kontingent\u0259 at\u0131c\u0131 silahlarla t\u0259chiz edilmi\u015f 1960 h\u0259rbi qulluq\u00e7u, 90 zirehli n\u0259qliyyat vasit\u0259si, 380 \u0259d\u0259d avtomobil v\u0259 x\u00fcsusi texnikalar daxil idi. Missiyan\u0131n&hellip;<\/p>\n","protected":false},"author":2,"featured_media":712810,"comment_status":"closed","ping_status":"closed","sticky":false,"template":"","format":"standard","meta":{"om_disable_all_campaigns":false,"_monsterinsights_skip_tracking":false,"_monsterinsights_sitenote_active":false,"_monsterinsights_sitenote_note":"","_monsterinsights_sitenote_category":0},"categories":[4],"tags":[],"aioseo_notices":[],"gutentor_comment":0,"rttpg_featured_image_url":{"full":["https:\/\/arantv.az\/wp-content\/uploads\/2024\/04\/e528054d-2ea5-3096-8475-7d2bd2917f90_850.jpg",620,413,false],"landscape":["https:\/\/arantv.az\/wp-content\/uploads\/2024\/04\/e528054d-2ea5-3096-8475-7d2bd2917f90_850.jpg",620,413,false],"portraits":["https:\/\/arantv.az\/wp-content\/uploads\/2024\/04\/e528054d-2ea5-3096-8475-7d2bd2917f90_850.jpg",620,413,false],"thumbnail":["https:\/\/arantv.az\/wp-content\/uploads\/2024\/04\/e528054d-2ea5-3096-8475-7d2bd2917f90_850-500x280.jpg",500,280,true],"medium":["https:\/\/arantv.az\/wp-content\/uploads\/2024\/04\/e528054d-2ea5-3096-8475-7d2bd2917f90_850-548x365.jpg",548,365,true],"large":["https:\/\/arantv.az\/wp-content\/uploads\/2024\/04\/e528054d-2ea5-3096-8475-7d2bd2917f90_850.jpg",620,413,false],"1536x1536":["https:\/\/arantv.az\/wp-content\/uploads\/2024\/04\/e528054d-2ea5-3096-8475-7d2bd2917f90_850.jpg",620,413,false],"2048x2048":["https:\/\/arantv.az\/wp-content\/uploads\/2024\/04\/e528054d-2ea5-3096-8475-7d2bd2917f90_850.jpg",620,413,false],"post-thumbnail":["https:\/\/arantv.az\/wp-content\/uploads\/2024\/04\/e528054d-2ea5-3096-8475-7d2bd2917f90_850-240x172.jpg",240,172,true],"advps-thumb-one":["https:\/\/arantv.az\/wp-content\/uploads\/2024\/04\/e528054d-2ea5-3096-8475-7d2bd2917f90_850.jpg",620,413,false]},"rttpg_author":{"display_name":"V\u00fcsal Rafiqo\u011flu","author_link":"https:\/\/arantv.az\/?author=2"},"rttpg_comment":0,"rttpg_category":"<a href=\"https:\/\/arantv.az\/?cat=4\" rel=\"category\">Siyas\u0259t<\/a>","rttpg_excerpt":"Son g\u00fcnl\u0259r\u0259 q\u0259d\u0259r Az\u0259rbaycan c\u0259miyy\u0259tini d\u00fc\u015f\u00fcnd\u00fcr\u0259n \u0259sas suallardan biri Qaraba\u011fdak\u0131 Rusiya s\u00fclhm\u0259raml\u0131 kontingentin b\u00f6lg\u0259d\u0259ki m\u00f6vcudlu\u011funun g\u0259l\u0259c\u0259yi il\u0259 ba\u011fl\u0131 idi. Xat\u0131rladaq ki, Rusiya h\u0259rb\u00e7il\u0259ri 2020-ci ild\u0259 ba\u015f ver\u0259n \u0130kinci Qaraba\u011f m\u00fcharib\u0259sind\u0259n sonra h\u0259min il noyabr\u0131n 10-da imzalanm\u0131\u015f m\u0259lum \u00fc\u00e7t\u0259r\u0259fli b\u0259yanata uy\u011fun olaraq, regionda at\u0259\u015fk\u0259s\u0259 n\u0259zar\u0259t etm\u0259k m\u0259qs\u0259dil\u0259 s\u00fclhm\u0259raml\u0131 qismind\u0259 Az\u0259rbaycan\u0131n Qaraba\u011f b\u00f6lg\u0259sin\u0259 yerl\u0259\u015fdirilmi\u015fdi. Vur\u011fulanan s\u0259n\u0259d\u0259 \u0259sas\u0259n,&hellip;","_links":{"self":[{"href":"https:\/\/arantv.az\/index.php?rest_route=\/wp\/v2\/posts\/712809"}],"collection":[{"href":"https:\/\/arantv.az\/index.php?rest_route=\/wp\/v2\/posts"}],"about":[{"href":"https:\/\/arantv.az\/index.php?rest_route=\/wp\/v2\/types\/post"}],"author":[{"embeddable":true,"href":"https:\/\/arantv.az\/index.php?rest_route=\/wp\/v2\/users\/2"}],"replies":[{"embeddable":true,"href":"https:\/\/arantv.az\/index.php?rest_route=%2Fwp%2Fv2%2Fcomments&post=712809"}],"version-history":[{"count":0,"href":"https:\/\/arantv.az\/index.php?rest_route=\/wp\/v2\/posts\/712809\/revisions"}],"wp:featuredmedia":[{"embeddable":true,"href":"https:\/\/arantv.az\/index.php?rest_route=\/wp\/v2\/media\/712810"}],"wp:attachment":[{"href":"https:\/\/arantv.az\/index.php?rest_route=%2Fwp%2Fv2%2Fmedia&parent=712809"}],"wp:term":[{"taxonomy":"category","embeddable":true,"href":"https:\/\/arantv.az\/index.php?rest_route=%2Fwp%2Fv2%2Fcategories&post=712809"},{"taxonomy":"post_tag","embeddable":true,"href":"https:\/\/arantv.az\/index.php?rest_route=%2Fwp%2Fv2%2Ftags&post=712809"}],"curies":[{"name":"wp","href":"https:\/\/api.w.org\/{rel}","templated":true}]}}