{"id":712818,"date":"2024-04-18T20:23:06","date_gmt":"2024-04-18T16:23:06","guid":{"rendered":"https:\/\/arantv.az\/?p=712818"},"modified":"2024-04-18T20:23:06","modified_gmt":"2024-04-18T16:23:06","slug":"sulhm%c9%99ramlilarin-regiondan-cixmasi-az%c9%99rbaycanin-h%c9%99d%c9%99fl%c9%99r%c9%99-dogru-ugurla-getm%c9%99si-s%c9%99rh-foto","status":"publish","type":"post","link":"https:\/\/arantv.az\/?p=712818","title":{"rendered":"S\u00fclhm\u0259raml\u0131lar\u0131n regiondan \u00e7\u0131xmas\u0131, Az\u0259rbaycan\u0131n h\u0259d\u0259fl\u0259r\u0259 do\u011fru u\u011furla getm\u0259si &#8211; \u015e\u018fRH + FOTO"},"content":{"rendered":"<p>\u201cRusiya s\u00fclhm\u0259raml\u0131lar\u0131n\u0131n m\u00fcv\u0259qq\u0259ti olaraq \u0259razimizd\u0259 yerl\u0259\u015fm\u0259si 10 Noyabr B\u0259yanat\u0131 il\u0259 t\u0259nziml\u0259nirdi. Onlar 2025-ci ilin noyabr ay\u0131na q\u0259d\u0259r orada qalmal\u0131 idil\u0259r. H\u0259min m\u00fcdd\u0259t\u0259 alt\u0131 ay qalm\u0131\u015f m\u0259s\u0259l\u0259 bax\u0131l\u0131b yenid\u0259n m\u00fczakir\u0259 edilm\u0259li idi. \u0130ndi art\u0131q b\u00fct\u00fcn d\u00fcnyan\u0131n g\u00f6z\u00fc qar\u015f\u0131s\u0131nda q\u00fcdr\u0259tli Az\u0259rbaycan yenid\u0259n \u00f6z g\u00fcc\u00fcn\u00fc g\u00f6st\u0259rir. S\u00fclhm\u0259raml\u0131lar vaxt\u0131ndan \u0259vv\u0259l regionu t\u0259rk edirl\u0259r\u201d.<\/p>\n<p>Bunu\u00a0<strong>Oxu.Az<\/strong>-a a\u00e7\u0131qlamas\u0131nda Milli M\u0259clisin deputat\u0131<strong>\u00a0V\u00fcqar \u0130sk\u0259nd\u0259rov<\/strong>\u00a0deyib.<\/p>\n<p><img src=\"https:\/\/cdn.oxu.az\/uploads\/W1siZiIsIjIwMjQvMDQvMTgvMTcvNTYvMzgvMjMwYWRjODQtYzUzYi00MzYwLTg2OTEtNzMxZTY1NGJjMWY0L2N1S0V0NXJvOThuREk1RnNqRHpiT21mTnRWM1VZVmNTbW1OaVpNMVouanBnIl0sWyJwIiwiZW5jb2RlIiwianBnIiwiLXF1YWxpdHkgODAiXSxbInAiLCJ0aHVtYiIsIjU5MHg1OTBcdTAwM2UiXV0?sha=4956b3cb3a70ee61\" alt=\"\" \/><\/p>\n<p>O \u0259lav\u0259 edib ki, Az\u0259rbaycan xalq\u0131 Ali Ba\u015f Komandan Prezident\u00a0<strong>\u0130lham \u018fliyevin<\/strong>\u00a0q\u0259tiyy\u0259tin\u0259, siyasi bilikl\u0259rin\u0259 tam \u0259mindir. Onun s\u00f6zl\u0259rin\u0259 g\u00f6r\u0259, Az\u0259rbaycan v\u0259t\u0259nda\u015flar\u0131 Prezidentin n\u0259yi, n\u0259 zaman v\u0259 nec\u0259 etm\u0259li oldu\u011funu g\u00f6z\u0259l bilirl\u0259r.<\/p>\n<p>\u201cBuna g\u00f6r\u0259 d\u0259 xalq s\u00fclhm\u0259raml\u0131lar\u0131n getm\u0259si \u00fc\u00e7\u00fcn zaman\u0131n yeti\u015f\u0259c\u0259yini bilirdi. Bilirdi ki, milli maraqlar\u0131m\u0131z n\u0259yi \u00f6z\u00fcnd\u0259 ehtiva edirs\u0259, zaman\u0131nda h\u0259r hans\u0131 bir i\u015f Az\u0259rbaycan\u0131n xeyrin\u0259 h\u0259llini tapacaq. Art\u0131q Rusiya s\u00fclhm\u0259raml\u0131lar\u0131 Az\u0259rbaycan \u0259razisini t\u0259rk edirl\u0259r. Bu, iki \u00f6lk\u0259 r\u0259hb\u0259rinin m\u00fczakir\u0259sinin n\u0259tic\u0259si olaraq q\u0259rara al\u0131n\u0131b. T\u0259bii olaraq, bundan \u0259vv\u0259l d\u0259 m\u00fcvafiq orqanlar qapal\u0131 v\u0259 a\u00e7\u0131q g\u00f6r\u00fc\u015fl\u0259rd\u0259 bunu m\u00fczakir\u0259 edirdil\u0259r\u201d, &#8211; dey\u0259 V.\u0130sk\u0259nd\u0259rov \u0259lav\u0259 edib.<\/p>\n<p>Parlamentari m\u0259s\u0259l\u0259 il\u0259 ba\u011fl\u0131 t\u0259nqidi fikir s\u0259sl\u0259ndir\u0259n m\u00fcxalif d\u00fc\u015f\u0259rg\u0259nin d\u0259 m\u00f6vqeyin\u0259 m\u00fcnasib\u0259t bildirib:<\/p>\n<p>\u201cS\u00fclhm\u0259raml\u0131lar Az\u0259rbaycan \u0259razil\u0259rin\u0259 m\u00fcv\u0259qq\u0259ti g\u0259l\u0259nd\u0259 Az\u0259rbaycan\u0131 ist\u0259m\u0259y\u0259n q\u00fcvv\u0259l\u0259r, d\u00f6vl\u0259tl\u0259r \u00f6z i\u00e7imizd\u0259 olan be\u015finci kolonun \u00fczvl\u0259ri c\u00fcrb\u0259c\u00fcr fikirl\u0259r yay\u0131rd\u0131lar. Deyirdil\u0259r ki, onlar burada daimi qalacaqlar, dig\u0259r yerl\u0259rd\u0259n \u00e7\u0131xsalar da, bu \u0259razil\u0259ri t\u0259rk etm\u0259y\u0259c\u0259kl\u0259r. Lakin bir daha \u0130lham \u018fliyev fenomeni, g\u00fccl\u00fc d\u00f6vl\u0259t siyas\u0259ti burada da \u00f6z\u00fcn\u00fc qabar\u0131q g\u00f6st\u0259rdi. Art\u0131q Az\u0259rbaycan \u0259razisind\u0259 dig\u0259r \u00f6lk\u0259nin \u0259sg\u0259ri, h\u0259r hans\u0131 bir qo\u015fun birl\u0259\u015fm\u0259si yoxdur. Az\u0259rbaycan \u0259razi b\u00fct\u00f6vl\u00fcy\u00fcn\u00fc v\u0259 suverenliyini b\u0259rpa etmi\u015f m\u00fcst\u0259qil d\u00f6vl\u0259tdir. Bel\u0259 bir d\u00f6vl\u0259tin v\u0259t\u0259nda\u015f\u0131 oldu\u011fumuz \u00fc\u00e7\u00fcn q\u00fcrurlan\u0131r\u0131q\u201d.<\/p>\n<p>Deputat qeyd edib ki, indiki situasiyada Erm\u0259nistana havadarl\u0131q ed\u0259n q\u00fcvv\u0259l\u0259r narahat olma\u011fa ba\u015flay\u0131blar.<\/p>\n<p>\u201c5 apreld\u0259 Br\u00fcsseld\u0259 ke\u00e7iril\u0259n g\u00f6r\u00fc\u015fd\u0259n sonra art\u0131q bir \u00e7ox gizli qalan m\u0259qamlar \u00fcz\u0259 \u00e7\u0131xmaqdad\u0131r. AB\u015e v\u0259 Avropa \u0130ttifaq\u0131n\u0131n Erm\u0259nistana h\u0259rbi d\u0259st\u0259yi d\u0259 art\u0131q gizli deyil. AB\u015e s\u00fcr\u0259tl\u0259 Erm\u0259nistan\u0131 silahland\u0131rma\u011fa c\u0259hd edir. Art\u0131q Pentaqon n\u00fcmay\u0259nd\u0259l\u0259ri Erm\u0259nistan M\u00fcdafi\u0259 Nazirliyind\u0259 t\u0259liml\u0259r ke\u00e7irm\u0259yi planla\u015fd\u0131r\u0131rlar. Erm\u0259nistanda yerl\u0259\u015f\u0259n AB\u015e s\u0259firliyind\u0259 Pentaqonun x\u00fcsusi n\u00fcmay\u0259nd\u0259si f\u0259aliyy\u0259t g\u00f6st\u0259r\u0259c\u0259k. B\u00fct\u00fcn bunlar, t\u0259bii ki, b\u00f6lg\u0259d\u0259 h\u0259ssas olan s\u00fclh dan\u0131\u015f\u0131qlar\u0131na ciddi z\u0259rb\u0259dir\u201d, &#8211; dey\u0259 deputat \u015f\u0259rh edib.<\/p>\n<p>Mill\u0259t v\u0259kilinin s\u00f6zl\u0259rin\u0259 g\u00f6r\u0259, Prezident \u0130lham \u018fliyev t\u0259hl\u00fck\u0259sizlikl\u0259 \u0259laq\u0259dar qay\u011f\u0131lar\u0131, Az\u0259rbaycan\u0131n narahat oldu\u011fu m\u0259qamlar\u0131 beyn\u0259lxalq ictimaiyy\u0259tin diqq\u0259tin\u0259 \u00e7atd\u0131r\u0131r.<\/p>\n<p>\u201cB\u0259zi n\u0259tic\u0259l\u0259r\u0259 baxd\u0131qda g\u00f6r\u00fcr\u00fck ki, Erm\u0259nistan\u0131n silahlanmas\u0131 b\u00f6lg\u0259d\u0259 eskalasiyan\u0131n yaranmas\u0131na g\u0259tirib \u00e7\u0131xara bil\u0259r. Bunun \u00fc\u00e7\u00fcn \u00e7al\u0131\u015fan d\u00f6vl\u0259tl\u0259r a\u015fkar h\u0259r\u0259k\u0259t\u0259 ke\u00e7irl\u0259r. T\u0259bii olaraq, r\u0259smi Bak\u0131 bildirib ki, silahlanma yarad\u0131lmas\u0131 he\u00e7 kim\u0259 xeyir g\u0259tirm\u0259y\u0259c\u0259k v\u0259 regionda s\u00fclh vacibdir\u201d.<\/p>\n<p>Milli M\u0259clis \u00fczv\u00fc deyib ki, Az\u0259rbaycan \u00f6z iqtisadi g\u00fcc\u00fcn\u00fc v\u0259 siyasi \u00e7\u0259kisini art\u0131r\u0131r.<\/p>\n<p>\u201cB\u00f6lg\u0259d\u0259 azad etdiyi \u0259razil\u0259rd\u0259 b\u00f6y\u00fck tikinti-quruculuq i\u015fl\u0259ri g\u00f6r\u00fcr, \u00fcmumiyy\u0259tl\u0259, \u00f6z inki\u015faf yoluna davam edir. Lakin h\u0259l\u0259 bunu g\u00f6z\u00fc g\u00f6t\u00fcrm\u0259y\u0259n q\u00fcvv\u0259l\u0259r m\u00f6vcuddur.<\/p>\n<p>Onlar Erm\u0259nistana iqtisadi, h\u0259rbi yard\u0131m g\u00f6st\u0259r\u0259r\u0259k onu Rusiya as\u0131l\u0131l\u0131\u011f\u0131ndan azad etm\u0259kd\u0259 v\u0259 Az\u0259rbaycana qar\u015f\u0131 silahland\u0131rmaqda israrl\u0131 g\u00f6r\u00fcn\u00fcrl\u0259r. Amma bunlar g\u00fccl\u00fc, q\u00fcdr\u0259tli Az\u0259rbaycana he\u00e7 bir t\u0259sir g\u00f6st\u0259rm\u0259y\u0259c\u0259k.<\/p>\n<p>Biz nec\u0259 ki 2020-ci ild\u0259 torpaqlar\u0131m\u0131z\u0131 i\u015f\u011faldan azad etdik, 2023-c\u00fc ild\u0259 tamamil\u0259 suverenliyimizi b\u0259rpa etdik, yen\u0259 d\u0259 qar\u015f\u0131m\u0131za \u00e7\u0131xan mane\u0259l\u0259ri d\u0259f ed\u0259r\u0259k h\u0259d\u0259fl\u0259r\u0259 do\u011fru u\u011furla ged\u0259c\u0259yik\u201d, &#8211; dey\u0259 V.\u0130sk\u0259nd\u0259rov fikrini yekunla\u015fd\u0131r\u0131b.<\/p>\n","protected":false},"excerpt":{"rendered":"<p>\u201cRusiya s\u00fclhm\u0259raml\u0131lar\u0131n\u0131n m\u00fcv\u0259qq\u0259ti olaraq \u0259razimizd\u0259 yerl\u0259\u015fm\u0259si 10 Noyabr B\u0259yanat\u0131 il\u0259 t\u0259nziml\u0259nirdi. Onlar 2025-ci ilin noyabr ay\u0131na q\u0259d\u0259r orada qalmal\u0131 idil\u0259r. H\u0259min m\u00fcdd\u0259t\u0259 alt\u0131 ay qalm\u0131\u015f m\u0259s\u0259l\u0259 bax\u0131l\u0131b yenid\u0259n m\u00fczakir\u0259 edilm\u0259li idi. \u0130ndi art\u0131q b\u00fct\u00fcn d\u00fcnyan\u0131n g\u00f6z\u00fc qar\u015f\u0131s\u0131nda q\u00fcdr\u0259tli Az\u0259rbaycan yenid\u0259n \u00f6z g\u00fcc\u00fcn\u00fc g\u00f6st\u0259rir. S\u00fclhm\u0259raml\u0131lar vaxt\u0131ndan \u0259vv\u0259l regionu t\u0259rk edirl\u0259r\u201d. Bunu\u00a0Oxu.Az-a a\u00e7\u0131qlamas\u0131nda Milli M\u0259clisin deputat\u0131\u00a0V\u00fcqar \u0130sk\u0259nd\u0259rov\u00a0deyib. O \u0259lav\u0259 edib ki, Az\u0259rbaycan xalq\u0131 Ali Ba\u015f Komandan Prezident\u00a0\u0130lham \u018fliyevin\u00a0q\u0259tiyy\u0259tin\u0259, siyasi bilikl\u0259rin\u0259 tam \u0259mindir. Onun s\u00f6zl\u0259rin\u0259 g\u00f6r\u0259, Az\u0259rbaycan v\u0259t\u0259nda\u015flar\u0131 Prezidentin n\u0259yi, n\u0259 zaman v\u0259 nec\u0259 etm\u0259li oldu\u011funu g\u00f6z\u0259l bilirl\u0259r. \u201cBuna g\u00f6r\u0259 d\u0259 xalq s\u00fclhm\u0259raml\u0131lar\u0131n&hellip;<\/p>\n","protected":false},"author":2,"featured_media":712819,"comment_status":"closed","ping_status":"closed","sticky":false,"template":"","format":"standard","meta":{"om_disable_all_campaigns":false,"_monsterinsights_skip_tracking":false,"_monsterinsights_sitenote_active":false,"_monsterinsights_sitenote_note":"","_monsterinsights_sitenote_category":0},"categories":[4],"tags":[],"aioseo_notices":[],"gutentor_comment":0,"rttpg_featured_image_url":{"full":["https:\/\/arantv.az\/wp-content\/uploads\/2024\/04\/436566201_1194887435209345_4392229948653586431_n-1.jpg",620,413,false],"landscape":["https:\/\/arantv.az\/wp-content\/uploads\/2024\/04\/436566201_1194887435209345_4392229948653586431_n-1.jpg",620,413,false],"portraits":["https:\/\/arantv.az\/wp-content\/uploads\/2024\/04\/436566201_1194887435209345_4392229948653586431_n-1.jpg",620,413,false],"thumbnail":["https:\/\/arantv.az\/wp-content\/uploads\/2024\/04\/436566201_1194887435209345_4392229948653586431_n-1-500x280.jpg",500,280,true],"medium":["https:\/\/arantv.az\/wp-content\/uploads\/2024\/04\/436566201_1194887435209345_4392229948653586431_n-1-548x365.jpg",548,365,true],"large":["https:\/\/arantv.az\/wp-content\/uploads\/2024\/04\/436566201_1194887435209345_4392229948653586431_n-1.jpg",620,413,false],"1536x1536":["https:\/\/arantv.az\/wp-content\/uploads\/2024\/04\/436566201_1194887435209345_4392229948653586431_n-1.jpg",620,413,false],"2048x2048":["https:\/\/arantv.az\/wp-content\/uploads\/2024\/04\/436566201_1194887435209345_4392229948653586431_n-1.jpg",620,413,false],"post-thumbnail":["https:\/\/arantv.az\/wp-content\/uploads\/2024\/04\/436566201_1194887435209345_4392229948653586431_n-1-240x172.jpg",240,172,true],"advps-thumb-one":["https:\/\/arantv.az\/wp-content\/uploads\/2024\/04\/436566201_1194887435209345_4392229948653586431_n-1.jpg",620,413,false]},"rttpg_author":{"display_name":"V\u00fcsal Rafiqo\u011flu","author_link":"https:\/\/arantv.az\/?author=2"},"rttpg_comment":0,"rttpg_category":"<a href=\"https:\/\/arantv.az\/?cat=4\" rel=\"category\">Siyas\u0259t<\/a>","rttpg_excerpt":"\u201cRusiya s\u00fclhm\u0259raml\u0131lar\u0131n\u0131n m\u00fcv\u0259qq\u0259ti olaraq \u0259razimizd\u0259 yerl\u0259\u015fm\u0259si 10 Noyabr B\u0259yanat\u0131 il\u0259 t\u0259nziml\u0259nirdi. Onlar 2025-ci ilin noyabr ay\u0131na q\u0259d\u0259r orada qalmal\u0131 idil\u0259r. H\u0259min m\u00fcdd\u0259t\u0259 alt\u0131 ay qalm\u0131\u015f m\u0259s\u0259l\u0259 bax\u0131l\u0131b yenid\u0259n m\u00fczakir\u0259 edilm\u0259li idi. \u0130ndi art\u0131q b\u00fct\u00fcn d\u00fcnyan\u0131n g\u00f6z\u00fc qar\u015f\u0131s\u0131nda q\u00fcdr\u0259tli Az\u0259rbaycan yenid\u0259n \u00f6z g\u00fcc\u00fcn\u00fc g\u00f6st\u0259rir. S\u00fclhm\u0259raml\u0131lar vaxt\u0131ndan \u0259vv\u0259l regionu t\u0259rk edirl\u0259r\u201d. Bunu\u00a0Oxu.Az-a a\u00e7\u0131qlamas\u0131nda Milli M\u0259clisin deputat\u0131\u00a0V\u00fcqar \u0130sk\u0259nd\u0259rov\u00a0deyib.&hellip;","_links":{"self":[{"href":"https:\/\/arantv.az\/index.php?rest_route=\/wp\/v2\/posts\/712818"}],"collection":[{"href":"https:\/\/arantv.az\/index.php?rest_route=\/wp\/v2\/posts"}],"about":[{"href":"https:\/\/arantv.az\/index.php?rest_route=\/wp\/v2\/types\/post"}],"author":[{"embeddable":true,"href":"https:\/\/arantv.az\/index.php?rest_route=\/wp\/v2\/users\/2"}],"replies":[{"embeddable":true,"href":"https:\/\/arantv.az\/index.php?rest_route=%2Fwp%2Fv2%2Fcomments&post=712818"}],"version-history":[{"count":0,"href":"https:\/\/arantv.az\/index.php?rest_route=\/wp\/v2\/posts\/712818\/revisions"}],"wp:featuredmedia":[{"embeddable":true,"href":"https:\/\/arantv.az\/index.php?rest_route=\/wp\/v2\/media\/712819"}],"wp:attachment":[{"href":"https:\/\/arantv.az\/index.php?rest_route=%2Fwp%2Fv2%2Fmedia&parent=712818"}],"wp:term":[{"taxonomy":"category","embeddable":true,"href":"https:\/\/arantv.az\/index.php?rest_route=%2Fwp%2Fv2%2Fcategories&post=712818"},{"taxonomy":"post_tag","embeddable":true,"href":"https:\/\/arantv.az\/index.php?rest_route=%2Fwp%2Fv2%2Ftags&post=712818"}],"curies":[{"name":"wp","href":"https:\/\/api.w.org\/{rel}","templated":true}]}}