{"id":712821,"date":"2024-04-18T20:23:37","date_gmt":"2024-04-18T16:23:37","guid":{"rendered":"https:\/\/arantv.az\/?p=712821"},"modified":"2024-04-18T20:23:37","modified_gmt":"2024-04-18T16:23:37","slug":"gurcustan-prezidenti-olk%c9%99ni-buruy%c9%99n-aksiyalara-munasib%c9%99t-bildirdi","status":"publish","type":"post","link":"https:\/\/arantv.az\/?p=712821","title":{"rendered":"G\u00fcrc\u00fcstan prezidenti \u00f6lk\u0259ni b\u00fcr\u00fcy\u0259n aksiyalara m\u00fcnasib\u0259t bildirdi"},"content":{"rendered":"<p>G\u00fcrc\u00fcstan Prezidenti Salome Zurabi\u015fvili \u00f6lk\u0259d\u0259 xarici agentl\u0259r haqq\u0131nda qanun layih\u0259sin\u0259 qar\u015f\u0131 mitinql\u0259rin davam ed\u0259c\u0259yin\u0259 v\u0259 2024-c\u00fc il oktyabr\u0131n 26-da ke\u00e7iril\u0259c\u0259k parlament se\u00e7kil\u0259ri strategiyas\u0131n\u0131n t\u0259rkib hiss\u0259si olaca\u011f\u0131na \u00fcmid etdiyini bildirib.<\/p>\n<p>Siyas\u0259t\u00e7inin s\u00f6zl\u0259rin\u0259 g\u00f6r\u0259, bu n\u00fcmayi\u015fl\u0259r geni\u015fmiqyasl\u0131, lakin \u00e7ox dinc \u015f\u0259kild\u0259, \u00e7oxlu sayda g\u0259ncin i\u015ftirak\u0131 il\u0259 ke\u00e7irilir.<\/p>\n<p>\u201c\u018fmin\u0259m ki, onlar davam ed\u0259c\u0259kl\u0259r. Bu, m\u0259qs\u0259di qar\u015f\u0131dan g\u0259l\u0259n se\u00e7kil\u0259r olan strategiyan\u0131n bir hiss\u0259sin\u0259 \u00e7evrilmi\u015f trenddir\u201d, &#8211; dey\u0259 G\u00fcrc\u00fcstan prezidenti bildirib.<\/p>\n<p>Xat\u0131rladaq ki, aprelin 17-d\u0259 G\u00fcrc\u00fcstan parlamenti \u201cXarici agentl\u0259r haqq\u0131nda\u201d qanun layih\u0259sini birinci oxunu\u015fda t\u0259sdiql\u0259yib. Qanunun q\u00fcvv\u0259y\u0259 minm\u0259si \u00fc\u00e7\u00fcn deputatlar ona daha iki oxunu\u015fda bax\u0131b q\u0259bul etm\u0259lidirl\u0259r. Yaln\u0131z \u00fc\u00e7 oxunu\u015fda q\u0259bul edildikd\u0259n sonra s\u0259n\u0259d imzalanmaq \u00fc\u00e7\u00fcn G\u00fcrc\u00fcstan prezidentin\u0259 g\u00f6nd\u0259ril\u0259c\u0259k.<\/p>\n<p>Bir ne\u00e7\u0259 g\u00fcn \u0259rzind\u0259 Tbilisid\u0259 geni\u015fmiqyasl\u0131 etiraz aksiyas\u0131 ke\u00e7irilib.<\/p>\n<p>Zurabi\u015fvili bildirib ki, o, xarici agentl\u0259r haqq\u0131nda s\u0259s-k\u00fcyl\u00fc qanuna veto qoyacaq.<\/p>\n<p>M\u0259nb\u0259: CNN<\/p>\n","protected":false},"excerpt":{"rendered":"<p>G\u00fcrc\u00fcstan Prezidenti Salome Zurabi\u015fvili \u00f6lk\u0259d\u0259 xarici agentl\u0259r haqq\u0131nda qanun layih\u0259sin\u0259 qar\u015f\u0131 mitinql\u0259rin davam ed\u0259c\u0259yin\u0259 v\u0259 2024-c\u00fc il oktyabr\u0131n 26-da ke\u00e7iril\u0259c\u0259k parlament se\u00e7kil\u0259ri strategiyas\u0131n\u0131n t\u0259rkib hiss\u0259si olaca\u011f\u0131na \u00fcmid etdiyini bildirib. Siyas\u0259t\u00e7inin s\u00f6zl\u0259rin\u0259 g\u00f6r\u0259, bu n\u00fcmayi\u015fl\u0259r geni\u015fmiqyasl\u0131, lakin \u00e7ox dinc \u015f\u0259kild\u0259, \u00e7oxlu sayda g\u0259ncin i\u015ftirak\u0131 il\u0259 ke\u00e7irilir. \u201c\u018fmin\u0259m ki, onlar davam ed\u0259c\u0259kl\u0259r. Bu, m\u0259qs\u0259di qar\u015f\u0131dan g\u0259l\u0259n se\u00e7kil\u0259r olan strategiyan\u0131n bir hiss\u0259sin\u0259 \u00e7evrilmi\u015f trenddir\u201d, &#8211; dey\u0259 G\u00fcrc\u00fcstan prezidenti bildirib. Xat\u0131rladaq ki, aprelin 17-d\u0259 G\u00fcrc\u00fcstan parlamenti \u201cXarici agentl\u0259r haqq\u0131nda\u201d qanun layih\u0259sini birinci oxunu\u015fda t\u0259sdiql\u0259yib. Qanunun q\u00fcvv\u0259y\u0259 minm\u0259si \u00fc\u00e7\u00fcn deputatlar ona daha iki oxunu\u015fda bax\u0131b&hellip;<\/p>\n","protected":false},"author":2,"featured_media":712822,"comment_status":"closed","ping_status":"closed","sticky":false,"template":"","format":"standard","meta":{"om_disable_all_campaigns":false,"_monsterinsights_skip_tracking":false,"_monsterinsights_sitenote_active":false,"_monsterinsights_sitenote_note":"","_monsterinsights_sitenote_category":0},"categories":[7],"tags":[],"aioseo_notices":[],"gutentor_comment":0,"rttpg_featured_image_url":{"full":["https:\/\/arantv.az\/wp-content\/uploads\/2024\/04\/FotoJet-2024-04-18T164254.370.jpg",620,413,false],"landscape":["https:\/\/arantv.az\/wp-content\/uploads\/2024\/04\/FotoJet-2024-04-18T164254.370.jpg",620,413,false],"portraits":["https:\/\/arantv.az\/wp-content\/uploads\/2024\/04\/FotoJet-2024-04-18T164254.370.jpg",620,413,false],"thumbnail":["https:\/\/arantv.az\/wp-content\/uploads\/2024\/04\/FotoJet-2024-04-18T164254.370-500x280.jpg",500,280,true],"medium":["https:\/\/arantv.az\/wp-content\/uploads\/2024\/04\/FotoJet-2024-04-18T164254.370-548x365.jpg",548,365,true],"large":["https:\/\/arantv.az\/wp-content\/uploads\/2024\/04\/FotoJet-2024-04-18T164254.370.jpg",620,413,false],"1536x1536":["https:\/\/arantv.az\/wp-content\/uploads\/2024\/04\/FotoJet-2024-04-18T164254.370.jpg",620,413,false],"2048x2048":["https:\/\/arantv.az\/wp-content\/uploads\/2024\/04\/FotoJet-2024-04-18T164254.370.jpg",620,413,false],"post-thumbnail":["https:\/\/arantv.az\/wp-content\/uploads\/2024\/04\/FotoJet-2024-04-18T164254.370-240x172.jpg",240,172,true],"advps-thumb-one":["https:\/\/arantv.az\/wp-content\/uploads\/2024\/04\/FotoJet-2024-04-18T164254.370.jpg",620,413,false]},"rttpg_author":{"display_name":"V\u00fcsal Rafiqo\u011flu","author_link":"https:\/\/arantv.az\/?author=2"},"rttpg_comment":0,"rttpg_category":"<a href=\"https:\/\/arantv.az\/?cat=7\" rel=\"category\">D\u00fcnya<\/a>","rttpg_excerpt":"G\u00fcrc\u00fcstan Prezidenti Salome Zurabi\u015fvili \u00f6lk\u0259d\u0259 xarici agentl\u0259r haqq\u0131nda qanun layih\u0259sin\u0259 qar\u015f\u0131 mitinql\u0259rin davam ed\u0259c\u0259yin\u0259 v\u0259 2024-c\u00fc il oktyabr\u0131n 26-da ke\u00e7iril\u0259c\u0259k parlament se\u00e7kil\u0259ri strategiyas\u0131n\u0131n t\u0259rkib hiss\u0259si olaca\u011f\u0131na \u00fcmid etdiyini bildirib. Siyas\u0259t\u00e7inin s\u00f6zl\u0259rin\u0259 g\u00f6r\u0259, bu n\u00fcmayi\u015fl\u0259r geni\u015fmiqyasl\u0131, lakin \u00e7ox dinc \u015f\u0259kild\u0259, \u00e7oxlu sayda g\u0259ncin i\u015ftirak\u0131 il\u0259 ke\u00e7irilir. \u201c\u018fmin\u0259m ki, onlar davam ed\u0259c\u0259kl\u0259r. Bu, m\u0259qs\u0259di qar\u015f\u0131dan g\u0259l\u0259n se\u00e7kil\u0259r&hellip;","_links":{"self":[{"href":"https:\/\/arantv.az\/index.php?rest_route=\/wp\/v2\/posts\/712821"}],"collection":[{"href":"https:\/\/arantv.az\/index.php?rest_route=\/wp\/v2\/posts"}],"about":[{"href":"https:\/\/arantv.az\/index.php?rest_route=\/wp\/v2\/types\/post"}],"author":[{"embeddable":true,"href":"https:\/\/arantv.az\/index.php?rest_route=\/wp\/v2\/users\/2"}],"replies":[{"embeddable":true,"href":"https:\/\/arantv.az\/index.php?rest_route=%2Fwp%2Fv2%2Fcomments&post=712821"}],"version-history":[{"count":0,"href":"https:\/\/arantv.az\/index.php?rest_route=\/wp\/v2\/posts\/712821\/revisions"}],"wp:featuredmedia":[{"embeddable":true,"href":"https:\/\/arantv.az\/index.php?rest_route=\/wp\/v2\/media\/712822"}],"wp:attachment":[{"href":"https:\/\/arantv.az\/index.php?rest_route=%2Fwp%2Fv2%2Fmedia&parent=712821"}],"wp:term":[{"taxonomy":"category","embeddable":true,"href":"https:\/\/arantv.az\/index.php?rest_route=%2Fwp%2Fv2%2Fcategories&post=712821"},{"taxonomy":"post_tag","embeddable":true,"href":"https:\/\/arantv.az\/index.php?rest_route=%2Fwp%2Fv2%2Ftags&post=712821"}],"curies":[{"name":"wp","href":"https:\/\/api.w.org\/{rel}","templated":true}]}}