{"id":713704,"date":"2024-04-21T15:30:03","date_gmt":"2024-04-21T11:30:03","guid":{"rendered":"https:\/\/arantv.az\/?p=713704"},"modified":"2024-04-21T15:30:03","modified_gmt":"2024-04-21T11:30:03","slug":"az%c9%99rbaycan-liderinin-dunyani-heyr%c9%99tl%c9%99ndir%c9%99n-siyasi-gedisl%c9%99ri-s%c9%99rh","status":"publish","type":"post","link":"https:\/\/arantv.az\/?p=713704","title":{"rendered":"Az\u0259rbaycan Liderinin d\u00fcnyan\u0131 heyr\u0259tl\u0259ndir\u0259n siyasi gedi\u015fl\u0259ri &#8211; \u015e\u018fRH"},"content":{"rendered":"<p><em><strong>Az\u0259rbaycan Ordusu M\u00fcz\u0259ff\u0259r Ali Ba\u015f Komandan \u0130lham \u018fliyevin r\u0259hb\u0259rliyi il\u0259 44 g\u00fcnl\u00fck V\u0259t\u0259n m\u00fcharib\u0259sind\u0259n sonra \u00f6z \u0259razi b\u00fct\u00f6vl\u00fcy\u00fcn\u00fc b\u0259rpa etdi. Bununla yana\u015f\u0131, h\u0259m d\u0259 b\u00f6lg\u0259d\u0259 yeni reall\u0131qlar yaratd\u0131. \u00d6t\u0259n il sentyabr\u0131n c\u0259mi 23 saat davam etmi\u015f lokal antiterror t\u0259dbirl\u0259ri n\u0259tic\u0259sind\u0259 b\u00fct\u00fcn \u00f6lk\u0259 \u00fczr\u0259 suverenliyimiz b\u0259rq\u0259rar oldu. Xank\u0259ndi v\u0259 \u0259traf\u0131 erm\u0259ni separat\u00e7\u0131lar\u0131ndan tamamil\u0259 t\u0259mizl\u0259ndi. Birinci kapitulyasiya 10 dekabr 2020-ci il parad\u0131 il\u0259 qeyd edildis\u0259, ikinci kapitulyasiya 8 noyabr 2023-c\u00fc ild\u0259 Xank\u0259ndi parad\u0131 il\u0259 qeyd edildi.\u00a0\u00a0<\/strong><\/em><\/p>\n<p><em><strong><img src=\"https:\/\/ikisahil.az\/upload\/\/2023\/11\/08\/\/-93279690169943502327287141511045244.jpg\" alt=\"\" \/><\/strong><\/em><\/p>\n<p>Q\u0259rb, x\u00fcsusil\u0259 Fransa bu u\u011furlar\u0131m\u0131z\u0131 h\u0259zm etm\u0259y\u0259 imkan tapmam\u0131\u015f Az\u0259rbaycan daha bir tarixi Z\u0259f\u0259r\u0259 imza atd\u0131. Bel\u0259 ki, 2024-c\u00fc il aprelin 18-d\u0259n iki \u00f6lk\u0259nin ali r\u0259hb\u0259rliyi t\u0259r\u0259find\u0259n q\u0259bul edil\u0259n aq\u0259rar \u0259sas\u0259n Rusiya s\u00fclhm\u0259raml\u0131lar\u0131n\u0131n Az\u0259rbaycandan \u00e7\u0131xar\u0131lmas\u0131na ba\u015flan\u0131ld\u0131. Halbuki, Az\u0259rbaycan, Rusiya v\u0259 Erm\u0259nistan liderl\u0259rinin imzalad\u0131qlar\u0131 10 noyabr 2020-ci il tarixli \u00fc\u00e7t\u0259r\u0259fli B\u0259yanata \u0259sas\u0259n, Rusiya s\u00fclhm\u0259raml\u0131lar\u0131n\u0131n Qaraba\u011fdak\u0131 f\u0259aliyy\u0259t m\u00fcdd\u0259ti 2025-ci ild\u0259 bitirdi. Bu raz\u0131la\u015fma ill\u0259 bir daha s\u00fcbut olundu\u00a0 ki, Az\u0259rbaycanla Rusiya aras\u0131nda n\u0259inki h\u0259r hans\u0131 anla\u015f\u0131lmazl\u0131q yoxdur, \u0259ksin\u0259, iki \u00f6lk\u0259 aras\u0131nda qar\u015f\u0131l\u0131ql\u0131 anlay\u0131\u015f v\u0259 \u0259m\u0259kda\u015fl\u0131\u011fa \u0259saslanan sa\u011flam \u0259laq\u0259l\u0259r m\u00f6vcuddur. Bu m\u0259qamda T\u00fcrkiy\u0259nin Az\u0259rbaycandak\u0131 sabiq s\u0259firi, \u201c\u0130MZA\u201d \u0130ctimai Birliyinin T\u00fcrkiy\u0259 t\u0259msil\u00e7isi Hulusi K\u0131l\u0131\u00e7\u0131n bu s\u00f6zl\u0259rini d\u0259 xat\u0131rlatmaq yerin\u0259 d\u00fc\u015f\u0259rdi: \u201cFikrimc\u0259, h\u0259r iki d\u00f6vl\u0259t ba\u015f\u00e7\u0131s\u0131 obyektiv reall\u0131qlar\u0131 d\u00fczg\u00fcn qiym\u0259tl\u0259ndirm\u0259kl\u0259 yana\u015f\u0131, h\u0259m d\u0259 Q\u0259rb dair\u0259l\u0259rinin h\u0259r iki \u00f6lk\u0259ni, h\u0259tta dey\u0259rdim ki, T\u00fcrkiy\u0259ni d\u0259 oyuna \u00e7\u0259km\u0259k \u00fc\u00e7\u00fcn c\u0131zd\u0131qlar\u0131 planlar\u0131 alt-\u00fcst edibl\u0259r\u201d.<\/p>\n<p><img src=\"https:\/\/ikisahil.az\/upload\/\/2023\/11\/08\/\/-aa78c3db169944718832912457110326915.jpg\" alt=\"\" \/><\/p>\n<p>Bu tarixi hadis\u0259d\u0259n bir g\u00fcn sonra bir g\u00fcn sonra is\u0259, daha do\u011frusu, 2024-c\u00fc il aprelin 19-da he\u00e7 bir vasit\u0259\u00e7i olmadan Qazax\u0131n Erm\u0259nistan t\u0259r\u0259find\u0259n i\u015f\u011fal olunan 4 k\u0259ndinin (Ba\u011fanis Ayr\u0131m, A\u015fa\u011f\u0131 \u018fskipara, Xeyrimli v\u0259 Q\u0131z\u0131lhac\u0131l\u0131) Az\u0259rbaycana qaytar\u0131lmas\u0131 bar\u0259d\u0259 raz\u0131l\u0131q \u0259ld\u0259 edildi. \u00d6z\u00fc d\u0259 bu, b\u00f6lg\u0259d\u0259 g\u0259rginlik yaratmaq ist\u0259y\u0259n v\u0259 bu g\u00fcn d\u0259 davam ed\u0259n Q\u0259rbin aktivliyi \u015f\u0259raitind\u0259 ba\u015f verdi. Bununla da Q\u0259rbi bir daha heyr\u0259tl\u0259ndidi. Prezident \u0130lham \u018fliyev bir daha g\u00f6st\u0259rdi ki, Onun r\u0259hb\u0259rlik etdiyi Az\u0259rbaycan regionun t\u0259hl\u00fck\u0259sizliyin\u0259 s\u0259b\u0259b olacaq t\u0259hdidl\u0259ri aradan qald\u0131rmaq iqtidar\u0131ndad\u0131r.<br \/>\nN\u00f6vb\u0259ti tarixi u\u011fur\u00a0onu g\u00f6st\u0259rir ki, d\u00f6vl\u0259timizin ba\u015f\u00e7\u0131s\u0131 \u0130lham \u018fliyevin dediyi kimi, xalq\u0131m\u0131z ona m\u0259xsus olan torpaqlar\u0131n bir qar\u0131\u015f\u0131ndan bel\u0259 imtina etm\u0259y\u0259c\u0259k, bu m\u0259s\u0259l\u0259d\u0259 kims\u0259y\u0259 g\u00fcz\u0259\u015ft olunmayacaq. D\u00f6vl\u0259timizin ba\u015f\u00e7\u0131s\u0131 bununla bir daha s\u00fcbut etdi ki, regionda \u0259sas s\u00f6z sahibi Az\u0259rbaycand\u0131r v\u0259 kimin n\u0259 dem\u0259yind\u0259n as\u0131l\u0131 olmayaraq, d\u00f6vl\u0259timiz \u00f6z maraqlar\u0131n\u0131 q\u0259tiyy\u0259tl\u0259 m\u00fcdafi\u0259 ed\u0259c\u0259k, qar\u015f\u0131s\u0131na qoydu\u011fu h\u0259d\u0259fl\u0259r\u0259 nail olacaq. Eyni zamanda, regionun, b\u00fct\u00f6vl\u00fckd\u0259 d\u00fcnyada \u0259dal\u0259tliliyin t\u0259bli\u011fat\u00e7\u0131s\u0131 kimi \u00e7\u0131x\u0131\u015f etm\u0259kd\u0259 davam ed\u0259c\u0259k.<\/p>\n<p><img src=\"https:\/\/ikisahil.az\/upload\/\/2024\/01\/10\/\/-bb7946e7170490291129685291210957777.jpg\" alt=\"\" \/><\/p>\n<p>Son 4 ild\u0259 Az\u0259rbaydanda s\u00f6z\u00fcn h\u0259qiqi m\u0259nas\u0131nda m\u00f6c\u00fcz\u0259l\u0259r ya\u015fand\u0131. \u018fld\u0259 edil\u0259n bu nailiyy\u0259tl\u0259r Az\u0259rbaycan\u0131n bu g\u00fcn hans\u0131 q\u00fcdr\u0259t sahibi oldu\u011fu bar\u0259d\u0259 dol\u011fun m\u0259lumat yaratma\u011fa imkan verir. \u015e\u00fcbh\u0259siz, b\u00fct\u00fcn bu u\u011furlar\u0131n \u0259sas\u0131n\u0131 Prezident \u0130lham \u018fliyevin d\u00fcnya miqyas\u0131nda h\u0259yata ke\u00e7irdiyi diplomatik gedi\u015fl\u0259r t\u0259\u015fkil edir. H\u0259m h\u0259rb meydan\u0131nda, h\u0259m d\u0259 siyasi arenada bel\u0259 diplomatik gedi\u015fl\u0259r etm\u0259k is\u0259 h\u0259r siyas\u0259t\u00e7iy\u0259 n\u0259sib olmur.<br \/>\nLakin g\u00f6r\u00fcn\u0259n budur ki, Fransan\u0131n t\u0259siri alt\u0131nda olan Q\u0259rbin n\u00fcfuzlu t\u0259sisatlar\u0131ndan tutmu\u015f dig\u0259r qlobal t\u0259\u015fkilatlara q\u0259d\u0259r bir \u00e7oxlar\u0131 C\u0259nubi Qafqazdak\u0131 prosesl\u0259rd\u0259n \u00e7ox narahatl\u0131q ke\u00e7irirl\u0259r. Odur ki, onlar yen\u0259 \u00f6z al\u0259ml\u0259rind\u0259dirl\u0259r.\u00a0 Amma ke\u00e7ilmi\u015f yola n\u0259z\u0259r salanda \u0259minlikl\u0259 dem\u0259k olar ki, \u00f6z xalq\u0131na arxalanan, onun sonsuz sevgisini qazanan v\u0259 siyasi qrossmeystr kimi tan\u0131nan Prezident \u0130lham \u018fliyev beyn\u0259lxalq h\u00fcquq normalar\u0131 \u00e7\u0259r\u00e7iv\u0259sind\u0259 h\u0259yata ke\u00e7irdiyi n\u00f6vb\u0259ti siyasi gedi\u015fl\u0259ri il\u0259 b\u0259dniyy\u0259tlil\u0259rin \u00e7irkin niyy\u0259tl\u0259rini tam fiaskoya u\u011fradaraq onlar\u0131 yen\u0259 d\u0259\u00a0 mat qoyacaq.<\/p>\n","protected":false},"excerpt":{"rendered":"<p>Az\u0259rbaycan Ordusu M\u00fcz\u0259ff\u0259r Ali Ba\u015f Komandan \u0130lham \u018fliyevin r\u0259hb\u0259rliyi il\u0259 44 g\u00fcnl\u00fck V\u0259t\u0259n m\u00fcharib\u0259sind\u0259n sonra \u00f6z \u0259razi b\u00fct\u00f6vl\u00fcy\u00fcn\u00fc b\u0259rpa etdi. Bununla yana\u015f\u0131, h\u0259m d\u0259 b\u00f6lg\u0259d\u0259 yeni reall\u0131qlar yaratd\u0131. \u00d6t\u0259n il sentyabr\u0131n c\u0259mi 23 saat davam etmi\u015f lokal antiterror t\u0259dbirl\u0259ri n\u0259tic\u0259sind\u0259 b\u00fct\u00fcn \u00f6lk\u0259 \u00fczr\u0259 suverenliyimiz b\u0259rq\u0259rar oldu. Xank\u0259ndi v\u0259 \u0259traf\u0131 erm\u0259ni separat\u00e7\u0131lar\u0131ndan tamamil\u0259 t\u0259mizl\u0259ndi. Birinci kapitulyasiya 10 dekabr 2020-ci il parad\u0131 il\u0259 qeyd edildis\u0259, ikinci kapitulyasiya 8 noyabr 2023-c\u00fc ild\u0259 Xank\u0259ndi parad\u0131 il\u0259 qeyd edildi.\u00a0\u00a0 Q\u0259rb, x\u00fcsusil\u0259 Fransa bu u\u011furlar\u0131m\u0131z\u0131 h\u0259zm etm\u0259y\u0259 imkan tapmam\u0131\u015f Az\u0259rbaycan daha bir tarixi Z\u0259f\u0259r\u0259 imza atd\u0131.&hellip;<\/p>\n","protected":false},"author":2,"featured_media":713705,"comment_status":"closed","ping_status":"closed","sticky":false,"template":"","format":"standard","meta":{"om_disable_all_campaigns":false,"_monsterinsights_skip_tracking":false,"_monsterinsights_sitenote_active":false,"_monsterinsights_sitenote_note":"","_monsterinsights_sitenote_category":0},"categories":[19],"tags":[],"aioseo_notices":[],"gutentor_comment":0,"rttpg_featured_image_url":{"full":["https:\/\/arantv.az\/wp-content\/uploads\/2024\/04\/439d8c97168992835343807998010037498.jpg",975,540,false],"landscape":["https:\/\/arantv.az\/wp-content\/uploads\/2024\/04\/439d8c97168992835343807998010037498.jpg",975,540,false],"portraits":["https:\/\/arantv.az\/wp-content\/uploads\/2024\/04\/439d8c97168992835343807998010037498.jpg",975,540,false],"thumbnail":["https:\/\/arantv.az\/wp-content\/uploads\/2024\/04\/439d8c97168992835343807998010037498-500x280.jpg",500,280,true],"medium":["https:\/\/arantv.az\/wp-content\/uploads\/2024\/04\/439d8c97168992835343807998010037498-660x365.jpg",660,365,true],"large":["https:\/\/arantv.az\/wp-content\/uploads\/2024\/04\/439d8c97168992835343807998010037498-840x465.jpg",640,354,true],"1536x1536":["https:\/\/arantv.az\/wp-content\/uploads\/2024\/04\/439d8c97168992835343807998010037498.jpg",975,540,false],"2048x2048":["https:\/\/arantv.az\/wp-content\/uploads\/2024\/04\/439d8c97168992835343807998010037498.jpg",975,540,false],"post-thumbnail":["https:\/\/arantv.az\/wp-content\/uploads\/2024\/04\/439d8c97168992835343807998010037498-240x172.jpg",240,172,true],"advps-thumb-one":["https:\/\/arantv.az\/wp-content\/uploads\/2024\/04\/439d8c97168992835343807998010037498.jpg",975,540,false]},"rttpg_author":{"display_name":"V\u00fcsal Rafiqo\u011flu","author_link":"https:\/\/arantv.az\/?author=2"},"rttpg_comment":0,"rttpg_category":"<a href=\"https:\/\/arantv.az\/?cat=19\" rel=\"category\">G\u00fcnd\u0259m<\/a>","rttpg_excerpt":"Az\u0259rbaycan Ordusu M\u00fcz\u0259ff\u0259r Ali Ba\u015f Komandan \u0130lham \u018fliyevin r\u0259hb\u0259rliyi il\u0259 44 g\u00fcnl\u00fck V\u0259t\u0259n m\u00fcharib\u0259sind\u0259n sonra \u00f6z \u0259razi b\u00fct\u00f6vl\u00fcy\u00fcn\u00fc b\u0259rpa etdi. Bununla yana\u015f\u0131, h\u0259m d\u0259 b\u00f6lg\u0259d\u0259 yeni reall\u0131qlar yaratd\u0131. \u00d6t\u0259n il sentyabr\u0131n c\u0259mi 23 saat davam etmi\u015f lokal antiterror t\u0259dbirl\u0259ri n\u0259tic\u0259sind\u0259 b\u00fct\u00fcn \u00f6lk\u0259 \u00fczr\u0259 suverenliyimiz b\u0259rq\u0259rar oldu. Xank\u0259ndi v\u0259 \u0259traf\u0131 erm\u0259ni separat\u00e7\u0131lar\u0131ndan tamamil\u0259 t\u0259mizl\u0259ndi. Birinci kapitulyasiya&hellip;","_links":{"self":[{"href":"https:\/\/arantv.az\/index.php?rest_route=\/wp\/v2\/posts\/713704"}],"collection":[{"href":"https:\/\/arantv.az\/index.php?rest_route=\/wp\/v2\/posts"}],"about":[{"href":"https:\/\/arantv.az\/index.php?rest_route=\/wp\/v2\/types\/post"}],"author":[{"embeddable":true,"href":"https:\/\/arantv.az\/index.php?rest_route=\/wp\/v2\/users\/2"}],"replies":[{"embeddable":true,"href":"https:\/\/arantv.az\/index.php?rest_route=%2Fwp%2Fv2%2Fcomments&post=713704"}],"version-history":[{"count":0,"href":"https:\/\/arantv.az\/index.php?rest_route=\/wp\/v2\/posts\/713704\/revisions"}],"wp:featuredmedia":[{"embeddable":true,"href":"https:\/\/arantv.az\/index.php?rest_route=\/wp\/v2\/media\/713705"}],"wp:attachment":[{"href":"https:\/\/arantv.az\/index.php?rest_route=%2Fwp%2Fv2%2Fmedia&parent=713704"}],"wp:term":[{"taxonomy":"category","embeddable":true,"href":"https:\/\/arantv.az\/index.php?rest_route=%2Fwp%2Fv2%2Fcategories&post=713704"},{"taxonomy":"post_tag","embeddable":true,"href":"https:\/\/arantv.az\/index.php?rest_route=%2Fwp%2Fv2%2Ftags&post=713704"}],"curies":[{"name":"wp","href":"https:\/\/api.w.org\/{rel}","templated":true}]}}