{"id":713859,"date":"2024-04-22T10:54:19","date_gmt":"2024-04-22T06:54:19","guid":{"rendered":"https:\/\/arantv.az\/?p=713859"},"modified":"2024-04-22T11:05:17","modified_gmt":"2024-04-22T07:05:17","slug":"nazird%c9%99n-yuks%c9%99k-v%c9%99zif%c9%99y%c9%99-t%c9%99yinat-foto-2","status":"publish","type":"post","link":"https:\/\/arantv.az\/?p=713859","title":{"rendered":"Nazird\u0259n y\u00fcks\u0259k v\u0259zif\u0259y\u0259 T\u018fY\u0130NAT &#8211; FOTO"},"content":{"rendered":"<p>Elm v\u0259 t\u0259hsil naziri Emin \u018fmrullayevin m\u00fcvafiq \u0259mri il\u0259 nazirliyin T\u0259hsilin iqtisadiyyat\u0131 \u015f\u00f6b\u0259sin\u0259\u00a0 m\u00fcdir t\u0259yin edilib.<\/p>\n<p>\u201cAz\u0259rbaycan m\u00fc\u0259llimi\u201d x\u0259b\u0259r verir ki, bu v\u0259zif\u0259y\u0259 \u0130lqar Bayraml\u0131 t\u0259yinat al\u0131b.<\/p>\n<p>O, Az\u0259rbaycan D\u00f6vl\u0259t \u0130qtisad Universitetinin Beyn\u0259lxalq iqtisadi m\u00fcnasib\u0259tl\u0259r fak\u00fclt\u0259sini f\u0259rql\u0259nm\u0259 il\u0259 bitirib. Az\u0259rbaycan Milli Elml\u0259r Akademiyas\u0131n\u0131n Kibernetika \u0130nstitutunda iqtisadi-riyazi \u00fcsullar ixtisas\u0131 \u00fczr\u0259 aspirantura t\u0259hsili al\u0131b.<\/p>\n<p>2022-ci ild\u0259n Elm v\u0259 T\u0259hsil Nazirliyinin T\u0259hsilin iqtisadiyyat\u0131 \u015f\u00f6b\u0259sinin m\u00fcdir m\u00fcavini v\u0259zif\u0259sind\u0259 \u00e7al\u0131\u015f\u0131b.<\/p>\n<p>&nbsp;<\/p>\n<div class=\"gallery\">\n<div class=\"gallery-i\"><img src=\"https:\/\/cdn.oxu.az\/uploads\/W1siZiIsIjIwMjQvMDQvMjIvMTAvMjcvMzUvOTBkYmI5MDEtZTY5ZS00ZTBiLWFmZWItODhiOTZkNTA0ZDdhL3llbml0ZXlpbmF0MjI0MjAyNF8xNzEzNzc5NDczLmpwZWciXSxbInAiLCJlbmNvZGUiLCJqcGciLCItcXVhbGl0eSA4MCJdLFsicCIsInRodW1iIiwiNTkweDU5MFx1MDAzZSJdXQ?sha=eb7d8b313d8a4dc7\" alt=\"\" \/><\/div>\n<\/div>\n","protected":false},"excerpt":{"rendered":"<p>Elm v\u0259 t\u0259hsil naziri Emin \u018fmrullayevin m\u00fcvafiq \u0259mri il\u0259 nazirliyin T\u0259hsilin iqtisadiyyat\u0131 \u015f\u00f6b\u0259sin\u0259\u00a0 m\u00fcdir t\u0259yin edilib. \u201cAz\u0259rbaycan m\u00fc\u0259llimi\u201d x\u0259b\u0259r verir ki, bu v\u0259zif\u0259y\u0259 \u0130lqar Bayraml\u0131 t\u0259yinat al\u0131b. O, Az\u0259rbaycan D\u00f6vl\u0259t \u0130qtisad Universitetinin Beyn\u0259lxalq iqtisadi m\u00fcnasib\u0259tl\u0259r fak\u00fclt\u0259sini f\u0259rql\u0259nm\u0259 il\u0259 bitirib. Az\u0259rbaycan Milli Elml\u0259r Akademiyas\u0131n\u0131n Kibernetika \u0130nstitutunda iqtisadi-riyazi \u00fcsullar ixtisas\u0131 \u00fczr\u0259 aspirantura t\u0259hsili al\u0131b. 2022-ci ild\u0259n Elm v\u0259 T\u0259hsil Nazirliyinin T\u0259hsilin iqtisadiyyat\u0131 \u015f\u00f6b\u0259sinin m\u00fcdir m\u00fcavini v\u0259zif\u0259sind\u0259 \u00e7al\u0131\u015f\u0131b. &nbsp;<\/p>\n","protected":false},"author":2,"featured_media":468268,"comment_status":"closed","ping_status":"closed","sticky":false,"template":"","format":"standard","meta":{"om_disable_all_campaigns":false,"_monsterinsights_skip_tracking":false,"_monsterinsights_sitenote_active":false,"_monsterinsights_sitenote_note":"","_monsterinsights_sitenote_category":0},"categories":[23],"tags":[],"aioseo_notices":[],"gutentor_comment":0,"rttpg_featured_image_url":{"full":["https:\/\/arantv.az\/wp-content\/uploads\/2022\/04\/emin_emrullayev_0471.jpg",800,600,false],"landscape":["https:\/\/arantv.az\/wp-content\/uploads\/2022\/04\/emin_emrullayev_0471.jpg",800,600,false],"portraits":["https:\/\/arantv.az\/wp-content\/uploads\/2022\/04\/emin_emrullayev_0471.jpg",800,600,false],"thumbnail":["https:\/\/arantv.az\/wp-content\/uploads\/2022\/04\/emin_emrullayev_0471-500x280.jpg",500,280,true],"medium":["https:\/\/arantv.az\/wp-content\/uploads\/2022\/04\/emin_emrullayev_0471-487x365.jpg",487,365,true],"large":["https:\/\/arantv.az\/wp-content\/uploads\/2022\/04\/emin_emrullayev_0471.jpg",640,480,false],"1536x1536":["https:\/\/arantv.az\/wp-content\/uploads\/2022\/04\/emin_emrullayev_0471.jpg",800,600,false],"2048x2048":["https:\/\/arantv.az\/wp-content\/uploads\/2022\/04\/emin_emrullayev_0471.jpg",800,600,false],"post-thumbnail":["https:\/\/arantv.az\/wp-content\/uploads\/2022\/04\/emin_emrullayev_0471-240x172.jpg",240,172,true],"advps-thumb-one":["https:\/\/arantv.az\/wp-content\/uploads\/2022\/04\/emin_emrullayev_0471.jpg",800,600,false]},"rttpg_author":{"display_name":"V\u00fcsal Rafiqo\u011flu","author_link":"https:\/\/arantv.az\/?author=2"},"rttpg_comment":0,"rttpg_category":"<a href=\"https:\/\/arantv.az\/?cat=23\" rel=\"category\">T\u0259hsil<\/a>","rttpg_excerpt":"Elm v\u0259 t\u0259hsil naziri Emin \u018fmrullayevin m\u00fcvafiq \u0259mri il\u0259 nazirliyin T\u0259hsilin iqtisadiyyat\u0131 \u015f\u00f6b\u0259sin\u0259\u00a0 m\u00fcdir t\u0259yin edilib. \u201cAz\u0259rbaycan m\u00fc\u0259llimi\u201d x\u0259b\u0259r verir ki, bu v\u0259zif\u0259y\u0259 \u0130lqar Bayraml\u0131 t\u0259yinat al\u0131b. O, Az\u0259rbaycan D\u00f6vl\u0259t \u0130qtisad Universitetinin Beyn\u0259lxalq iqtisadi m\u00fcnasib\u0259tl\u0259r fak\u00fclt\u0259sini f\u0259rql\u0259nm\u0259 il\u0259 bitirib. Az\u0259rbaycan Milli Elml\u0259r Akademiyas\u0131n\u0131n Kibernetika \u0130nstitutunda iqtisadi-riyazi \u00fcsullar ixtisas\u0131 \u00fczr\u0259 aspirantura t\u0259hsili al\u0131b. 2022-ci ild\u0259n Elm&hellip;","_links":{"self":[{"href":"https:\/\/arantv.az\/index.php?rest_route=\/wp\/v2\/posts\/713859"}],"collection":[{"href":"https:\/\/arantv.az\/index.php?rest_route=\/wp\/v2\/posts"}],"about":[{"href":"https:\/\/arantv.az\/index.php?rest_route=\/wp\/v2\/types\/post"}],"author":[{"embeddable":true,"href":"https:\/\/arantv.az\/index.php?rest_route=\/wp\/v2\/users\/2"}],"replies":[{"embeddable":true,"href":"https:\/\/arantv.az\/index.php?rest_route=%2Fwp%2Fv2%2Fcomments&post=713859"}],"version-history":[{"count":0,"href":"https:\/\/arantv.az\/index.php?rest_route=\/wp\/v2\/posts\/713859\/revisions"}],"wp:featuredmedia":[{"embeddable":true,"href":"https:\/\/arantv.az\/index.php?rest_route=\/wp\/v2\/media\/468268"}],"wp:attachment":[{"href":"https:\/\/arantv.az\/index.php?rest_route=%2Fwp%2Fv2%2Fmedia&parent=713859"}],"wp:term":[{"taxonomy":"category","embeddable":true,"href":"https:\/\/arantv.az\/index.php?rest_route=%2Fwp%2Fv2%2Fcategories&post=713859"},{"taxonomy":"post_tag","embeddable":true,"href":"https:\/\/arantv.az\/index.php?rest_route=%2Fwp%2Fv2%2Ftags&post=713859"}],"curies":[{"name":"wp","href":"https:\/\/api.w.org\/{rel}","templated":true}]}}