{"id":713883,"date":"2024-04-22T11:23:09","date_gmt":"2024-04-22T07:23:09","guid":{"rendered":"https:\/\/arantv.az\/?p=713883"},"modified":"2024-04-22T11:23:09","modified_gmt":"2024-04-22T07:23:09","slug":"9-v%c9%99-28-mayda-ardicil-qeyri-is-gunl%c9%99ri-olacaq","status":"publish","type":"post","link":"https:\/\/arantv.az\/?p=713883","title":{"rendered":"9 v\u0259 28 mayda ard\u0131c\u0131l qeyri i\u015f g\u00fcnl\u0259ri olacaq?"},"content":{"rendered":"<p>Bu ilin may ay\u0131n\u0131n qeyri-i\u015f g\u00fcnl\u0259ri m\u0259lum olub.<\/p>\n<p><strong>ARANTV.AZ<\/strong> \u00a0<a title=\"xeberler son xeberler 2024\" href=\"https:\/\/big.az\/\" target=\"_blank\" rel=\"noopener\">x\u0259b\u0259r<\/a>\u00a0verir ki, n\u00f6vb\u0259ti ay 9 May Q\u0259l\u0259b\u0259 G\u00fcn\u00fc v\u0259 28 May \u2013 Respublika G\u00fcn\u00fc m\u00fcnasib\u0259til\u0259 bayram olacaq. 9 May Q\u0259l\u0259b\u0259 G\u00fcn\u00fc 4-c\u00fc g\u00fcn\u0259 t\u0259sad\u00fcf edir, 11 v\u0259 12 may is\u0259 istirah\u0259t g\u00fcnl\u0259ridir. O c\u00fcml\u0259d\u0259n bu il 28 May M\u00fcst\u0259qillik G\u00fcn\u00fc 2-ci g\u00fcn\u0259 d\u00fc\u015f\u00fcr, 25 v\u0259 26 may tarixl\u0259ri is\u0259 \u015f\u0259nb\u0259-bazard\u0131r.<\/p>\n<p>\u0130\u015f v\u0259 istirah\u0259t g\u00fcnl\u0259rinin ard\u0131c\u0131l olmas\u0131n\u0131 t\u0259min etm\u0259k m\u0259qs\u0259dil\u0259 &#8220;Az\u0259rbaycan Respublikas\u0131n\u0131n \u018fm\u0259k M\u0259c\u0259ll\u0259sin\u0259 d\u0259yi\u015fiklik edilm\u0259si bar\u0259d\u0259&#8221; Az\u0259rbaycan Respublikas\u0131n\u0131n 2006-c\u0131 il 8 dekabr tarixli 194-IIIQD n\u00f6mr\u0259li Qanununun t\u0259tbiq edilm\u0259si haqq\u0131nda&#8221; Az\u0259rbaycan Respublikas\u0131 Prezidentinin 2006-c\u0131 il 18 dekabr tarixli 489 n\u00f6mr\u0259li F\u0259rman\u0131n\u0131n 2-ci hiss\u0259sin\u0259 \u0259sas\u0259n h\u0259r il Az\u0259rbaycan Respublikas\u0131n\u0131n Nazirl\u0259r Kabineti bayram g\u00fcnl\u0259ri il\u0259 qeyri i\u015f g\u00fcnl\u0259rinin yerl\u0259rini d\u0259yi\u015fdirir.<\/p>\n<p>Lakin bu bar\u0259d\u0259 h\u0259l\u0259lik Nazirl\u0259r Kabinetinin q\u0259rar\u0131 yoxdur.<\/p>\n","protected":false},"excerpt":{"rendered":"<p>Bu ilin may ay\u0131n\u0131n qeyri-i\u015f g\u00fcnl\u0259ri m\u0259lum olub. ARANTV.AZ \u00a0x\u0259b\u0259r\u00a0verir ki, n\u00f6vb\u0259ti ay 9 May Q\u0259l\u0259b\u0259 G\u00fcn\u00fc v\u0259 28 May \u2013 Respublika G\u00fcn\u00fc m\u00fcnasib\u0259til\u0259 bayram olacaq. 9 May Q\u0259l\u0259b\u0259 G\u00fcn\u00fc 4-c\u00fc g\u00fcn\u0259 t\u0259sad\u00fcf edir, 11 v\u0259 12 may is\u0259 istirah\u0259t g\u00fcnl\u0259ridir. O c\u00fcml\u0259d\u0259n bu il 28 May M\u00fcst\u0259qillik G\u00fcn\u00fc 2-ci g\u00fcn\u0259 d\u00fc\u015f\u00fcr, 25 v\u0259 26 may tarixl\u0259ri is\u0259 \u015f\u0259nb\u0259-bazard\u0131r. \u0130\u015f v\u0259 istirah\u0259t g\u00fcnl\u0259rinin ard\u0131c\u0131l olmas\u0131n\u0131 t\u0259min etm\u0259k m\u0259qs\u0259dil\u0259 &#8220;Az\u0259rbaycan Respublikas\u0131n\u0131n \u018fm\u0259k M\u0259c\u0259ll\u0259sin\u0259 d\u0259yi\u015fiklik edilm\u0259si bar\u0259d\u0259&#8221; Az\u0259rbaycan Respublikas\u0131n\u0131n 2006-c\u0131 il 8 dekabr tarixli 194-IIIQD n\u00f6mr\u0259li Qanununun t\u0259tbiq edilm\u0259si haqq\u0131nda&#8221; Az\u0259rbaycan Respublikas\u0131&hellip;<\/p>\n","protected":false},"author":2,"featured_media":713884,"comment_status":"closed","ping_status":"closed","sticky":false,"template":"","format":"standard","meta":{"om_disable_all_campaigns":false,"_monsterinsights_skip_tracking":false,"_monsterinsights_sitenote_active":false,"_monsterinsights_sitenote_note":"","_monsterinsights_sitenote_category":0},"categories":[1],"tags":[],"aioseo_notices":[],"gutentor_comment":0,"rttpg_featured_image_url":{"full":["https:\/\/arantv.az\/wp-content\/uploads\/2024\/04\/may_71713770219.jpg",649,487,false],"landscape":["https:\/\/arantv.az\/wp-content\/uploads\/2024\/04\/may_71713770219.jpg",649,487,false],"portraits":["https:\/\/arantv.az\/wp-content\/uploads\/2024\/04\/may_71713770219.jpg",649,487,false],"thumbnail":["https:\/\/arantv.az\/wp-content\/uploads\/2024\/04\/may_71713770219-500x280.jpg",500,280,true],"medium":["https:\/\/arantv.az\/wp-content\/uploads\/2024\/04\/may_71713770219-486x365.jpg",486,365,true],"large":["https:\/\/arantv.az\/wp-content\/uploads\/2024\/04\/may_71713770219.jpg",640,480,false],"1536x1536":["https:\/\/arantv.az\/wp-content\/uploads\/2024\/04\/may_71713770219.jpg",649,487,false],"2048x2048":["https:\/\/arantv.az\/wp-content\/uploads\/2024\/04\/may_71713770219.jpg",649,487,false],"post-thumbnail":["https:\/\/arantv.az\/wp-content\/uploads\/2024\/04\/may_71713770219-240x172.jpg",240,172,true],"advps-thumb-one":["https:\/\/arantv.az\/wp-content\/uploads\/2024\/04\/may_71713770219.jpg",649,487,false]},"rttpg_author":{"display_name":"V\u00fcsal Rafiqo\u011flu","author_link":"https:\/\/arantv.az\/?author=2"},"rttpg_comment":0,"rttpg_category":"<a href=\"https:\/\/arantv.az\/?cat=1\" rel=\"category\">C\u0259miyy\u0259t<\/a>","rttpg_excerpt":"Bu ilin may ay\u0131n\u0131n qeyri-i\u015f g\u00fcnl\u0259ri m\u0259lum olub. ARANTV.AZ \u00a0x\u0259b\u0259r\u00a0verir ki, n\u00f6vb\u0259ti ay 9 May Q\u0259l\u0259b\u0259 G\u00fcn\u00fc v\u0259 28 May \u2013 Respublika G\u00fcn\u00fc m\u00fcnasib\u0259til\u0259 bayram olacaq. 9 May Q\u0259l\u0259b\u0259 G\u00fcn\u00fc 4-c\u00fc g\u00fcn\u0259 t\u0259sad\u00fcf edir, 11 v\u0259 12 may is\u0259 istirah\u0259t g\u00fcnl\u0259ridir. O c\u00fcml\u0259d\u0259n bu il 28 May M\u00fcst\u0259qillik G\u00fcn\u00fc 2-ci g\u00fcn\u0259 d\u00fc\u015f\u00fcr, 25 v\u0259 26&hellip;","_links":{"self":[{"href":"https:\/\/arantv.az\/index.php?rest_route=\/wp\/v2\/posts\/713883"}],"collection":[{"href":"https:\/\/arantv.az\/index.php?rest_route=\/wp\/v2\/posts"}],"about":[{"href":"https:\/\/arantv.az\/index.php?rest_route=\/wp\/v2\/types\/post"}],"author":[{"embeddable":true,"href":"https:\/\/arantv.az\/index.php?rest_route=\/wp\/v2\/users\/2"}],"replies":[{"embeddable":true,"href":"https:\/\/arantv.az\/index.php?rest_route=%2Fwp%2Fv2%2Fcomments&post=713883"}],"version-history":[{"count":0,"href":"https:\/\/arantv.az\/index.php?rest_route=\/wp\/v2\/posts\/713883\/revisions"}],"wp:featuredmedia":[{"embeddable":true,"href":"https:\/\/arantv.az\/index.php?rest_route=\/wp\/v2\/media\/713884"}],"wp:attachment":[{"href":"https:\/\/arantv.az\/index.php?rest_route=%2Fwp%2Fv2%2Fmedia&parent=713883"}],"wp:term":[{"taxonomy":"category","embeddable":true,"href":"https:\/\/arantv.az\/index.php?rest_route=%2Fwp%2Fv2%2Fcategories&post=713883"},{"taxonomy":"post_tag","embeddable":true,"href":"https:\/\/arantv.az\/index.php?rest_route=%2Fwp%2Fv2%2Ftags&post=713883"}],"curies":[{"name":"wp","href":"https:\/\/api.w.org\/{rel}","templated":true}]}}