{"id":713895,"date":"2024-04-22T11:30:19","date_gmt":"2024-04-22T07:30:19","guid":{"rendered":"https:\/\/arantv.az\/?p=713895"},"modified":"2024-04-22T11:30:19","modified_gmt":"2024-04-22T07:30:19","slug":"bakida-qdi%c9%99t-%c9%99-uzv-dovl%c9%99tl%c9%99rin-turizm-uzr%c9%99-t%c9%99hsil-mu%c9%99ssis%c9%99l%c9%99rinin-gorusu-kecirilir-foto","status":"publish","type":"post","link":"https:\/\/arantv.az\/?p=713895","title":{"rendered":"Bak\u0131da QD\u0130\u018fT-\u0259 \u00fczv d\u00f6vl\u0259tl\u0259rin turizm \u00fczr\u0259 t\u0259hsil m\u00fc\u0259ssis\u0259l\u0259rinin g\u00f6r\u00fc\u015f\u00fc ke\u00e7irilir &#8211; FOTO"},"content":{"rendered":"<p>Bak\u0131da turizm t\u0259hsili \u00fczr\u0259 \u0259m\u0259kda\u015fl\u0131q, perspektiv v\u0259 probleml\u0259rin m\u00fczakir\u0259si m\u0259qs\u0259dil\u0259 Qara D\u0259niz \u0130qtisadi \u018fm\u0259kda\u015fl\u0131q T\u0259\u015fkilat\u0131na \u00fczv d\u00f6vl\u0259tl\u0259rin turizm \u00fczr\u0259 t\u0259hsil m\u00fc\u0259ssis\u0259l\u0259rinin 1-ci g\u00f6r\u00fc\u015f\u00fc ke\u00e7irilir.<\/p>\n<p>\u201cReport\u201dun m\u0259lumat\u0131na g\u00f6r\u0259, g\u00f6r\u00fc\u015f D\u00f6vl\u0259t Turizm Agentliyi v\u0259 Qara D\u0259niz \u0130qtisadi \u018fm\u0259kda\u015fl\u0131q T\u0259\u015fkilat\u0131n\u0131n (QD\u0130\u018fT) birg\u0259 t\u0259\u015f\u0259bb\u00fcs\u00fc il\u0259 ba\u015f tutur.<\/p>\n<p>G\u00f6r\u00fc\u015fd\u0259 Az\u0259rbaycan, T\u00fcrkiy\u0259, Rusiya, Albaniya, Bolqar\u0131stan, G\u00fcrc\u00fcstan, Yunan\u0131stan, Moldova, Rum\u0131niya, Serbiya v\u0259 Ukrayna daxil olmaqla t\u0259\u015fkilat\u0131n 11 \u00fczv \u00f6lk\u0259sind\u0259n r\u0259smi d\u00f6vl\u0259t n\u00fcmay\u0259nd\u0259l\u0259ri v\u0259 turizm t\u0259hsili m\u00fc\u0259ssis\u0259l\u0259rinin t\u0259msil\u00e7il\u0259ri, el\u0259c\u0259 d\u0259 BMT-nin \u00dcmumd\u00fcnya Turizm T\u0259\u015fkilat\u0131n\u0131n n\u00fcmay\u0259nd\u0259l\u0259ri i\u015ftirak edirl\u0259r.<\/p>\n<p>T\u0259dbird\u0259 \u00e7\u0131x\u0131\u015f ed\u0259n D\u00f6vl\u0259t Turizm Agentliyinin s\u0259dri Fuad Na\u011f\u0131yev QD\u0130\u018fT \u00e7\u0259r\u00e7iv\u0259sind\u0259 g\u00f6r\u00fc\u015f\u00fcn \u00fczv d\u00f6vl\u0259tl\u0259rin turizm t\u0259hsili ver\u0259n ali t\u0259hsil m\u00fc\u0259ssis\u0259l\u0259rinin bilik v\u0259 t\u0259cr\u00fcb\u0259 m\u00fcbadil\u0259sinin asanla\u015fd\u0131r\u0131lmas\u0131 bax\u0131m\u0131ndan faydal\u0131 oldu\u011funu vur\u011fulay\u0131b. F.Na\u011f\u0131yev turizm sektorunda i\u015f yerl\u0259rinin ild\u0259n-il\u0259 \u00e7oxalmas\u0131 v\u0259 karyera imkanlar\u0131n\u0131 n\u0259z\u0259r\u0259 alaraq Az\u0259rbaycan g\u0259ncl\u0259rini ixtisas se\u00e7\u0259rk\u0259n turizmy\u00f6n\u00fcml\u00fc sah\u0259l\u0259r\u0259 \u00fcst\u00fcnl\u00fck verm\u0259l\u0259rin\u0259 \u00e7a\u011f\u0131r\u0131b.<\/p>\n<p>QD\u0130\u018fT-in ba\u015f katibi Lazar Komanesku \u00e7\u0131x\u0131\u015f\u0131nda g\u00f6r\u00fc\u015f\u00fcn t\u0259\u015fkilat \u00e7\u0259r\u00e7iv\u0259sind\u0259 turizm t\u0259hsili \u00fczr\u0259 ilk bel\u0259 hadis\u0259 oldu\u011funu qeyd ed\u0259r\u0259k t\u0259dbirin t\u0259\u015fkil edilm\u0259si v\u0259 Bak\u0131da ba\u015f tutmas\u0131n\u0131n Az\u0259rbaycan\u0131n QD\u0130\u018fT-in m\u0259qs\u0259d v\u0259 v\u0259zif\u0259l\u0259rinin h\u0259yata ke\u00e7irilm\u0259sin\u0259 verdiyi t\u00f6hf\u0259l\u0259rin n\u00f6vb\u0259ti s\u00fcbutu oldu\u011funu bildirib.<\/p>\n<p>L.Komanesku turizm s\u0259nayesinin s\u00fcr\u0259tl\u0259 inki\u015faf etdiyi bir d\u00f6vrd\u0259 t\u0259hsilin bu sektorun g\u0259l\u0259c\u0259yinin formala\u015fmas\u0131nda m\u00fch\u00fcm rol oynad\u0131\u011f\u0131n\u0131 diqq\u0259t\u0259 \u00e7atd\u0131r\u0131b. O, t\u0259dbir zaman\u0131 m\u00fczakir\u0259 edil\u0259c\u0259k m\u00f6vzular\u0131n t\u0259\u015fkilata \u00fczv olan d\u00f6vl\u0259tl\u0259r aras\u0131nda \u0259m\u0259kda\u015fl\u0131\u011f\u0131n artmas\u0131na v\u0259 sektordak\u0131 probleml\u0259rin h\u0259llin\u0259 t\u0259kan ver\u0259c\u0259yin\u0259 \u0259minliyini qeyd edib.<\/p>\n<p>G\u00f6r\u00fc\u015f \u00e7\u0259r\u00e7iv\u0259sind\u0259 \u201cH\u00f6kum\u0259t, akademiya v\u0259 s\u0259nayenin \u0259laq\u0259l\u0259ndirilm\u0259si: Turizm t\u0259hsilind\u0259 \u0259n yax\u015f\u0131 t\u0259cr\u00fcb\u0259l\u0259r\u201d, \u201cKurikulum dizayn\u0131: Sabah\u0131n ehtiyaclar\u0131 \u00fc\u00e7\u00fcn turizm t\u0259hsilinin t\u0259kmill\u0259\u015fdirilm\u0259si\u201d m\u00f6vzular\u0131nda panel diskussiyalar, h\u0259m\u00e7inin \u201cTurizm t\u0259hsilind\u0259 keyfiyy\u0259t t\u0259minat\u0131 v\u0259 akkreditasiya\u201d m\u00f6vzusunda d\u0259yirmi masa ke\u00e7irilib.<\/p>\n<p>M\u00fczakir\u0259l\u0259r zaman\u0131 \u0259sas \u0259m\u0259kda\u015fl\u0131q sah\u0259l\u0259rinin v\u0259 t\u0259r\u0259fda\u015fl\u0131q imkanlar\u0131n\u0131n m\u00fc\u0259yy\u0259n edilm\u0259si, \u0259m\u0259kda\u015fl\u0131\u011f\u0131n t\u0259\u015fviqind\u0259 probleml\u0259r v\u0259 potensial h\u0259ll yollar\u0131n\u0131n m\u00fczakir\u0259si, m\u0259zunlar\u0131n turizm sektorunun t\u0259l\u0259bl\u0259rin\u0259 haz\u0131r olmalar\u0131n\u0131 t\u0259min etm\u0259k yollar\u0131, s\u0259nayed\u0259ki trendl\u0259rin t\u0259hlili v\u0259 onlar\u0131n t\u0259lim proqramlar\u0131na daxil edilm\u0259si kimi m\u00f6vzular \u0259traf\u0131nda fikir m\u00fcbadil\u0259si apar\u0131l\u0131b.<\/p>\n<p>T\u0259dbirin ikinci g\u00fcn\u00fcnd\u0259 t\u0259\u015fkilata \u00fczv \u00f6lk\u0259l\u0259r aras\u0131nda turizm t\u0259hsili \u00fczr\u0259 t\u0259r\u0259fda\u015fl\u0131q imkanlar\u0131n\u0131n geni\u015fl\u0259ndirilm\u0259si m\u00f6vzusunda d\u0259yirmi masan\u0131n t\u0259\u015fkili n\u0259z\u0259rd\u0259 tutulur.<\/p>\n<p>&nbsp;<\/p>\n<div class=\"gallery\">\n<div class=\"gallery-i\"><img src=\"https:\/\/cdn.oxu.az\/uploads\/W1siZiIsIjIwMjQvMDQvMjIvMTEvMTQvMjQvYTZhNjZhZjQtM2QyZC00YzkxLWFmNzctYzQ5NzUzNWEwM2FiL2YzNjUyYWJkLWQyYTQtM2Y1Ni04NTBhLTIyMTU1ODQ0ZjdiMS5qcGciXSxbInAiLCJlbmNvZGUiLCJqcGciLCItcXVhbGl0eSA4MCJdLFsicCIsInRodW1iIiwiNTkweDU5MFx1MDAzZSJdXQ?sha=45bdb743d8624286\" alt=\"\" \/><\/p>\n<div class=\"gallery-i-caption\"><\/div>\n<\/div>\n<div class=\"gallery-i\"><img src=\"https:\/\/cdn.oxu.az\/uploads\/W1siZiIsIjIwMjQvMDQvMjIvMTEvMTQvMjQvZjNjZDFmZDEtNGU1MC00MTRmLWEwNmItMmYyZDU5ODljYWUwLzM2ZjM5YmRlLTUzMjQtMzMyOC1hZTVhLTExZDIxNzU2M2ZjYS5qcGciXSxbInAiLCJlbmNvZGUiLCJqcGciLCItcXVhbGl0eSA4MCJdLFsicCIsInRodW1iIiwiNTkweDU5MFx1MDAzZSJdXQ?sha=fe66e77a18b85dbe\" alt=\"\" \/><\/p>\n<div class=\"gallery-i-caption\"><\/div>\n<\/div>\n<div class=\"gallery-i\"><img src=\"https:\/\/cdn.oxu.az\/uploads\/W1siZiIsIjIwMjQvMDQvMjIvMTEvMTQvMjMvNzc3ZjYyMzMtYzdmZi00NWMxLWJiOWUtZTJkNzhlOTIyYjU1L2M4Mjk1Y2M5LTE1MWUtMzczMy1iN2Y4LTkwODEwNWRjYmE0ZC5qcGciXSxbInAiLCJlbmNvZGUiLCJqcGciLCItcXVhbGl0eSA4MCJdLFsicCIsInRodW1iIiwiNTkweDU5MFx1MDAzZSJdXQ?sha=cdcfaf949329aa09\" alt=\"\" \/><\/p>\n<div class=\"gallery-i-caption\"><\/div>\n<\/div>\n<div class=\"gallery-i\"><img src=\"https:\/\/cdn.oxu.az\/uploads\/W1siZiIsIjIwMjQvMDQvMjIvMTEvMTQvMjMvYWViODUwMzItMGQzZi00NDA5LWIzNzQtYzIyODMzYjI4YTk5LzlkNWNlMTUzLTAyMDItMzBkNi1hZDJiLTY5MmRlZTAxNjQ1NS5qcGciXSxbInAiLCJlbmNvZGUiLCJqcGciLCItcXVhbGl0eSA4MCJdLFsicCIsInRodW1iIiwiNTkweDU5MFx1MDAzZSJdXQ?sha=38d557de8b9b13da\" alt=\"\" \/><\/p>\n<div class=\"gallery-i-caption\"><\/div>\n<\/div>\n<div class=\"gallery-i\"><img src=\"https:\/\/cdn.oxu.az\/uploads\/W1siZiIsIjIwMjQvMDQvMjIvMTEvMTQvMjMvZDNlYzZhZTYtM2UxYi00OTQyLWIyNmYtOGRhMmMwMDg2MDg5LzBlODA1NDAzLWMxMWItM2U4Yy04MWExLWE1OTA3ZThmYjM4MC5qcGciXSxbInAiLCJlbmNvZGUiLCJqcGciLCItcXVhbGl0eSA4MCJdLFsicCIsInRodW1iIiwiNTkweDU5MFx1MDAzZSJdXQ?sha=db582c741f162aa7\" alt=\"\" \/><\/p>\n<div class=\"gallery-i-caption\"><\/div>\n<\/div>\n<div class=\"gallery-i\"><img src=\"https:\/\/cdn.oxu.az\/uploads\/W1siZiIsIjIwMjQvMDQvMjIvMTEvMTQvMjMvYTk1NzAzMGMtYTcwOC00ZWIzLWJkMzEtNjc0YTRkZGQ1ODM3L2E3MDhlZTliLWY3YmUtM2YxOS04ZjRhLTlkMWE3MWRkZGFlNC5qcGciXSxbInAiLCJlbmNvZGUiLCJqcGciLCItcXVhbGl0eSA4MCJdLFsicCIsInRodW1iIiwiNTkweDU5MFx1MDAzZSJdXQ?sha=b7f1efd68323d5a8\" alt=\"\" \/><\/div>\n<\/div>\n","protected":false},"excerpt":{"rendered":"<p>Bak\u0131da turizm t\u0259hsili \u00fczr\u0259 \u0259m\u0259kda\u015fl\u0131q, perspektiv v\u0259 probleml\u0259rin m\u00fczakir\u0259si m\u0259qs\u0259dil\u0259 Qara D\u0259niz \u0130qtisadi \u018fm\u0259kda\u015fl\u0131q T\u0259\u015fkilat\u0131na \u00fczv d\u00f6vl\u0259tl\u0259rin turizm \u00fczr\u0259 t\u0259hsil m\u00fc\u0259ssis\u0259l\u0259rinin 1-ci g\u00f6r\u00fc\u015f\u00fc ke\u00e7irilir. \u201cReport\u201dun m\u0259lumat\u0131na g\u00f6r\u0259, g\u00f6r\u00fc\u015f D\u00f6vl\u0259t Turizm Agentliyi v\u0259 Qara D\u0259niz \u0130qtisadi \u018fm\u0259kda\u015fl\u0131q T\u0259\u015fkilat\u0131n\u0131n (QD\u0130\u018fT) birg\u0259 t\u0259\u015f\u0259bb\u00fcs\u00fc il\u0259 ba\u015f tutur. G\u00f6r\u00fc\u015fd\u0259 Az\u0259rbaycan, T\u00fcrkiy\u0259, Rusiya, Albaniya, Bolqar\u0131stan, G\u00fcrc\u00fcstan, Yunan\u0131stan, Moldova, Rum\u0131niya, Serbiya v\u0259 Ukrayna daxil olmaqla t\u0259\u015fkilat\u0131n 11 \u00fczv \u00f6lk\u0259sind\u0259n r\u0259smi d\u00f6vl\u0259t n\u00fcmay\u0259nd\u0259l\u0259ri v\u0259 turizm t\u0259hsili m\u00fc\u0259ssis\u0259l\u0259rinin t\u0259msil\u00e7il\u0259ri, el\u0259c\u0259 d\u0259 BMT-nin \u00dcmumd\u00fcnya Turizm T\u0259\u015fkilat\u0131n\u0131n n\u00fcmay\u0259nd\u0259l\u0259ri i\u015ftirak edirl\u0259r. T\u0259dbird\u0259 \u00e7\u0131x\u0131\u015f ed\u0259n D\u00f6vl\u0259t Turizm Agentliyinin s\u0259dri Fuad Na\u011f\u0131yev QD\u0130\u018fT \u00e7\u0259r\u00e7iv\u0259sind\u0259&hellip;<\/p>\n","protected":false},"author":2,"featured_media":713896,"comment_status":"closed","ping_status":"closed","sticky":false,"template":"","format":"standard","meta":{"om_disable_all_campaigns":false,"_monsterinsights_skip_tracking":false,"_monsterinsights_sitenote_active":false,"_monsterinsights_sitenote_note":"","_monsterinsights_sitenote_category":0},"categories":[4],"tags":[],"aioseo_notices":[],"gutentor_comment":0,"rttpg_featured_image_url":{"full":["https:\/\/arantv.az\/wp-content\/uploads\/2024\/04\/48e43916-476c-3686-addf-2b6856a32a8a_850.jpg",620,413,false],"landscape":["https:\/\/arantv.az\/wp-content\/uploads\/2024\/04\/48e43916-476c-3686-addf-2b6856a32a8a_850.jpg",620,413,false],"portraits":["https:\/\/arantv.az\/wp-content\/uploads\/2024\/04\/48e43916-476c-3686-addf-2b6856a32a8a_850.jpg",620,413,false],"thumbnail":["https:\/\/arantv.az\/wp-content\/uploads\/2024\/04\/48e43916-476c-3686-addf-2b6856a32a8a_850-500x280.jpg",500,280,true],"medium":["https:\/\/arantv.az\/wp-content\/uploads\/2024\/04\/48e43916-476c-3686-addf-2b6856a32a8a_850-548x365.jpg",548,365,true],"large":["https:\/\/arantv.az\/wp-content\/uploads\/2024\/04\/48e43916-476c-3686-addf-2b6856a32a8a_850.jpg",620,413,false],"1536x1536":["https:\/\/arantv.az\/wp-content\/uploads\/2024\/04\/48e43916-476c-3686-addf-2b6856a32a8a_850.jpg",620,413,false],"2048x2048":["https:\/\/arantv.az\/wp-content\/uploads\/2024\/04\/48e43916-476c-3686-addf-2b6856a32a8a_850.jpg",620,413,false],"post-thumbnail":["https:\/\/arantv.az\/wp-content\/uploads\/2024\/04\/48e43916-476c-3686-addf-2b6856a32a8a_850-240x172.jpg",240,172,true],"advps-thumb-one":["https:\/\/arantv.az\/wp-content\/uploads\/2024\/04\/48e43916-476c-3686-addf-2b6856a32a8a_850.jpg",620,413,false]},"rttpg_author":{"display_name":"V\u00fcsal Rafiqo\u011flu","author_link":"https:\/\/arantv.az\/?author=2"},"rttpg_comment":0,"rttpg_category":"<a href=\"https:\/\/arantv.az\/?cat=4\" rel=\"category\">Siyas\u0259t<\/a>","rttpg_excerpt":"Bak\u0131da turizm t\u0259hsili \u00fczr\u0259 \u0259m\u0259kda\u015fl\u0131q, perspektiv v\u0259 probleml\u0259rin m\u00fczakir\u0259si m\u0259qs\u0259dil\u0259 Qara D\u0259niz \u0130qtisadi \u018fm\u0259kda\u015fl\u0131q T\u0259\u015fkilat\u0131na \u00fczv d\u00f6vl\u0259tl\u0259rin turizm \u00fczr\u0259 t\u0259hsil m\u00fc\u0259ssis\u0259l\u0259rinin 1-ci g\u00f6r\u00fc\u015f\u00fc ke\u00e7irilir. \u201cReport\u201dun m\u0259lumat\u0131na g\u00f6r\u0259, g\u00f6r\u00fc\u015f D\u00f6vl\u0259t Turizm Agentliyi v\u0259 Qara D\u0259niz \u0130qtisadi \u018fm\u0259kda\u015fl\u0131q T\u0259\u015fkilat\u0131n\u0131n (QD\u0130\u018fT) birg\u0259 t\u0259\u015f\u0259bb\u00fcs\u00fc il\u0259 ba\u015f tutur. G\u00f6r\u00fc\u015fd\u0259 Az\u0259rbaycan, T\u00fcrkiy\u0259, Rusiya, Albaniya, Bolqar\u0131stan, G\u00fcrc\u00fcstan, Yunan\u0131stan, Moldova, Rum\u0131niya, Serbiya v\u0259&hellip;","_links":{"self":[{"href":"https:\/\/arantv.az\/index.php?rest_route=\/wp\/v2\/posts\/713895"}],"collection":[{"href":"https:\/\/arantv.az\/index.php?rest_route=\/wp\/v2\/posts"}],"about":[{"href":"https:\/\/arantv.az\/index.php?rest_route=\/wp\/v2\/types\/post"}],"author":[{"embeddable":true,"href":"https:\/\/arantv.az\/index.php?rest_route=\/wp\/v2\/users\/2"}],"replies":[{"embeddable":true,"href":"https:\/\/arantv.az\/index.php?rest_route=%2Fwp%2Fv2%2Fcomments&post=713895"}],"version-history":[{"count":0,"href":"https:\/\/arantv.az\/index.php?rest_route=\/wp\/v2\/posts\/713895\/revisions"}],"wp:featuredmedia":[{"embeddable":true,"href":"https:\/\/arantv.az\/index.php?rest_route=\/wp\/v2\/media\/713896"}],"wp:attachment":[{"href":"https:\/\/arantv.az\/index.php?rest_route=%2Fwp%2Fv2%2Fmedia&parent=713895"}],"wp:term":[{"taxonomy":"category","embeddable":true,"href":"https:\/\/arantv.az\/index.php?rest_route=%2Fwp%2Fv2%2Fcategories&post=713895"},{"taxonomy":"post_tag","embeddable":true,"href":"https:\/\/arantv.az\/index.php?rest_route=%2Fwp%2Fv2%2Ftags&post=713895"}],"curies":[{"name":"wp","href":"https:\/\/api.w.org\/{rel}","templated":true}]}}