{"id":713911,"date":"2024-04-22T12:23:40","date_gmt":"2024-04-22T08:23:40","guid":{"rendered":"https:\/\/arantv.az\/?p=713911"},"modified":"2024-04-22T12:23:40","modified_gmt":"2024-04-22T08:23:40","slug":"az%c9%99rbaycana-t%c9%99hvil-veril%c9%99c%c9%99k-k%c9%99ndl%c9%99r%c9%99-soxulan-silahlilar-%c9%99l%c9%99-kecdil%c9%99r","status":"publish","type":"post","link":"https:\/\/arantv.az\/?p=713911","title":{"rendered":"Az\u0259rbaycana t\u0259hvil veril\u0259c\u0259k k\u0259ndl\u0259r\u0259 soxulan silahl\u0131lar \u0259l\u0259 ke\u00e7dil\u0259r"},"content":{"rendered":"<p>Erm\u0259nistan polisi \u201cD\u00f6y\u00fc\u015f qarda\u015fl\u0131\u011f\u0131\u201d adl\u0131 silahl\u0131 qrupla\u015fman\u0131n be\u015f \u00fczv\u00fcn\u00fc saxlay\u0131b.<\/p>\n<p>Bu bar\u0259d\u0259 t\u0259\u015fkilat\u0131n \u201cFacebook\u201d s\u0259hif\u0259sind\u0259 m\u0259lumat verilib.<\/p>\n<p>Silahl\u0131 qrupla\u015fman\u0131n Masis \u015eiroyan, Arman Petrosyan, Qor Asatryan, Henrik Mkrt\u00e7yan v\u0259 Aramais A\u011fabekyan adl\u0131 \u00fczvl\u0259ri Noyemberyan rayonunun polis \u015f\u00f6b\u0259sin\u0259 apar\u0131l\u0131b.<\/p>\n<p>Qeyd ed\u0259k ki, h\u0259min \u015f\u0259xsl\u0259r Qazax rayonun\u00a0Erm\u0259nistan\u0131n i\u015f\u011fal\u0131 alt\u0131nda olan v\u0259 \u00f6t\u0259n h\u0259ft\u0259 \u0259ld\u0259 edilmi\u015f raz\u0131l\u0131\u011fa \u0259sas\u0259n Az\u0259rbaycana t\u0259hvil veril\u0259c\u0259k d\u00f6rd k\u0259ndind\u0259 saxlan\u0131l\u0131blar.<\/p>\n<p>M\u0259nb\u0259: Armeniatoday<\/p>\n","protected":false},"excerpt":{"rendered":"<p>Erm\u0259nistan polisi \u201cD\u00f6y\u00fc\u015f qarda\u015fl\u0131\u011f\u0131\u201d adl\u0131 silahl\u0131 qrupla\u015fman\u0131n be\u015f \u00fczv\u00fcn\u00fc saxlay\u0131b. Bu bar\u0259d\u0259 t\u0259\u015fkilat\u0131n \u201cFacebook\u201d s\u0259hif\u0259sind\u0259 m\u0259lumat verilib. Silahl\u0131 qrupla\u015fman\u0131n Masis \u015eiroyan, Arman Petrosyan, Qor Asatryan, Henrik Mkrt\u00e7yan v\u0259 Aramais A\u011fabekyan adl\u0131 \u00fczvl\u0259ri Noyemberyan rayonunun polis \u015f\u00f6b\u0259sin\u0259 apar\u0131l\u0131b. Qeyd ed\u0259k ki, h\u0259min \u015f\u0259xsl\u0259r Qazax rayonun\u00a0Erm\u0259nistan\u0131n i\u015f\u011fal\u0131 alt\u0131nda olan v\u0259 \u00f6t\u0259n h\u0259ft\u0259 \u0259ld\u0259 edilmi\u015f raz\u0131l\u0131\u011fa \u0259sas\u0259n Az\u0259rbaycana t\u0259hvil veril\u0259c\u0259k d\u00f6rd k\u0259ndind\u0259 saxlan\u0131l\u0131blar. M\u0259nb\u0259: Armeniatoday<\/p>\n","protected":false},"author":2,"featured_media":713912,"comment_status":"closed","ping_status":"closed","sticky":false,"template":"","format":"standard","meta":{"om_disable_all_campaigns":false,"_monsterinsights_skip_tracking":false,"_monsterinsights_sitenote_active":false,"_monsterinsights_sitenote_note":"","_monsterinsights_sitenote_category":0},"categories":[1],"tags":[],"aioseo_notices":[],"gutentor_comment":0,"rttpg_featured_image_url":{"full":["https:\/\/arantv.az\/wp-content\/uploads\/2024\/04\/FotoJet-39-1.jpg",620,413,false],"landscape":["https:\/\/arantv.az\/wp-content\/uploads\/2024\/04\/FotoJet-39-1.jpg",620,413,false],"portraits":["https:\/\/arantv.az\/wp-content\/uploads\/2024\/04\/FotoJet-39-1.jpg",620,413,false],"thumbnail":["https:\/\/arantv.az\/wp-content\/uploads\/2024\/04\/FotoJet-39-1-500x280.jpg",500,280,true],"medium":["https:\/\/arantv.az\/wp-content\/uploads\/2024\/04\/FotoJet-39-1-548x365.jpg",548,365,true],"large":["https:\/\/arantv.az\/wp-content\/uploads\/2024\/04\/FotoJet-39-1.jpg",620,413,false],"1536x1536":["https:\/\/arantv.az\/wp-content\/uploads\/2024\/04\/FotoJet-39-1.jpg",620,413,false],"2048x2048":["https:\/\/arantv.az\/wp-content\/uploads\/2024\/04\/FotoJet-39-1.jpg",620,413,false],"post-thumbnail":["https:\/\/arantv.az\/wp-content\/uploads\/2024\/04\/FotoJet-39-1-240x172.jpg",240,172,true],"advps-thumb-one":["https:\/\/arantv.az\/wp-content\/uploads\/2024\/04\/FotoJet-39-1.jpg",620,413,false]},"rttpg_author":{"display_name":"V\u00fcsal Rafiqo\u011flu","author_link":"https:\/\/arantv.az\/?author=2"},"rttpg_comment":0,"rttpg_category":"<a href=\"https:\/\/arantv.az\/?cat=1\" rel=\"category\">C\u0259miyy\u0259t<\/a>","rttpg_excerpt":"Erm\u0259nistan polisi \u201cD\u00f6y\u00fc\u015f qarda\u015fl\u0131\u011f\u0131\u201d adl\u0131 silahl\u0131 qrupla\u015fman\u0131n be\u015f \u00fczv\u00fcn\u00fc saxlay\u0131b. Bu bar\u0259d\u0259 t\u0259\u015fkilat\u0131n \u201cFacebook\u201d s\u0259hif\u0259sind\u0259 m\u0259lumat verilib. Silahl\u0131 qrupla\u015fman\u0131n Masis \u015eiroyan, Arman Petrosyan, Qor Asatryan, Henrik Mkrt\u00e7yan v\u0259 Aramais A\u011fabekyan adl\u0131 \u00fczvl\u0259ri Noyemberyan rayonunun polis \u015f\u00f6b\u0259sin\u0259 apar\u0131l\u0131b. Qeyd ed\u0259k ki, h\u0259min \u015f\u0259xsl\u0259r Qazax rayonun\u00a0Erm\u0259nistan\u0131n i\u015f\u011fal\u0131 alt\u0131nda olan v\u0259 \u00f6t\u0259n h\u0259ft\u0259 \u0259ld\u0259 edilmi\u015f raz\u0131l\u0131\u011fa \u0259sas\u0259n Az\u0259rbaycana&hellip;","_links":{"self":[{"href":"https:\/\/arantv.az\/index.php?rest_route=\/wp\/v2\/posts\/713911"}],"collection":[{"href":"https:\/\/arantv.az\/index.php?rest_route=\/wp\/v2\/posts"}],"about":[{"href":"https:\/\/arantv.az\/index.php?rest_route=\/wp\/v2\/types\/post"}],"author":[{"embeddable":true,"href":"https:\/\/arantv.az\/index.php?rest_route=\/wp\/v2\/users\/2"}],"replies":[{"embeddable":true,"href":"https:\/\/arantv.az\/index.php?rest_route=%2Fwp%2Fv2%2Fcomments&post=713911"}],"version-history":[{"count":0,"href":"https:\/\/arantv.az\/index.php?rest_route=\/wp\/v2\/posts\/713911\/revisions"}],"wp:featuredmedia":[{"embeddable":true,"href":"https:\/\/arantv.az\/index.php?rest_route=\/wp\/v2\/media\/713912"}],"wp:attachment":[{"href":"https:\/\/arantv.az\/index.php?rest_route=%2Fwp%2Fv2%2Fmedia&parent=713911"}],"wp:term":[{"taxonomy":"category","embeddable":true,"href":"https:\/\/arantv.az\/index.php?rest_route=%2Fwp%2Fv2%2Fcategories&post=713911"},{"taxonomy":"post_tag","embeddable":true,"href":"https:\/\/arantv.az\/index.php?rest_route=%2Fwp%2Fv2%2Ftags&post=713911"}],"curies":[{"name":"wp","href":"https:\/\/api.w.org\/{rel}","templated":true}]}}