{"id":713926,"date":"2024-04-22T12:29:39","date_gmt":"2024-04-22T08:29:39","guid":{"rendered":"https:\/\/arantv.az\/?p=713926"},"modified":"2024-04-22T12:29:39","modified_gmt":"2024-04-22T08:29:39","slug":"nato-r%c9%99smisi-az%c9%99rbaycan-v%c9%99-erm%c9%99nistan-arasinda-delimitasiya-razilasmasi-il%c9%99-bagli-paylasim-etdi-foto","status":"publish","type":"post","link":"https:\/\/arantv.az\/?p=713926","title":{"rendered":"NATO r\u0259smisi Az\u0259rbaycan v\u0259 Erm\u0259nistan aras\u0131nda delimitasiya raz\u0131la\u015fmas\u0131 il\u0259 ba\u011fl\u0131 payla\u015f\u0131m etdi &#8211; FOTO"},"content":{"rendered":"<article class=\"news\">\n<div class=\"news-inner\">\n<p>\u201cS\u0259rh\u0259din delimitasiyas\u0131 \u00fc\u00e7\u00fcn baza s\u0259n\u0259di kimi 1991-ci il Almat\u0131 b\u0259yannam\u0259si il\u0259 ba\u011fl\u0131 Erm\u0259nistan v\u0259 Az\u0259rbaycan aras\u0131nda raz\u0131la\u015fman\u0131 alq\u0131\u015flay\u0131r\u0131q. H\u0259r iki \u00f6lk\u0259nin \u0259razi b\u00fct\u00f6vl\u00fcy\u00fcn\u00fcn tan\u0131nmas\u0131 \u0259sas prinsipdir\u201d.<\/p>\n<p>Bu bar\u0259d\u0259 NATO ba\u015f katibinin C\u0259nubi Qafqaz v\u0259 M\u0259rk\u0259zi Asiya \u00fczr\u0259 x\u00fcsusi n\u00fcmay\u0259nd\u0259si Xavyer Kolomina \u201cX\u201d hesab\u0131nda payla\u015f\u0131m edib.<\/p>\n<p>\u201cNATO ba\u015f katibi Yens Stoltenberq regiona s\u0259f\u0259ri zaman\u0131 NATO-nun normalla\u015fma s\u0259yl\u0259rini q\u0259tiyy\u0259tli \u015f\u0259kild\u0259 d\u0259st\u0259kl\u0259diyini bildirib\u201d, &#8211; dey\u0259 Kolomina qeyd edib.<\/p>\n<div>\n<div class=\"twitter-tweet twitter-tweet-rendered\"><iframe id=\"twitter-widget-0\" class=\"\" title=\"X Post\" src=\"https:\/\/platform.twitter.com\/embed\/Tweet.html?creatorScreenName=oxuaz&amp;dnt=false&amp;embedId=twitter-widget-0&amp;features=eyJ0ZndfdGltZWxpbmVfbGlzdCI6eyJidWNrZXQiOltdLCJ2ZXJzaW9uIjpudWxsfSwidGZ3X2ZvbGxvd2VyX2NvdW50X3N1bnNldCI6eyJidWNrZXQiOnRydWUsInZlcnNpb24iOm51bGx9LCJ0ZndfdHdlZXRfZWRpdF9iYWNrZW5kIjp7ImJ1Y2tldCI6Im9uIiwidmVyc2lvbiI6bnVsbH0sInRmd19yZWZzcmNfc2Vzc2lvbiI6eyJidWNrZXQiOiJvbiIsInZlcnNpb24iOm51bGx9LCJ0ZndfZm9zbnJfc29mdF9pbnRlcnZlbnRpb25zX2VuYWJsZWQiOnsiYnVja2V0Ijoib24iLCJ2ZXJzaW9uIjpudWxsfSwidGZ3X21peGVkX21lZGlhXzE1ODk3Ijp7ImJ1Y2tldCI6InRyZWF0bWVudCIsInZlcnNpb24iOm51bGx9LCJ0ZndfZXhwZXJpbWVudHNfY29va2llX2V4cGlyYXRpb24iOnsiYnVja2V0IjoxMjA5NjAwLCJ2ZXJzaW9uIjpudWxsfSwidGZ3X3Nob3dfYmlyZHdhdGNoX3Bpdm90c19lbmFibGVkIjp7ImJ1Y2tldCI6Im9uIiwidmVyc2lvbiI6bnVsbH0sInRmd19kdXBsaWNhdGVfc2NyaWJlc190b19zZXR0aW5ncyI6eyJidWNrZXQiOiJvbiIsInZlcnNpb24iOm51bGx9LCJ0ZndfdXNlX3Byb2ZpbGVfaW1hZ2Vfc2hhcGVfZW5hYmxlZCI6eyJidWNrZXQiOiJvbiIsInZlcnNpb24iOm51bGx9LCJ0ZndfdmlkZW9faGxzX2R5bmFtaWNfbWFuaWZlc3RzXzE1MDgyIjp7ImJ1Y2tldCI6InRydWVfYml0cmF0ZSIsInZlcnNpb24iOm51bGx9LCJ0ZndfbGVnYWN5X3RpbWVsaW5lX3N1bnNldCI6eyJidWNrZXQiOnRydWUsInZlcnNpb24iOm51bGx9LCJ0ZndfdHdlZXRfZWRpdF9mcm9udGVuZCI6eyJidWNrZXQiOiJvbiIsInZlcnNpb24iOm51bGx9fQ%3D%3D&amp;frame=false&amp;hideCard=false&amp;hideThread=false&amp;id=1782310851040497958&amp;lang=en&amp;origin=https%3A%2F%2Foxu.az%2Fpolitics%2F862852&amp;sessionId=a4b88c4cd98c457ac33e5d50192964c23727a4bb&amp;siteScreenName=oxuaz&amp;theme=light&amp;widgetsVersion=2615f7e52b7e0%3A1702314776716&amp;width=550px\" frameborder=\"0\" scrolling=\"no\" allowfullscreen=\"allowfullscreen\" data-tweet-id=\"1782310851040497958\" data-mce-fragment=\"1\"><\/iframe><\/div>\n<\/div>\n<\/div>\n<\/article>\n","protected":false},"excerpt":{"rendered":"<p>\u201cS\u0259rh\u0259din delimitasiyas\u0131 \u00fc\u00e7\u00fcn baza s\u0259n\u0259di kimi 1991-ci il Almat\u0131 b\u0259yannam\u0259si il\u0259 ba\u011fl\u0131 Erm\u0259nistan v\u0259 Az\u0259rbaycan aras\u0131nda raz\u0131la\u015fman\u0131 alq\u0131\u015flay\u0131r\u0131q. H\u0259r iki \u00f6lk\u0259nin \u0259razi b\u00fct\u00f6vl\u00fcy\u00fcn\u00fcn tan\u0131nmas\u0131 \u0259sas prinsipdir\u201d. Bu bar\u0259d\u0259 NATO ba\u015f katibinin C\u0259nubi Qafqaz v\u0259 M\u0259rk\u0259zi Asiya \u00fczr\u0259 x\u00fcsusi n\u00fcmay\u0259nd\u0259si Xavyer Kolomina \u201cX\u201d hesab\u0131nda payla\u015f\u0131m edib. \u201cNATO ba\u015f katibi Yens Stoltenberq regiona s\u0259f\u0259ri zaman\u0131 NATO-nun normalla\u015fma s\u0259yl\u0259rini q\u0259tiyy\u0259tli \u015f\u0259kild\u0259 d\u0259st\u0259kl\u0259diyini bildirib\u201d, &#8211; dey\u0259 Kolomina qeyd edib.<\/p>\n","protected":false},"author":2,"featured_media":713927,"comment_status":"closed","ping_status":"closed","sticky":false,"template":"","format":"standard","meta":{"om_disable_all_campaigns":false,"_monsterinsights_skip_tracking":false,"_monsterinsights_sitenote_active":false,"_monsterinsights_sitenote_note":"","_monsterinsights_sitenote_category":0},"categories":[4],"tags":[],"aioseo_notices":[],"gutentor_comment":0,"rttpg_featured_image_url":{"full":["https:\/\/arantv.az\/wp-content\/uploads\/2024\/04\/FotoJet-2024-04-22T115637.571.jpg",620,413,false],"landscape":["https:\/\/arantv.az\/wp-content\/uploads\/2024\/04\/FotoJet-2024-04-22T115637.571.jpg",620,413,false],"portraits":["https:\/\/arantv.az\/wp-content\/uploads\/2024\/04\/FotoJet-2024-04-22T115637.571.jpg",620,413,false],"thumbnail":["https:\/\/arantv.az\/wp-content\/uploads\/2024\/04\/FotoJet-2024-04-22T115637.571-500x280.jpg",500,280,true],"medium":["https:\/\/arantv.az\/wp-content\/uploads\/2024\/04\/FotoJet-2024-04-22T115637.571-548x365.jpg",548,365,true],"large":["https:\/\/arantv.az\/wp-content\/uploads\/2024\/04\/FotoJet-2024-04-22T115637.571.jpg",620,413,false],"1536x1536":["https:\/\/arantv.az\/wp-content\/uploads\/2024\/04\/FotoJet-2024-04-22T115637.571.jpg",620,413,false],"2048x2048":["https:\/\/arantv.az\/wp-content\/uploads\/2024\/04\/FotoJet-2024-04-22T115637.571.jpg",620,413,false],"post-thumbnail":["https:\/\/arantv.az\/wp-content\/uploads\/2024\/04\/FotoJet-2024-04-22T115637.571-240x172.jpg",240,172,true],"advps-thumb-one":["https:\/\/arantv.az\/wp-content\/uploads\/2024\/04\/FotoJet-2024-04-22T115637.571.jpg",620,413,false]},"rttpg_author":{"display_name":"V\u00fcsal Rafiqo\u011flu","author_link":"https:\/\/arantv.az\/?author=2"},"rttpg_comment":0,"rttpg_category":"<a href=\"https:\/\/arantv.az\/?cat=4\" rel=\"category\">Siyas\u0259t<\/a>","rttpg_excerpt":"\u201cS\u0259rh\u0259din delimitasiyas\u0131 \u00fc\u00e7\u00fcn baza s\u0259n\u0259di kimi 1991-ci il Almat\u0131 b\u0259yannam\u0259si il\u0259 ba\u011fl\u0131 Erm\u0259nistan v\u0259 Az\u0259rbaycan aras\u0131nda raz\u0131la\u015fman\u0131 alq\u0131\u015flay\u0131r\u0131q. H\u0259r iki \u00f6lk\u0259nin \u0259razi b\u00fct\u00f6vl\u00fcy\u00fcn\u00fcn tan\u0131nmas\u0131 \u0259sas prinsipdir\u201d. Bu bar\u0259d\u0259 NATO ba\u015f katibinin C\u0259nubi Qafqaz v\u0259 M\u0259rk\u0259zi Asiya \u00fczr\u0259 x\u00fcsusi n\u00fcmay\u0259nd\u0259si Xavyer Kolomina \u201cX\u201d hesab\u0131nda payla\u015f\u0131m edib. \u201cNATO ba\u015f katibi Yens Stoltenberq regiona s\u0259f\u0259ri zaman\u0131 NATO-nun normalla\u015fma&hellip;","_links":{"self":[{"href":"https:\/\/arantv.az\/index.php?rest_route=\/wp\/v2\/posts\/713926"}],"collection":[{"href":"https:\/\/arantv.az\/index.php?rest_route=\/wp\/v2\/posts"}],"about":[{"href":"https:\/\/arantv.az\/index.php?rest_route=\/wp\/v2\/types\/post"}],"author":[{"embeddable":true,"href":"https:\/\/arantv.az\/index.php?rest_route=\/wp\/v2\/users\/2"}],"replies":[{"embeddable":true,"href":"https:\/\/arantv.az\/index.php?rest_route=%2Fwp%2Fv2%2Fcomments&post=713926"}],"version-history":[{"count":0,"href":"https:\/\/arantv.az\/index.php?rest_route=\/wp\/v2\/posts\/713926\/revisions"}],"wp:featuredmedia":[{"embeddable":true,"href":"https:\/\/arantv.az\/index.php?rest_route=\/wp\/v2\/media\/713927"}],"wp:attachment":[{"href":"https:\/\/arantv.az\/index.php?rest_route=%2Fwp%2Fv2%2Fmedia&parent=713926"}],"wp:term":[{"taxonomy":"category","embeddable":true,"href":"https:\/\/arantv.az\/index.php?rest_route=%2Fwp%2Fv2%2Fcategories&post=713926"},{"taxonomy":"post_tag","embeddable":true,"href":"https:\/\/arantv.az\/index.php?rest_route=%2Fwp%2Fv2%2Ftags&post=713926"}],"curies":[{"name":"wp","href":"https:\/\/api.w.org\/{rel}","templated":true}]}}