{"id":713929,"date":"2024-04-22T12:38:38","date_gmt":"2024-04-22T08:38:38","guid":{"rendered":"https:\/\/arantv.az\/?p=713929"},"modified":"2024-04-22T12:38:38","modified_gmt":"2024-04-22T08:38:38","slug":"v%c9%99t%c9%99ndasla-t%c9%99cili-yardim-surucusu-arasinda-qalmaqal-s%c9%99s-siqnali-qosmaga-icaz%c9%99-verilmir-aciqlama-video","status":"publish","type":"post","link":"https:\/\/arantv.az\/?p=713929","title":{"rendered":"V\u0259t\u0259nda\u015fla t\u0259cili yard\u0131m s\u00fcr\u00fcc\u00fcs\u00fc aras\u0131nda qalmaqal: \u201cS\u0259s siqnal\u0131 qo\u015fma\u011fa icaz\u0259 verilmir\u201d &#8211; A\u00c7IQLAMA + V\u0130DEO"},"content":{"rendered":"<article class=\"news\">\n<div class=\"news-inner\">\n<p>Sosial \u015f\u0259b\u0259k\u0259l\u0259rd\u0259n birind\u0259 t\u0259cili tibbi yard\u0131m ma\u015f\u0131n\u0131nda k\u00f6rp\u0259sini x\u0259st\u0259xanaya aparan v\u0259t\u0259nda\u015f v\u0259 s\u00fcr\u00fcc\u00fc aras\u0131ndak\u0131 dialoq etirazlara s\u0259b\u0259b olub. Videog\u00f6r\u00fcnt\u00fcd\u0259n bel\u0259 ayd\u0131n olur ki, k\u00f6rp\u0259 \u00f6vlad\u0131n\u0131n qan itirdiyini iddia ed\u0259n valideyn t\u0259cili tibbi yard\u0131m s\u00fcr\u00fcc\u00fcs\u00fcnd\u0259n s\u0259s siqnal\u0131ndan istifad\u0259 etm\u0259sini t\u0259l\u0259b edib. T\u0131xacda qalan s\u00fcr\u00fcc\u00fc is\u0259 v\u0259t\u0259nda\u015fa \u201cm\u00fcdiriyy\u0259t biz\u0259 icaz\u0259 vermir. Get, \u015fikay\u0259t el\u0259\u201d cavab\u0131n\u0131 verib.<\/p>\n<p>T\u018fB\u0130B-in M\u0259tbuat Xidm\u0259ti m\u0259s\u0259l\u0259 il\u0259 ba\u011fl\u0131 Bizim.Media-n\u0131n sor\u011fusunu cavablay\u0131b.<\/p>\n<p>Qurumdan bildirilib ki, g\u00f6r\u00fcnt\u00fcl\u0259rd\u0259 \u0259ks olunan m\u0259qamlar ara\u015fd\u0131r\u0131ld\u0131qdan sonra x\u00fcsusi i\u015f\u0131q v\u0259 s\u0259s siqnallar\u0131ndan istifad\u0259y\u0259 z\u0259rur\u0259t olub-olmad\u0131\u011f\u0131 m\u00fc\u0259yy\u0259n oluna bil\u0259r:<\/p>\n<p>\u201cG\u00f6r\u00fcnt\u00fcl\u0259rd\u0259 x\u0259st\u0259y\u0259, s\u00fcr\u00fcc\u00fcy\u0259, avtomobil vasit\u0259sin\u0259 dair m\u0259lumatlar\u0131n \u0259ks olunmamas\u0131 d\u0259qiql\u0259\u015fdirm\u0259ni \u00e7\u0259tinl\u0259\u015fdirir. Haz\u0131rda ara\u015fd\u0131rma apar\u0131l\u0131r. \u018flav\u0259 m\u0259lumat veril\u0259c\u0259k. M\u0259lum oldu\u011fu kimi, t\u0259cili tibbi yard\u0131m ambulanslar\u0131, sanitar avtomobill\u0259r operativ, \u00fcst\u00fcn ke\u00e7id h\u00fcququ olan n\u0259qliyyat vasit\u0259l\u0259ri hesab olunur.<\/p>\n<p>\u201cYol h\u0259r\u0259k\u0259ti haqq\u0131nda\u201d Az\u0259rbaycan Respublikas\u0131 Qanununun t\u0259l\u0259bin\u0259 \u0259sas\u0259n, \u00fcst\u00fcn ke\u00e7id h\u00fcququ olan n\u0259qliyyat vasit\u0259sinin s\u00fcr\u00fcc\u00fcs\u00fc yol h\u0259r\u0259k\u0259tinin dig\u0259r i\u015ftirak\u00e7\u0131lar\u0131 \u00fc\u00e7\u00fcn t\u0259hl\u00fck\u0259li v\u0259ziyy\u0259t yaratmamaq \u015f\u0259rti il\u0259 x\u00fcsusi tap\u015f\u0131r\u0131qlar\u0131 yerin\u0259 yetir\u0259rk\u0259n (t\u0259xir\u0259sal\u0131nmaz \u00e7a\u011f\u0131r\u0131\u015f\u0131 icra ed\u0259rk\u0259n, a\u011f\u0131r x\u0259st\u0259l\u0259ri t\u0259xliy\u0259 ed\u0259rk\u0259n) x\u00fcsusi i\u015f\u0131q v\u0259 s\u0259s siqnallar\u0131ndan istifad\u0259 ed\u0259 bil\u0259rl\u0259r.<\/p>\n<p>Sanitar avtomobill\u0259rd\u0259 x\u00fcsusi i\u015f\u0131q v\u0259 s\u0259s siqnallar\u0131ndan sad\u0259c\u0259 t\u0259yinat\u0131ndan k\u0259nar hallarda istifad\u0259 qanunun t\u0259l\u0259bin\u0259 uy\u011fun olaraq m\u0259hdudla\u015fd\u0131r\u0131l\u0131r.<\/p>\n<p>X\u00fcsusil\u0259 qeyd edilm\u0259lidir ki, T\u018fB\u0130B t\u0259r\u0259find\u0259n t\u0259cili tibbi yard\u0131m ambulanslar\u0131nda i\u015f\u0131q v\u0259 s\u0259s siqnallar\u0131ndan t\u0259yinat\u0131na uy\u011fun olaraq istifad\u0259, el\u0259c\u0259 d\u0259 dig\u0259r yol i\u015ftirak\u00e7\u0131lar\u0131na i\u015f\u0131q v\u0259 s\u0259s siqnallar\u0131ndan istifad\u0259 ed\u0259n ambulanslar\u0131n rahat h\u0259r\u0259k\u0259ti \u00fc\u00e7\u00fcn \u015f\u0259rait yaratmalar\u0131 t\u00f6vsiy\u0259 olunur\u201d.<\/p>\n<div><iframe loading=\"lazy\" src=\"https:\/\/baku.tv\/embed\/133787\" width=\"560\" height=\"315\" frameborder=\"0\" allowfullscreen=\"allowfullscreen\" data-mce-fragment=\"1\"><\/iframe><\/div>\n<\/div>\n<\/article>\n","protected":false},"excerpt":{"rendered":"<p>Sosial \u015f\u0259b\u0259k\u0259l\u0259rd\u0259n birind\u0259 t\u0259cili tibbi yard\u0131m ma\u015f\u0131n\u0131nda k\u00f6rp\u0259sini x\u0259st\u0259xanaya aparan v\u0259t\u0259nda\u015f v\u0259 s\u00fcr\u00fcc\u00fc aras\u0131ndak\u0131 dialoq etirazlara s\u0259b\u0259b olub. Videog\u00f6r\u00fcnt\u00fcd\u0259n bel\u0259 ayd\u0131n olur ki, k\u00f6rp\u0259 \u00f6vlad\u0131n\u0131n qan itirdiyini iddia ed\u0259n valideyn t\u0259cili tibbi yard\u0131m s\u00fcr\u00fcc\u00fcs\u00fcnd\u0259n s\u0259s siqnal\u0131ndan istifad\u0259 etm\u0259sini t\u0259l\u0259b edib. T\u0131xacda qalan s\u00fcr\u00fcc\u00fc is\u0259 v\u0259t\u0259nda\u015fa \u201cm\u00fcdiriyy\u0259t biz\u0259 icaz\u0259 vermir. Get, \u015fikay\u0259t el\u0259\u201d cavab\u0131n\u0131 verib. T\u018fB\u0130B-in M\u0259tbuat Xidm\u0259ti m\u0259s\u0259l\u0259 il\u0259 ba\u011fl\u0131 Bizim.Media-n\u0131n sor\u011fusunu cavablay\u0131b. Qurumdan bildirilib ki, g\u00f6r\u00fcnt\u00fcl\u0259rd\u0259 \u0259ks olunan m\u0259qamlar ara\u015fd\u0131r\u0131ld\u0131qdan sonra x\u00fcsusi i\u015f\u0131q v\u0259 s\u0259s siqnallar\u0131ndan istifad\u0259y\u0259 z\u0259rur\u0259t olub-olmad\u0131\u011f\u0131 m\u00fc\u0259yy\u0259n oluna bil\u0259r: \u201cG\u00f6r\u00fcnt\u00fcl\u0259rd\u0259 x\u0259st\u0259y\u0259, s\u00fcr\u00fcc\u00fcy\u0259, avtomobil vasit\u0259sin\u0259 dair m\u0259lumatlar\u0131n&hellip;<\/p>\n","protected":false},"author":2,"featured_media":703195,"comment_status":"closed","ping_status":"closed","sticky":false,"template":"","format":"standard","meta":{"om_disable_all_campaigns":false,"_monsterinsights_skip_tracking":false,"_monsterinsights_sitenote_active":false,"_monsterinsights_sitenote_note":"","_monsterinsights_sitenote_category":0},"categories":[1],"tags":[],"aioseo_notices":[],"gutentor_comment":0,"rttpg_featured_image_url":{"full":["https:\/\/arantv.az\/wp-content\/uploads\/2024\/03\/tecili.jpg",637,400,false],"landscape":["https:\/\/arantv.az\/wp-content\/uploads\/2024\/03\/tecili.jpg",637,400,false],"portraits":["https:\/\/arantv.az\/wp-content\/uploads\/2024\/03\/tecili.jpg",637,400,false],"thumbnail":["https:\/\/arantv.az\/wp-content\/uploads\/2024\/03\/tecili-500x280.jpg",500,280,true],"medium":["https:\/\/arantv.az\/wp-content\/uploads\/2024\/03\/tecili-581x365.jpg",581,365,true],"large":["https:\/\/arantv.az\/wp-content\/uploads\/2024\/03\/tecili.jpg",637,400,false],"1536x1536":["https:\/\/arantv.az\/wp-content\/uploads\/2024\/03\/tecili.jpg",637,400,false],"2048x2048":["https:\/\/arantv.az\/wp-content\/uploads\/2024\/03\/tecili.jpg",637,400,false],"post-thumbnail":["https:\/\/arantv.az\/wp-content\/uploads\/2024\/03\/tecili-240x172.jpg",240,172,true],"advps-thumb-one":["https:\/\/arantv.az\/wp-content\/uploads\/2024\/03\/tecili.jpg",637,400,false]},"rttpg_author":{"display_name":"V\u00fcsal Rafiqo\u011flu","author_link":"https:\/\/arantv.az\/?author=2"},"rttpg_comment":0,"rttpg_category":"<a href=\"https:\/\/arantv.az\/?cat=1\" rel=\"category\">C\u0259miyy\u0259t<\/a>","rttpg_excerpt":"Sosial \u015f\u0259b\u0259k\u0259l\u0259rd\u0259n birind\u0259 t\u0259cili tibbi yard\u0131m ma\u015f\u0131n\u0131nda k\u00f6rp\u0259sini x\u0259st\u0259xanaya aparan v\u0259t\u0259nda\u015f v\u0259 s\u00fcr\u00fcc\u00fc aras\u0131ndak\u0131 dialoq etirazlara s\u0259b\u0259b olub. Videog\u00f6r\u00fcnt\u00fcd\u0259n bel\u0259 ayd\u0131n olur ki, k\u00f6rp\u0259 \u00f6vlad\u0131n\u0131n qan itirdiyini iddia ed\u0259n valideyn t\u0259cili tibbi yard\u0131m s\u00fcr\u00fcc\u00fcs\u00fcnd\u0259n s\u0259s siqnal\u0131ndan istifad\u0259 etm\u0259sini t\u0259l\u0259b edib. T\u0131xacda qalan s\u00fcr\u00fcc\u00fc is\u0259 v\u0259t\u0259nda\u015fa \u201cm\u00fcdiriyy\u0259t biz\u0259 icaz\u0259 vermir. Get, \u015fikay\u0259t el\u0259\u201d cavab\u0131n\u0131 verib. T\u018fB\u0130B-in&hellip;","_links":{"self":[{"href":"https:\/\/arantv.az\/index.php?rest_route=\/wp\/v2\/posts\/713929"}],"collection":[{"href":"https:\/\/arantv.az\/index.php?rest_route=\/wp\/v2\/posts"}],"about":[{"href":"https:\/\/arantv.az\/index.php?rest_route=\/wp\/v2\/types\/post"}],"author":[{"embeddable":true,"href":"https:\/\/arantv.az\/index.php?rest_route=\/wp\/v2\/users\/2"}],"replies":[{"embeddable":true,"href":"https:\/\/arantv.az\/index.php?rest_route=%2Fwp%2Fv2%2Fcomments&post=713929"}],"version-history":[{"count":0,"href":"https:\/\/arantv.az\/index.php?rest_route=\/wp\/v2\/posts\/713929\/revisions"}],"wp:featuredmedia":[{"embeddable":true,"href":"https:\/\/arantv.az\/index.php?rest_route=\/wp\/v2\/media\/703195"}],"wp:attachment":[{"href":"https:\/\/arantv.az\/index.php?rest_route=%2Fwp%2Fv2%2Fmedia&parent=713929"}],"wp:term":[{"taxonomy":"category","embeddable":true,"href":"https:\/\/arantv.az\/index.php?rest_route=%2Fwp%2Fv2%2Fcategories&post=713929"},{"taxonomy":"post_tag","embeddable":true,"href":"https:\/\/arantv.az\/index.php?rest_route=%2Fwp%2Fv2%2Ftags&post=713929"}],"curies":[{"name":"wp","href":"https:\/\/api.w.org\/{rel}","templated":true}]}}