{"id":713931,"date":"2024-04-22T12:39:34","date_gmt":"2024-04-22T08:39:34","guid":{"rendered":"https:\/\/arantv.az\/?p=713931"},"modified":"2024-04-22T12:39:34","modified_gmt":"2024-04-22T08:39:34","slug":"az%c9%99rbaycanda-bu-m%c9%99hsullar-ucuzlasacaq-yeni-qanun-quvv%c9%99y%c9%99-minir","status":"publish","type":"post","link":"https:\/\/arantv.az\/?p=713931","title":{"rendered":"Az\u0259rbaycanda bu m\u0259hsullar UCUZLA\u015eACAQ &#8211; Yeni qanun q\u00fcvv\u0259y\u0259 minir"},"content":{"rendered":"<div id=\"mvp-content-main\" class=\"left relative\">\n<p><strong>\u201cAz\u0259rbaycanla T\u00fcrkiy\u0259 aras\u0131nda g\u0259lirl\u0259r\u0259 g\u00f6r\u0259 vergil\u0259r\u0259 m\u00fcnasib\u0259td\u0259 ikiqat vergitutma l\u0259\u011fv edilir. Milli M\u0259clisin profil komit\u0259l\u0259rind\u0259 m\u00fczakir\u0259 edil\u0259n bu layih\u0259nin sabah plenar iclasda q\u0259bul olunaca\u011f\u0131 g\u00f6zl\u0259nilir. 2023-cu ild\u0259 T\u00fcrkiy\u0259 il\u0259 Az\u0259rbaycan aras\u0131nda ticar\u0259t d\u00f6vriyy\u0259si 30 faiz artaraq 7.6 milyard dollara \u00e7at\u0131b. Yeni anla\u015fma qar\u015f\u0131l\u0131ql\u0131 ticar\u0259t d\u00f6vriyy\u0259sinin art\u0131r\u0131lmas\u0131 bax\u0131m\u0131ndan vacib hesab edilir. Ticar\u0259t d\u00f6vriyy\u0259sini 15 milyard dollara \u00e7atd\u0131rmaq h\u0259d\u0259fl\u0259nir\u201d.<\/strong><\/p>\n<p><b>ARANTV.AZ <\/b>x\u0259b\u0259r verir ki,<strong><em>\u00a0<\/em><\/strong>bunu mill\u0259t v\u0259kili V\u00fcqar Bayramov sosial media hesab\u0131nda payla\u015f\u0131b.<\/p>\n<p>O qeyd edib ki, son d\u00f6vrl\u0259r imzalanan anla\u015fmalar iki \u00f6lk\u0259 aras\u0131nda m\u00fcnasib\u0259tl\u0259rin daha da inki\u015faf etm\u0259sin\u0259 m\u00fcsb\u0259t t\u0259sir g\u00f6st\u0259rir:<\/p>\n<p>\u201cAz\u0259rbaycan\u0131n qeyri-neft ixracat\u0131n\u0131n 25 faizi m\u0259hz qarda\u015f d\u00f6vl\u0259tin pay\u0131na d\u00fc\u015f\u00fcr. T\u00fcrkiy\u0259 h\u0259m \u00fcmumi ticar\u0259t d\u00f6vriyy\u0259sind\u0259, h\u0259m d\u0259 qeyri-enerji ixracat\u0131nda Az\u0259rbaycan\u0131n ikinci \u0259n b\u00f6y\u00fck ticar\u0259t t\u0259r\u0259fda\u015f\u0131d\u0131r. \u0130kiqat vergitutman\u0131n l\u0259\u011fv edilm\u0259si T\u00fcrkiy\u0259d\u0259n Az\u0259rbaycana idxal edil\u0259n m\u0259hsullar\u0131n x\u0259rcini v\u0259 qiym\u0259tini azalda bil\u0259r. T\u00fcrkiy\u0259d\u0259n illik idxal\u0131m\u0131z\u0131n h\u0259cmi 2 milyard 291 milyon dollard\u0131r. \u0130dxal\u0131nda strukturunda y\u00fcng\u00fcl s\u0259naye, x\u00fcsus\u0259n d\u0259 geyim m\u0259hsullar\u0131 v\u0259 qida mallar\u0131 x\u00fcsusi paya malikdir. Bu kontekstd\u0259n, yax\u0131n d\u00f6vrl\u0259rd\u0259 Az\u0259rbaycanda T\u00fcrkiy\u0259d\u0259n g\u0259tiril\u0259n mallar\u0131n ucuzula\u015fmas\u0131 m\u00fcmk\u00fcn ola bil\u0259r. \u0130qtisadi bax\u0131mdan x\u0259rcin azalmas\u0131 qiym\u0259tl\u0259rin d\u00fc\u015fm\u0259si il\u0259 m\u00fc\u015fahid\u0259 olunmal\u0131d\u0131r\u201d.<\/p>\n<p><strong>Aysel \u015eahmar<\/strong><\/p>\n<\/div>\n<div id=\"mvp-content-bot\" class=\"left\">\n<div class=\"news-gallery\"><img class=\"\" src=\"https:\/\/publika.az\/storage\/2021\/05\/29\/117627355f8021b54ccf1442316827_vuqar_bayramov_(5).jpg\" alt=\"\" \/><\/div>\n<\/div>\n","protected":false},"excerpt":{"rendered":"<p>\u201cAz\u0259rbaycanla T\u00fcrkiy\u0259 aras\u0131nda g\u0259lirl\u0259r\u0259 g\u00f6r\u0259 vergil\u0259r\u0259 m\u00fcnasib\u0259td\u0259 ikiqat vergitutma l\u0259\u011fv edilir. Milli M\u0259clisin profil komit\u0259l\u0259rind\u0259 m\u00fczakir\u0259 edil\u0259n bu layih\u0259nin sabah plenar iclasda q\u0259bul olunaca\u011f\u0131 g\u00f6zl\u0259nilir. 2023-cu ild\u0259 T\u00fcrkiy\u0259 il\u0259 Az\u0259rbaycan aras\u0131nda ticar\u0259t d\u00f6vriyy\u0259si 30 faiz artaraq 7.6 milyard dollara \u00e7at\u0131b. Yeni anla\u015fma qar\u015f\u0131l\u0131ql\u0131 ticar\u0259t d\u00f6vriyy\u0259sinin art\u0131r\u0131lmas\u0131 bax\u0131m\u0131ndan vacib hesab edilir. Ticar\u0259t d\u00f6vriyy\u0259sini 15 milyard dollara \u00e7atd\u0131rmaq h\u0259d\u0259fl\u0259nir\u201d. ARANTV.AZ x\u0259b\u0259r verir ki,\u00a0bunu mill\u0259t v\u0259kili V\u00fcqar Bayramov sosial media hesab\u0131nda payla\u015f\u0131b. O qeyd edib ki, son d\u00f6vrl\u0259r imzalanan anla\u015fmalar iki \u00f6lk\u0259 aras\u0131nda m\u00fcnasib\u0259tl\u0259rin daha da inki\u015faf etm\u0259sin\u0259 m\u00fcsb\u0259t t\u0259sir g\u00f6st\u0259rir: \u201cAz\u0259rbaycan\u0131n qeyri-neft&hellip;<\/p>\n","protected":false},"author":2,"featured_media":713932,"comment_status":"closed","ping_status":"closed","sticky":false,"template":"","format":"standard","meta":{"om_disable_all_campaigns":false,"_monsterinsights_skip_tracking":false,"_monsterinsights_sitenote_active":false,"_monsterinsights_sitenote_note":"","_monsterinsights_sitenote_category":0},"categories":[1],"tags":[],"aioseo_notices":[],"gutentor_comment":0,"rttpg_featured_image_url":{"full":["https:\/\/arantv.az\/wp-content\/uploads\/2024\/04\/file20993.jpg",1200,900,false],"landscape":["https:\/\/arantv.az\/wp-content\/uploads\/2024\/04\/file20993.jpg",1200,900,false],"portraits":["https:\/\/arantv.az\/wp-content\/uploads\/2024\/04\/file20993.jpg",1200,900,false],"thumbnail":["https:\/\/arantv.az\/wp-content\/uploads\/2024\/04\/file20993-500x280.jpg",500,280,true],"medium":["https:\/\/arantv.az\/wp-content\/uploads\/2024\/04\/file20993-487x365.jpg",487,365,true],"large":["https:\/\/arantv.az\/wp-content\/uploads\/2024\/04\/file20993-840x630.jpg",640,480,true],"1536x1536":["https:\/\/arantv.az\/wp-content\/uploads\/2024\/04\/file20993.jpg",1200,900,false],"2048x2048":["https:\/\/arantv.az\/wp-content\/uploads\/2024\/04\/file20993.jpg",1200,900,false],"post-thumbnail":["https:\/\/arantv.az\/wp-content\/uploads\/2024\/04\/file20993-240x172.jpg",240,172,true],"advps-thumb-one":["https:\/\/arantv.az\/wp-content\/uploads\/2024\/04\/file20993-1200x620.jpg",1200,620,true]},"rttpg_author":{"display_name":"V\u00fcsal Rafiqo\u011flu","author_link":"https:\/\/arantv.az\/?author=2"},"rttpg_comment":0,"rttpg_category":"<a href=\"https:\/\/arantv.az\/?cat=1\" rel=\"category\">C\u0259miyy\u0259t<\/a>","rttpg_excerpt":"\u201cAz\u0259rbaycanla T\u00fcrkiy\u0259 aras\u0131nda g\u0259lirl\u0259r\u0259 g\u00f6r\u0259 vergil\u0259r\u0259 m\u00fcnasib\u0259td\u0259 ikiqat vergitutma l\u0259\u011fv edilir. Milli M\u0259clisin profil komit\u0259l\u0259rind\u0259 m\u00fczakir\u0259 edil\u0259n bu layih\u0259nin sabah plenar iclasda q\u0259bul olunaca\u011f\u0131 g\u00f6zl\u0259nilir. 2023-cu ild\u0259 T\u00fcrkiy\u0259 il\u0259 Az\u0259rbaycan aras\u0131nda ticar\u0259t d\u00f6vriyy\u0259si 30 faiz artaraq 7.6 milyard dollara \u00e7at\u0131b. Yeni anla\u015fma qar\u015f\u0131l\u0131ql\u0131 ticar\u0259t d\u00f6vriyy\u0259sinin art\u0131r\u0131lmas\u0131 bax\u0131m\u0131ndan vacib hesab edilir. Ticar\u0259t d\u00f6vriyy\u0259sini 15 milyard dollara&hellip;","_links":{"self":[{"href":"https:\/\/arantv.az\/index.php?rest_route=\/wp\/v2\/posts\/713931"}],"collection":[{"href":"https:\/\/arantv.az\/index.php?rest_route=\/wp\/v2\/posts"}],"about":[{"href":"https:\/\/arantv.az\/index.php?rest_route=\/wp\/v2\/types\/post"}],"author":[{"embeddable":true,"href":"https:\/\/arantv.az\/index.php?rest_route=\/wp\/v2\/users\/2"}],"replies":[{"embeddable":true,"href":"https:\/\/arantv.az\/index.php?rest_route=%2Fwp%2Fv2%2Fcomments&post=713931"}],"version-history":[{"count":0,"href":"https:\/\/arantv.az\/index.php?rest_route=\/wp\/v2\/posts\/713931\/revisions"}],"wp:featuredmedia":[{"embeddable":true,"href":"https:\/\/arantv.az\/index.php?rest_route=\/wp\/v2\/media\/713932"}],"wp:attachment":[{"href":"https:\/\/arantv.az\/index.php?rest_route=%2Fwp%2Fv2%2Fmedia&parent=713931"}],"wp:term":[{"taxonomy":"category","embeddable":true,"href":"https:\/\/arantv.az\/index.php?rest_route=%2Fwp%2Fv2%2Fcategories&post=713931"},{"taxonomy":"post_tag","embeddable":true,"href":"https:\/\/arantv.az\/index.php?rest_route=%2Fwp%2Fv2%2Ftags&post=713931"}],"curies":[{"name":"wp","href":"https:\/\/api.w.org\/{rel}","templated":true}]}}