{"id":713944,"date":"2024-04-22T13:05:24","date_gmt":"2024-04-22T09:05:24","guid":{"rendered":"https:\/\/arantv.az\/?p=713944"},"modified":"2024-04-22T13:05:24","modified_gmt":"2024-04-22T09:05:24","slug":"erm%c9%99nistan-hokum%c9%99ti-az%c9%99rbaycanla-demarkasiya-komissiyasinin-n%c9%99zdind%c9%99-iki-isci-qrupu-yaradib","status":"publish","type":"post","link":"https:\/\/arantv.az\/?p=713944","title":{"rendered":"Erm\u0259nistan h\u00f6kum\u0259ti Az\u0259rbaycanla demarkasiya komissiyas\u0131n\u0131n n\u0259zdind\u0259 iki i\u015f\u00e7i qrupu yarad\u0131b"},"content":{"rendered":"<p>Erm\u0259nistan\u0131n ba\u015f naziri Nikol Pa\u015finyan\u0131n q\u0259rar\u0131 il\u0259 \u201cErm\u0259nistan Respublikas\u0131 il\u0259 Az\u0259rbaycan Respublikas\u0131 aras\u0131nda d\u00f6vl\u0259t s\u0259rh\u0259dinin delimitasiyas\u0131 v\u0259 s\u0259rh\u0259d t\u0259hl\u00fck\u0259sizliyi m\u0259s\u0259l\u0259l\u0259ri \u00fczr\u0259 komissiya\u201dn\u0131n n\u0259zdind\u0259 iki i\u015f\u00e7i qrup yarad\u0131l\u0131b.<\/p>\n<p>Bu bar\u0259d\u0259 Erm\u0259nistan medias\u0131 x\u0259b\u0259r yay\u0131b.<\/p>\n<p>Bildirilib\u00a0ki, i\u015f\u00e7i qrupuna Tavu\u015fun qubernatoru, yerli icmalar\u0131n r\u0259hb\u0259rl\u0259ri, k\u0259nd sakinl\u0259rinin n\u00fcmay\u0259nd\u0259l\u0259ri daxil edilibl\u0259r.<\/p>\n<p>M\u0259lumatda deyilir ki, Ba\u011fanis (ER) &#8211; Ba\u011fan\u0131s Ayr\u0131m (AR), Voskepar (ER) &#8211; A\u015fa\u011f\u0131 \u018fskipara (AR), Kirants (ER) &#8211; Xeyrimli (AR) v\u0259 Berkaber (ER) &#8211; Q\u0131z\u0131lhac\u0131l\u0131 (AR) ya\u015fay\u0131\u015f m\u0259nt\u0259q\u0259l\u0259ri aras\u0131nda geodeziya i\u015fl\u0259ri apar\u0131ld\u0131qdan sonra planla\u015fd\u0131r\u0131lm\u0131\u015f koordinatlar\u0131n d\u0259qiql\u0259\u015fdirilm\u0259si v\u0259 m\u00fcvafiq protokol-t\u0259svirinin yarad\u0131lmas\u0131 \u00fc\u00e7\u00fcn yarad\u0131l\u0131b.<\/p>\n<p>Tavu\u015f vilay\u0259tinin qubernatoru Hayk Qalumyan\u0131n r\u0259hb\u0259rlik ed\u0259c\u0259yi birinci qrupa Noyemberyan v\u0259 \u0130cevan merl\u0259ri, Voskepar, Ba\u011fanis, Berkaber, Kirants icmalar\u0131n\u0131n ba\u015f\u00e7\u0131lar\u0131, h\u0259m\u00e7inin bir ne\u00e7\u0259 k\u0259nd sakini daxildir.<\/p>\n<p>\u0130kinci qrup Erm\u0259nistan\u0131n g\u00fcc blokunun n\u00fcmay\u0259nd\u0259l\u0259rind\u0259n ibar\u0259tdir.<\/p>\n","protected":false},"excerpt":{"rendered":"<p>Erm\u0259nistan\u0131n ba\u015f naziri Nikol Pa\u015finyan\u0131n q\u0259rar\u0131 il\u0259 \u201cErm\u0259nistan Respublikas\u0131 il\u0259 Az\u0259rbaycan Respublikas\u0131 aras\u0131nda d\u00f6vl\u0259t s\u0259rh\u0259dinin delimitasiyas\u0131 v\u0259 s\u0259rh\u0259d t\u0259hl\u00fck\u0259sizliyi m\u0259s\u0259l\u0259l\u0259ri \u00fczr\u0259 komissiya\u201dn\u0131n n\u0259zdind\u0259 iki i\u015f\u00e7i qrup yarad\u0131l\u0131b. Bu bar\u0259d\u0259 Erm\u0259nistan medias\u0131 x\u0259b\u0259r yay\u0131b. Bildirilib\u00a0ki, i\u015f\u00e7i qrupuna Tavu\u015fun qubernatoru, yerli icmalar\u0131n r\u0259hb\u0259rl\u0259ri, k\u0259nd sakinl\u0259rinin n\u00fcmay\u0259nd\u0259l\u0259ri daxil edilibl\u0259r. M\u0259lumatda deyilir ki, Ba\u011fanis (ER) &#8211; Ba\u011fan\u0131s Ayr\u0131m (AR), Voskepar (ER) &#8211; A\u015fa\u011f\u0131 \u018fskipara (AR), Kirants (ER) &#8211; Xeyrimli (AR) v\u0259 Berkaber (ER) &#8211; Q\u0131z\u0131lhac\u0131l\u0131 (AR) ya\u015fay\u0131\u015f m\u0259nt\u0259q\u0259l\u0259ri aras\u0131nda geodeziya i\u015fl\u0259ri apar\u0131ld\u0131qdan sonra planla\u015fd\u0131r\u0131lm\u0131\u015f koordinatlar\u0131n d\u0259qiql\u0259\u015fdirilm\u0259si v\u0259 m\u00fcvafiq protokol-t\u0259svirinin yarad\u0131lmas\u0131 \u00fc\u00e7\u00fcn yarad\u0131l\u0131b. Tavu\u015f vilay\u0259tinin&hellip;<\/p>\n","protected":false},"author":2,"featured_media":713945,"comment_status":"closed","ping_status":"closed","sticky":false,"template":"","format":"standard","meta":{"om_disable_all_campaigns":false,"_monsterinsights_skip_tracking":false,"_monsterinsights_sitenote_active":false,"_monsterinsights_sitenote_note":"","_monsterinsights_sitenote_category":0},"categories":[4],"tags":[],"aioseo_notices":[],"gutentor_comment":0,"rttpg_featured_image_url":{"full":["https:\/\/arantv.az\/wp-content\/uploads\/2024\/04\/230522-91.jpg",800,550,false],"landscape":["https:\/\/arantv.az\/wp-content\/uploads\/2024\/04\/230522-91.jpg",800,550,false],"portraits":["https:\/\/arantv.az\/wp-content\/uploads\/2024\/04\/230522-91.jpg",800,550,false],"thumbnail":["https:\/\/arantv.az\/wp-content\/uploads\/2024\/04\/230522-91-500x280.jpg",500,280,true],"medium":["https:\/\/arantv.az\/wp-content\/uploads\/2024\/04\/230522-91-531x365.jpg",531,365,true],"large":["https:\/\/arantv.az\/wp-content\/uploads\/2024\/04\/230522-91.jpg",640,440,false],"1536x1536":["https:\/\/arantv.az\/wp-content\/uploads\/2024\/04\/230522-91.jpg",800,550,false],"2048x2048":["https:\/\/arantv.az\/wp-content\/uploads\/2024\/04\/230522-91.jpg",800,550,false],"post-thumbnail":["https:\/\/arantv.az\/wp-content\/uploads\/2024\/04\/230522-91-240x172.jpg",240,172,true],"advps-thumb-one":["https:\/\/arantv.az\/wp-content\/uploads\/2024\/04\/230522-91.jpg",800,550,false]},"rttpg_author":{"display_name":"V\u00fcsal Rafiqo\u011flu","author_link":"https:\/\/arantv.az\/?author=2"},"rttpg_comment":0,"rttpg_category":"<a href=\"https:\/\/arantv.az\/?cat=4\" rel=\"category\">Siyas\u0259t<\/a>","rttpg_excerpt":"Erm\u0259nistan\u0131n ba\u015f naziri Nikol Pa\u015finyan\u0131n q\u0259rar\u0131 il\u0259 \u201cErm\u0259nistan Respublikas\u0131 il\u0259 Az\u0259rbaycan Respublikas\u0131 aras\u0131nda d\u00f6vl\u0259t s\u0259rh\u0259dinin delimitasiyas\u0131 v\u0259 s\u0259rh\u0259d t\u0259hl\u00fck\u0259sizliyi m\u0259s\u0259l\u0259l\u0259ri \u00fczr\u0259 komissiya\u201dn\u0131n n\u0259zdind\u0259 iki i\u015f\u00e7i qrup yarad\u0131l\u0131b. Bu bar\u0259d\u0259 Erm\u0259nistan medias\u0131 x\u0259b\u0259r yay\u0131b. Bildirilib\u00a0ki, i\u015f\u00e7i qrupuna Tavu\u015fun qubernatoru, yerli icmalar\u0131n r\u0259hb\u0259rl\u0259ri, k\u0259nd sakinl\u0259rinin n\u00fcmay\u0259nd\u0259l\u0259ri daxil edilibl\u0259r. M\u0259lumatda deyilir ki, Ba\u011fanis (ER) &#8211; Ba\u011fan\u0131s Ayr\u0131m (AR),&hellip;","_links":{"self":[{"href":"https:\/\/arantv.az\/index.php?rest_route=\/wp\/v2\/posts\/713944"}],"collection":[{"href":"https:\/\/arantv.az\/index.php?rest_route=\/wp\/v2\/posts"}],"about":[{"href":"https:\/\/arantv.az\/index.php?rest_route=\/wp\/v2\/types\/post"}],"author":[{"embeddable":true,"href":"https:\/\/arantv.az\/index.php?rest_route=\/wp\/v2\/users\/2"}],"replies":[{"embeddable":true,"href":"https:\/\/arantv.az\/index.php?rest_route=%2Fwp%2Fv2%2Fcomments&post=713944"}],"version-history":[{"count":0,"href":"https:\/\/arantv.az\/index.php?rest_route=\/wp\/v2\/posts\/713944\/revisions"}],"wp:featuredmedia":[{"embeddable":true,"href":"https:\/\/arantv.az\/index.php?rest_route=\/wp\/v2\/media\/713945"}],"wp:attachment":[{"href":"https:\/\/arantv.az\/index.php?rest_route=%2Fwp%2Fv2%2Fmedia&parent=713944"}],"wp:term":[{"taxonomy":"category","embeddable":true,"href":"https:\/\/arantv.az\/index.php?rest_route=%2Fwp%2Fv2%2Fcategories&post=713944"},{"taxonomy":"post_tag","embeddable":true,"href":"https:\/\/arantv.az\/index.php?rest_route=%2Fwp%2Fv2%2Ftags&post=713944"}],"curies":[{"name":"wp","href":"https:\/\/api.w.org\/{rel}","templated":true}]}}