{"id":714256,"date":"2024-04-23T10:00:52","date_gmt":"2024-04-23T06:00:52","guid":{"rendered":"https:\/\/arantv.az\/?p=714256"},"modified":"2024-04-23T10:00:52","modified_gmt":"2024-04-23T06:00:52","slug":"qirgizistan-prezidenti-agdama-ged%c9%99c%c9%99k","status":"publish","type":"post","link":"https:\/\/arantv.az\/?p=714256","title":{"rendered":"Q\u0131r\u011f\u0131z\u0131stan prezidenti A\u011fdama ged\u0259c\u0259k"},"content":{"rendered":"<p>Q\u0131r\u011f\u0131z\u0131stan Prezidenti Sad\u0131r Japarovun Az\u0259rbaycana aprelin 24-25-d\u0259 ba\u015f tutacaq d\u00f6vl\u0259t s\u0259f\u0259ri \u00e7\u0259r\u00e7iv\u0259sind\u0259 ticari-iqtisadi, m\u0259d\u0259ni-humanitar sah\u0259l\u0259rd\u0259 \u0259m\u0259kda\u015fl\u0131\u011f\u0131n d\u0259rinl\u0259\u015fdirilm\u0259sin\u0259 y\u00f6n\u0259lmi\u015f birg\u0259 b\u0259yannam\u0259 v\u0259 bir s\u0131ra sazi\u015fl\u0259rin imzalanmas\u0131 planla\u015fd\u0131r\u0131l\u0131r.<\/p>\n<p>Bu bar\u0259d\u0259 Q\u0131r\u011f\u0131z\u0131stan Prezidenti Administrasiyas\u0131n\u0131n xarici siyas\u0259t \u015f\u00f6b\u0259sinin m\u00fcdiri Muratbek Az\u0131mbakiyev bildirib.<\/p>\n<p>\u201cS\u0259f\u0259r \u00e7\u0259r\u00e7iv\u0259sind\u0259 Sad\u0131r Japarov Az\u0259rbaycan Prezidenti\u00a0<strong>\u0130lham \u018fliyevl\u0259<\/strong>\u00a0ikit\u0259r\u0259fli dan\u0131\u015f\u0131qlar aparacaq. Onlar ikit\u0259r\u0259fli v\u0259 \u00e7oxt\u0259r\u0259fli \u0259m\u0259kda\u015fl\u0131\u011f\u0131n cari m\u0259s\u0259l\u0259l\u0259rini, h\u0259m\u00e7inin g\u0259l\u0259c\u0259k inki\u015faf v\u0259 s\u0259m\u0259r\u0259li qar\u015f\u0131l\u0131ql\u0131 f\u0259aliyy\u0259tin qurulmas\u0131 perspektivl\u0259rini m\u00fczakir\u0259 ed\u0259c\u0259kl\u0259r\u201d, &#8211; o qeyd edib.<\/p>\n<p>Bundan ba\u015fqa, D\u00f6vl\u0259tl\u0259raras\u0131 \u015euran\u0131n iclas\u0131 da n\u0259z\u0259rd\u0259 tutulub.<\/p>\n<p>S.Japarov A\u011fdam\u0131n X\u0131d\u0131rl\u0131 k\u0259ndind\u0259 orta m\u0259kt\u0259bin t\u0259m\u0259lqoyma m\u0259rasimind\u0259 i\u015ftirak ed\u0259c\u0259k.<\/p>\n<p>Xat\u0131rladaq ki, daha \u0259vv\u0259l bu m\u0259kt\u0259bin Q\u0131r\u011f\u0131z\u0131stan t\u0259r\u0259find\u0259n in\u015fa edil\u0259c\u0259yi bar\u0259d\u0259 m\u0259lumat verilmi\u015fdi.<\/p>\n<p>M\u0259nb\u0259: Q\u0131r\u011f\u0131z\u0131stan K\u0130V<\/p>\n","protected":false},"excerpt":{"rendered":"<p>Q\u0131r\u011f\u0131z\u0131stan Prezidenti Sad\u0131r Japarovun Az\u0259rbaycana aprelin 24-25-d\u0259 ba\u015f tutacaq d\u00f6vl\u0259t s\u0259f\u0259ri \u00e7\u0259r\u00e7iv\u0259sind\u0259 ticari-iqtisadi, m\u0259d\u0259ni-humanitar sah\u0259l\u0259rd\u0259 \u0259m\u0259kda\u015fl\u0131\u011f\u0131n d\u0259rinl\u0259\u015fdirilm\u0259sin\u0259 y\u00f6n\u0259lmi\u015f birg\u0259 b\u0259yannam\u0259 v\u0259 bir s\u0131ra sazi\u015fl\u0259rin imzalanmas\u0131 planla\u015fd\u0131r\u0131l\u0131r. Bu bar\u0259d\u0259 Q\u0131r\u011f\u0131z\u0131stan Prezidenti Administrasiyas\u0131n\u0131n xarici siyas\u0259t \u015f\u00f6b\u0259sinin m\u00fcdiri Muratbek Az\u0131mbakiyev bildirib. \u201cS\u0259f\u0259r \u00e7\u0259r\u00e7iv\u0259sind\u0259 Sad\u0131r Japarov Az\u0259rbaycan Prezidenti\u00a0\u0130lham \u018fliyevl\u0259\u00a0ikit\u0259r\u0259fli dan\u0131\u015f\u0131qlar aparacaq. Onlar ikit\u0259r\u0259fli v\u0259 \u00e7oxt\u0259r\u0259fli \u0259m\u0259kda\u015fl\u0131\u011f\u0131n cari m\u0259s\u0259l\u0259l\u0259rini, h\u0259m\u00e7inin g\u0259l\u0259c\u0259k inki\u015faf v\u0259 s\u0259m\u0259r\u0259li qar\u015f\u0131l\u0131ql\u0131 f\u0259aliyy\u0259tin qurulmas\u0131 perspektivl\u0259rini m\u00fczakir\u0259 ed\u0259c\u0259kl\u0259r\u201d, &#8211; o qeyd edib. Bundan ba\u015fqa, D\u00f6vl\u0259tl\u0259raras\u0131 \u015euran\u0131n iclas\u0131 da n\u0259z\u0259rd\u0259 tutulub. S.Japarov A\u011fdam\u0131n X\u0131d\u0131rl\u0131 k\u0259ndind\u0259 orta m\u0259kt\u0259bin t\u0259m\u0259lqoyma m\u0259rasimind\u0259 i\u015ftirak ed\u0259c\u0259k. Xat\u0131rladaq ki, daha&hellip;<\/p>\n","protected":false},"author":2,"featured_media":714257,"comment_status":"closed","ping_status":"closed","sticky":false,"template":"","format":"standard","meta":{"om_disable_all_campaigns":false,"_monsterinsights_skip_tracking":false,"_monsterinsights_sitenote_active":false,"_monsterinsights_sitenote_note":"","_monsterinsights_sitenote_category":0},"categories":[4],"tags":[],"aioseo_notices":[],"gutentor_comment":0,"rttpg_featured_image_url":{"full":["https:\/\/arantv.az\/wp-content\/uploads\/2024\/04\/9a4b0655-a370-3f63-a4c6-90f53692fae3_850.jpg",620,413,false],"landscape":["https:\/\/arantv.az\/wp-content\/uploads\/2024\/04\/9a4b0655-a370-3f63-a4c6-90f53692fae3_850.jpg",620,413,false],"portraits":["https:\/\/arantv.az\/wp-content\/uploads\/2024\/04\/9a4b0655-a370-3f63-a4c6-90f53692fae3_850.jpg",620,413,false],"thumbnail":["https:\/\/arantv.az\/wp-content\/uploads\/2024\/04\/9a4b0655-a370-3f63-a4c6-90f53692fae3_850-500x280.jpg",500,280,true],"medium":["https:\/\/arantv.az\/wp-content\/uploads\/2024\/04\/9a4b0655-a370-3f63-a4c6-90f53692fae3_850-548x365.jpg",548,365,true],"large":["https:\/\/arantv.az\/wp-content\/uploads\/2024\/04\/9a4b0655-a370-3f63-a4c6-90f53692fae3_850.jpg",620,413,false],"1536x1536":["https:\/\/arantv.az\/wp-content\/uploads\/2024\/04\/9a4b0655-a370-3f63-a4c6-90f53692fae3_850.jpg",620,413,false],"2048x2048":["https:\/\/arantv.az\/wp-content\/uploads\/2024\/04\/9a4b0655-a370-3f63-a4c6-90f53692fae3_850.jpg",620,413,false],"post-thumbnail":["https:\/\/arantv.az\/wp-content\/uploads\/2024\/04\/9a4b0655-a370-3f63-a4c6-90f53692fae3_850-240x172.jpg",240,172,true],"advps-thumb-one":["https:\/\/arantv.az\/wp-content\/uploads\/2024\/04\/9a4b0655-a370-3f63-a4c6-90f53692fae3_850.jpg",620,413,false]},"rttpg_author":{"display_name":"V\u00fcsal Rafiqo\u011flu","author_link":"https:\/\/arantv.az\/?author=2"},"rttpg_comment":0,"rttpg_category":"<a href=\"https:\/\/arantv.az\/?cat=4\" rel=\"category\">Siyas\u0259t<\/a>","rttpg_excerpt":"Q\u0131r\u011f\u0131z\u0131stan Prezidenti Sad\u0131r Japarovun Az\u0259rbaycana aprelin 24-25-d\u0259 ba\u015f tutacaq d\u00f6vl\u0259t s\u0259f\u0259ri \u00e7\u0259r\u00e7iv\u0259sind\u0259 ticari-iqtisadi, m\u0259d\u0259ni-humanitar sah\u0259l\u0259rd\u0259 \u0259m\u0259kda\u015fl\u0131\u011f\u0131n d\u0259rinl\u0259\u015fdirilm\u0259sin\u0259 y\u00f6n\u0259lmi\u015f birg\u0259 b\u0259yannam\u0259 v\u0259 bir s\u0131ra sazi\u015fl\u0259rin imzalanmas\u0131 planla\u015fd\u0131r\u0131l\u0131r. Bu bar\u0259d\u0259 Q\u0131r\u011f\u0131z\u0131stan Prezidenti Administrasiyas\u0131n\u0131n xarici siyas\u0259t \u015f\u00f6b\u0259sinin m\u00fcdiri Muratbek Az\u0131mbakiyev bildirib. \u201cS\u0259f\u0259r \u00e7\u0259r\u00e7iv\u0259sind\u0259 Sad\u0131r Japarov Az\u0259rbaycan Prezidenti\u00a0\u0130lham \u018fliyevl\u0259\u00a0ikit\u0259r\u0259fli dan\u0131\u015f\u0131qlar aparacaq. Onlar ikit\u0259r\u0259fli v\u0259 \u00e7oxt\u0259r\u0259fli \u0259m\u0259kda\u015fl\u0131\u011f\u0131n cari m\u0259s\u0259l\u0259l\u0259rini, h\u0259m\u00e7inin&hellip;","_links":{"self":[{"href":"https:\/\/arantv.az\/index.php?rest_route=\/wp\/v2\/posts\/714256"}],"collection":[{"href":"https:\/\/arantv.az\/index.php?rest_route=\/wp\/v2\/posts"}],"about":[{"href":"https:\/\/arantv.az\/index.php?rest_route=\/wp\/v2\/types\/post"}],"author":[{"embeddable":true,"href":"https:\/\/arantv.az\/index.php?rest_route=\/wp\/v2\/users\/2"}],"replies":[{"embeddable":true,"href":"https:\/\/arantv.az\/index.php?rest_route=%2Fwp%2Fv2%2Fcomments&post=714256"}],"version-history":[{"count":0,"href":"https:\/\/arantv.az\/index.php?rest_route=\/wp\/v2\/posts\/714256\/revisions"}],"wp:featuredmedia":[{"embeddable":true,"href":"https:\/\/arantv.az\/index.php?rest_route=\/wp\/v2\/media\/714257"}],"wp:attachment":[{"href":"https:\/\/arantv.az\/index.php?rest_route=%2Fwp%2Fv2%2Fmedia&parent=714256"}],"wp:term":[{"taxonomy":"category","embeddable":true,"href":"https:\/\/arantv.az\/index.php?rest_route=%2Fwp%2Fv2%2Fcategories&post=714256"},{"taxonomy":"post_tag","embeddable":true,"href":"https:\/\/arantv.az\/index.php?rest_route=%2Fwp%2Fv2%2Ftags&post=714256"}],"curies":[{"name":"wp","href":"https:\/\/api.w.org\/{rel}","templated":true}]}}