{"id":714292,"date":"2024-04-23T11:14:21","date_gmt":"2024-04-23T07:14:21","guid":{"rendered":"https:\/\/arantv.az\/?p=714292"},"modified":"2024-04-23T11:14:21","modified_gmt":"2024-04-23T07:14:21","slug":"iran-xin-az%c9%99rbaycanla-erm%c9%99nistanin-delimitasiya-il%c9%99-bagli-q%c9%99rarina-horm%c9%99tl%c9%99-yanasiriq","status":"publish","type":"post","link":"https:\/\/arantv.az\/?p=714292","title":{"rendered":"\u0130ran X\u0130N: \u201cAz\u0259rbaycanla Erm\u0259nistan\u0131n delimitasiya il\u0259 ba\u011fl\u0131 q\u0259rar\u0131na h\u00f6rm\u0259tl\u0259 yana\u015f\u0131r\u0131q\u201d"},"content":{"rendered":"<p>\u201cR\u0259smi Tehran Az\u0259rbaycanla Erm\u0259nistan aras\u0131nda s\u0259rh\u0259dl\u0259rin delimitasiyas\u0131 komissiyas\u0131n\u0131n iclas\u0131nda \u0259ld\u0259 olunmu\u015f raz\u0131la\u015fmalara h\u00f6rm\u0259tl\u0259 yana\u015f\u0131r\u201d.<\/p>\n<p>Bunu \u0130ran Xarici \u0130\u015fl\u0259r Nazirliyinin s\u00f6z\u00e7\u00fcs\u00fc Naser K\u0259nani aprelin 23-d\u0259 jurnalistl\u0259r \u00fc\u00e7\u00fcn ke\u00e7irdiyi brifinqd\u0259 deyib.<\/p>\n<p>Onun s\u00f6zl\u0259rin\u0259 g\u00f6r\u0259, Az\u0259rbaycan v\u0259 Erm\u0259nistan\u0131n bir-birinin suverenliyi, \u0259razi b\u00fct\u00f6vl\u00fcy\u00fcn\u0259 qar\u015f\u0131l\u0131ql\u0131 h\u00f6rm\u0259t \u00e7\u0259r\u00e7iv\u0259sind\u0259 s\u00fclh yolu il\u0259 s\u0259rh\u0259d m\u0259s\u0259l\u0259l\u0259rinin h\u0259lli istiqam\u0259tind\u0259 s\u0259yl\u0259rini davam etdirm\u0259si, davaml\u0131 s\u00fclh v\u0259 sabitliyin C\u0259nubi Qafqazda b\u0259rq\u0259rar olmas\u0131 \u00fc\u00e7\u00fcn z\u0259ruridir.<\/p>\n<p>M\u0259nb\u0259: ISNA<\/p>\n","protected":false},"excerpt":{"rendered":"<p>\u201cR\u0259smi Tehran Az\u0259rbaycanla Erm\u0259nistan aras\u0131nda s\u0259rh\u0259dl\u0259rin delimitasiyas\u0131 komissiyas\u0131n\u0131n iclas\u0131nda \u0259ld\u0259 olunmu\u015f raz\u0131la\u015fmalara h\u00f6rm\u0259tl\u0259 yana\u015f\u0131r\u201d. Bunu \u0130ran Xarici \u0130\u015fl\u0259r Nazirliyinin s\u00f6z\u00e7\u00fcs\u00fc Naser K\u0259nani aprelin 23-d\u0259 jurnalistl\u0259r \u00fc\u00e7\u00fcn ke\u00e7irdiyi brifinqd\u0259 deyib. Onun s\u00f6zl\u0259rin\u0259 g\u00f6r\u0259, Az\u0259rbaycan v\u0259 Erm\u0259nistan\u0131n bir-birinin suverenliyi, \u0259razi b\u00fct\u00f6vl\u00fcy\u00fcn\u0259 qar\u015f\u0131l\u0131ql\u0131 h\u00f6rm\u0259t \u00e7\u0259r\u00e7iv\u0259sind\u0259 s\u00fclh yolu il\u0259 s\u0259rh\u0259d m\u0259s\u0259l\u0259l\u0259rinin h\u0259lli istiqam\u0259tind\u0259 s\u0259yl\u0259rini davam etdirm\u0259si, davaml\u0131 s\u00fclh v\u0259 sabitliyin C\u0259nubi Qafqazda b\u0259rq\u0259rar olmas\u0131 \u00fc\u00e7\u00fcn z\u0259ruridir. M\u0259nb\u0259: ISNA<\/p>\n","protected":false},"author":2,"featured_media":714294,"comment_status":"closed","ping_status":"closed","sticky":false,"template":"","format":"standard","meta":{"om_disable_all_campaigns":false,"_monsterinsights_skip_tracking":false,"_monsterinsights_sitenote_active":false,"_monsterinsights_sitenote_note":"","_monsterinsights_sitenote_category":0},"categories":[4],"tags":[],"aioseo_notices":[],"gutentor_comment":0,"rttpg_featured_image_url":{"full":["https:\/\/arantv.az\/wp-content\/uploads\/2024\/04\/436784823_395760599963695_477995714208901488_n.jpg",620,413,false],"landscape":["https:\/\/arantv.az\/wp-content\/uploads\/2024\/04\/436784823_395760599963695_477995714208901488_n.jpg",620,413,false],"portraits":["https:\/\/arantv.az\/wp-content\/uploads\/2024\/04\/436784823_395760599963695_477995714208901488_n.jpg",620,413,false],"thumbnail":["https:\/\/arantv.az\/wp-content\/uploads\/2024\/04\/436784823_395760599963695_477995714208901488_n-500x280.jpg",500,280,true],"medium":["https:\/\/arantv.az\/wp-content\/uploads\/2024\/04\/436784823_395760599963695_477995714208901488_n-548x365.jpg",548,365,true],"large":["https:\/\/arantv.az\/wp-content\/uploads\/2024\/04\/436784823_395760599963695_477995714208901488_n.jpg",620,413,false],"1536x1536":["https:\/\/arantv.az\/wp-content\/uploads\/2024\/04\/436784823_395760599963695_477995714208901488_n.jpg",620,413,false],"2048x2048":["https:\/\/arantv.az\/wp-content\/uploads\/2024\/04\/436784823_395760599963695_477995714208901488_n.jpg",620,413,false],"post-thumbnail":["https:\/\/arantv.az\/wp-content\/uploads\/2024\/04\/436784823_395760599963695_477995714208901488_n-240x172.jpg",240,172,true],"advps-thumb-one":["https:\/\/arantv.az\/wp-content\/uploads\/2024\/04\/436784823_395760599963695_477995714208901488_n.jpg",620,413,false]},"rttpg_author":{"display_name":"V\u00fcsal Rafiqo\u011flu","author_link":"https:\/\/arantv.az\/?author=2"},"rttpg_comment":0,"rttpg_category":"<a href=\"https:\/\/arantv.az\/?cat=4\" rel=\"category\">Siyas\u0259t<\/a>","rttpg_excerpt":"\u201cR\u0259smi Tehran Az\u0259rbaycanla Erm\u0259nistan aras\u0131nda s\u0259rh\u0259dl\u0259rin delimitasiyas\u0131 komissiyas\u0131n\u0131n iclas\u0131nda \u0259ld\u0259 olunmu\u015f raz\u0131la\u015fmalara h\u00f6rm\u0259tl\u0259 yana\u015f\u0131r\u201d. Bunu \u0130ran Xarici \u0130\u015fl\u0259r Nazirliyinin s\u00f6z\u00e7\u00fcs\u00fc Naser K\u0259nani aprelin 23-d\u0259 jurnalistl\u0259r \u00fc\u00e7\u00fcn ke\u00e7irdiyi brifinqd\u0259 deyib. Onun s\u00f6zl\u0259rin\u0259 g\u00f6r\u0259, Az\u0259rbaycan v\u0259 Erm\u0259nistan\u0131n bir-birinin suverenliyi, \u0259razi b\u00fct\u00f6vl\u00fcy\u00fcn\u0259 qar\u015f\u0131l\u0131ql\u0131 h\u00f6rm\u0259t \u00e7\u0259r\u00e7iv\u0259sind\u0259 s\u00fclh yolu il\u0259 s\u0259rh\u0259d m\u0259s\u0259l\u0259l\u0259rinin h\u0259lli istiqam\u0259tind\u0259 s\u0259yl\u0259rini davam etdirm\u0259si, davaml\u0131 s\u00fclh v\u0259&hellip;","_links":{"self":[{"href":"https:\/\/arantv.az\/index.php?rest_route=\/wp\/v2\/posts\/714292"}],"collection":[{"href":"https:\/\/arantv.az\/index.php?rest_route=\/wp\/v2\/posts"}],"about":[{"href":"https:\/\/arantv.az\/index.php?rest_route=\/wp\/v2\/types\/post"}],"author":[{"embeddable":true,"href":"https:\/\/arantv.az\/index.php?rest_route=\/wp\/v2\/users\/2"}],"replies":[{"embeddable":true,"href":"https:\/\/arantv.az\/index.php?rest_route=%2Fwp%2Fv2%2Fcomments&post=714292"}],"version-history":[{"count":0,"href":"https:\/\/arantv.az\/index.php?rest_route=\/wp\/v2\/posts\/714292\/revisions"}],"wp:featuredmedia":[{"embeddable":true,"href":"https:\/\/arantv.az\/index.php?rest_route=\/wp\/v2\/media\/714294"}],"wp:attachment":[{"href":"https:\/\/arantv.az\/index.php?rest_route=%2Fwp%2Fv2%2Fmedia&parent=714292"}],"wp:term":[{"taxonomy":"category","embeddable":true,"href":"https:\/\/arantv.az\/index.php?rest_route=%2Fwp%2Fv2%2Fcategories&post=714292"},{"taxonomy":"post_tag","embeddable":true,"href":"https:\/\/arantv.az\/index.php?rest_route=%2Fwp%2Fv2%2Ftags&post=714292"}],"curies":[{"name":"wp","href":"https:\/\/api.w.org\/{rel}","templated":true}]}}