{"id":714302,"date":"2024-04-23T11:17:23","date_gmt":"2024-04-23T07:17:23","guid":{"rendered":"https:\/\/arantv.az\/?p=714302"},"modified":"2024-04-23T11:17:23","modified_gmt":"2024-04-23T07:17:23","slug":"dovl%c9%99t-departamenti-erm%c9%99nistan-h%c9%99rbi-cinay%c9%99tl%c9%99rin-arasdirilmasinda-hec-bir-ir%c9%99lil%c9%99yis-%c9%99ld%c9%99-etm%c9%99yib","status":"publish","type":"post","link":"https:\/\/arantv.az\/?p=714302","title":{"rendered":"D\u00f6vl\u0259t Departamenti: \u201cErm\u0259nistan h\u0259rbi cinay\u0259tl\u0259rin ara\u015fd\u0131r\u0131lmas\u0131nda he\u00e7 bir ir\u0259lil\u0259yi\u015f \u0259ld\u0259 etm\u0259yib\u201d"},"content":{"rendered":"<p>\u201cErm\u0259nistan 2020-ci ild\u0259 Az\u0259rbaycanla d\u00f6y\u00fc\u015fl\u0259r n\u0259tic\u0259sind\u0259 (44 g\u00fcnl\u00fck m\u00fcharib\u0259) erm\u0259nidilli cinay\u0259tkarlar t\u0259r\u0259find\u0259n t\u00f6r\u0259dilmi\u015f h\u0259rbi cinay\u0259tl\u0259rin ara\u015fd\u0131r\u0131lmas\u0131nda he\u00e7 bir ir\u0259lil\u0259yi\u015f \u0259ld\u0259 etm\u0259yib\u201d.<\/p>\n<p><strong>ARANTV.AZ<\/strong>-\u0131n m\u0259lumat\u0131na g\u00f6r\u0259, bu bar\u0259d\u0259 AB\u015e D\u00f6vl\u0259t Departamentinin Erm\u0259nistanda insan haqlar\u0131n\u0131n v\u0259ziyy\u0259tin\u0259 dair illik hesabat\u0131nda bildirilib.<\/p>\n<p>S\u0259n\u0259dd\u0259 deyilir ki, 2020-ci ilin pay\u0131z\u0131nda \u015fidd\u0259tli d\u00f6y\u00fc\u015fl\u0259r zaman\u0131 erm\u0259nidilli cinay\u0259tkarlar\u0131n h\u0259r\u0259k\u0259tl\u0259rini ara\u015fd\u0131rmaq \u00fc\u00e7\u00fcn Erm\u0259nistan h\u00f6kum\u0259ti t\u0259r\u0259find\u0259n \u201cSilahl\u0131 m\u00fcnaqi\u015f\u0259l\u0259r zaman\u0131 beyn\u0259lxalq humanitar h\u00fcququn ciddi \u015f\u0259kild\u0259 pozulmas\u0131\u201d ittiham\u0131 il\u0259 el\u0259 h\u0259min ild\u0259 a\u00e7\u0131lm\u0131\u015f alt\u0131 cinay\u0259t i\u015fi il\u0259 ba\u011fl\u0131 yeni m\u0259lumat verilm\u0259yib.<\/p>\n<p>Hesabatda Erm\u0259nistanda antisemitzm m\u0259s\u0259l\u0259sin\u0259 d\u0259 toxunulub v\u0259\u00a0y\u0259hudi \u0259halisinin 500-d\u0259n 1000-\u0259 q\u0259d\u0259r oldu\u011funu t\u0259xmin edil\u0259n \u00f6lk\u0259nin paytaxt\u0131nda yegan\u0259 sinaqoqa qar\u015f\u0131 vandalizm aktlar\u0131na diqq\u0259t \u00e7\u0259kilib.<\/p>\n<p>\u201c\u0130r\u0259vandak\u0131 yegan\u0259 sinaqoqu h\u0259d\u0259f alan iki vandalizm hadis\u0259si qeyd\u0259 al\u0131n\u0131b\u201d, &#8211; dey\u0259 s\u0259n\u0259dd\u0259 bildirilib v\u0259 h\u00f6kum\u0259tin bu \u0259m\u0259ll\u0259ri \u201cyanl\u0131\u015f antisemitizm versiyalar\u0131 yaratma\u011fa v\u0259 milli siyas\u0259ti sars\u0131tma\u011fa \u00e7al\u0131\u015fan xarici aktorlar\u0131n\u201d aya\u011f\u0131na yazd\u0131\u011f\u0131 qeyd edilib.<\/p>\n","protected":false},"excerpt":{"rendered":"<p>\u201cErm\u0259nistan 2020-ci ild\u0259 Az\u0259rbaycanla d\u00f6y\u00fc\u015fl\u0259r n\u0259tic\u0259sind\u0259 (44 g\u00fcnl\u00fck m\u00fcharib\u0259) erm\u0259nidilli cinay\u0259tkarlar t\u0259r\u0259find\u0259n t\u00f6r\u0259dilmi\u015f h\u0259rbi cinay\u0259tl\u0259rin ara\u015fd\u0131r\u0131lmas\u0131nda he\u00e7 bir ir\u0259lil\u0259yi\u015f \u0259ld\u0259 etm\u0259yib\u201d. ARANTV.AZ-\u0131n m\u0259lumat\u0131na g\u00f6r\u0259, bu bar\u0259d\u0259 AB\u015e D\u00f6vl\u0259t Departamentinin Erm\u0259nistanda insan haqlar\u0131n\u0131n v\u0259ziyy\u0259tin\u0259 dair illik hesabat\u0131nda bildirilib. S\u0259n\u0259dd\u0259 deyilir ki, 2020-ci ilin pay\u0131z\u0131nda \u015fidd\u0259tli d\u00f6y\u00fc\u015fl\u0259r zaman\u0131 erm\u0259nidilli cinay\u0259tkarlar\u0131n h\u0259r\u0259k\u0259tl\u0259rini ara\u015fd\u0131rmaq \u00fc\u00e7\u00fcn Erm\u0259nistan h\u00f6kum\u0259ti t\u0259r\u0259find\u0259n \u201cSilahl\u0131 m\u00fcnaqi\u015f\u0259l\u0259r zaman\u0131 beyn\u0259lxalq humanitar h\u00fcququn ciddi \u015f\u0259kild\u0259 pozulmas\u0131\u201d ittiham\u0131 il\u0259 el\u0259 h\u0259min ild\u0259 a\u00e7\u0131lm\u0131\u015f alt\u0131 cinay\u0259t i\u015fi il\u0259 ba\u011fl\u0131 yeni m\u0259lumat verilm\u0259yib. Hesabatda Erm\u0259nistanda antisemitzm m\u0259s\u0259l\u0259sin\u0259 d\u0259 toxunulub v\u0259\u00a0y\u0259hudi \u0259halisinin 500-d\u0259n 1000-\u0259 q\u0259d\u0259r oldu\u011funu t\u0259xmin&hellip;<\/p>\n","protected":false},"author":2,"featured_media":714303,"comment_status":"closed","ping_status":"closed","sticky":false,"template":"","format":"standard","meta":{"om_disable_all_campaigns":false,"_monsterinsights_skip_tracking":false,"_monsterinsights_sitenote_active":false,"_monsterinsights_sitenote_note":"","_monsterinsights_sitenote_category":0},"categories":[4],"tags":[],"aioseo_notices":[],"gutentor_comment":0,"rttpg_featured_image_url":{"full":["https:\/\/arantv.az\/wp-content\/uploads\/2024\/04\/3-1.jpg",620,413,false],"landscape":["https:\/\/arantv.az\/wp-content\/uploads\/2024\/04\/3-1.jpg",620,413,false],"portraits":["https:\/\/arantv.az\/wp-content\/uploads\/2024\/04\/3-1.jpg",620,413,false],"thumbnail":["https:\/\/arantv.az\/wp-content\/uploads\/2024\/04\/3-1-500x280.jpg",500,280,true],"medium":["https:\/\/arantv.az\/wp-content\/uploads\/2024\/04\/3-1-548x365.jpg",548,365,true],"large":["https:\/\/arantv.az\/wp-content\/uploads\/2024\/04\/3-1.jpg",620,413,false],"1536x1536":["https:\/\/arantv.az\/wp-content\/uploads\/2024\/04\/3-1.jpg",620,413,false],"2048x2048":["https:\/\/arantv.az\/wp-content\/uploads\/2024\/04\/3-1.jpg",620,413,false],"post-thumbnail":["https:\/\/arantv.az\/wp-content\/uploads\/2024\/04\/3-1-240x172.jpg",240,172,true],"advps-thumb-one":["https:\/\/arantv.az\/wp-content\/uploads\/2024\/04\/3-1.jpg",620,413,false]},"rttpg_author":{"display_name":"V\u00fcsal Rafiqo\u011flu","author_link":"https:\/\/arantv.az\/?author=2"},"rttpg_comment":0,"rttpg_category":"<a href=\"https:\/\/arantv.az\/?cat=4\" rel=\"category\">Siyas\u0259t<\/a>","rttpg_excerpt":"\u201cErm\u0259nistan 2020-ci ild\u0259 Az\u0259rbaycanla d\u00f6y\u00fc\u015fl\u0259r n\u0259tic\u0259sind\u0259 (44 g\u00fcnl\u00fck m\u00fcharib\u0259) erm\u0259nidilli cinay\u0259tkarlar t\u0259r\u0259find\u0259n t\u00f6r\u0259dilmi\u015f h\u0259rbi cinay\u0259tl\u0259rin ara\u015fd\u0131r\u0131lmas\u0131nda he\u00e7 bir ir\u0259lil\u0259yi\u015f \u0259ld\u0259 etm\u0259yib\u201d. ARANTV.AZ-\u0131n m\u0259lumat\u0131na g\u00f6r\u0259, bu bar\u0259d\u0259 AB\u015e D\u00f6vl\u0259t Departamentinin Erm\u0259nistanda insan haqlar\u0131n\u0131n v\u0259ziyy\u0259tin\u0259 dair illik hesabat\u0131nda bildirilib. S\u0259n\u0259dd\u0259 deyilir ki, 2020-ci ilin pay\u0131z\u0131nda \u015fidd\u0259tli d\u00f6y\u00fc\u015fl\u0259r zaman\u0131 erm\u0259nidilli cinay\u0259tkarlar\u0131n h\u0259r\u0259k\u0259tl\u0259rini ara\u015fd\u0131rmaq \u00fc\u00e7\u00fcn Erm\u0259nistan h\u00f6kum\u0259ti t\u0259r\u0259find\u0259n \u201cSilahl\u0131&hellip;","_links":{"self":[{"href":"https:\/\/arantv.az\/index.php?rest_route=\/wp\/v2\/posts\/714302"}],"collection":[{"href":"https:\/\/arantv.az\/index.php?rest_route=\/wp\/v2\/posts"}],"about":[{"href":"https:\/\/arantv.az\/index.php?rest_route=\/wp\/v2\/types\/post"}],"author":[{"embeddable":true,"href":"https:\/\/arantv.az\/index.php?rest_route=\/wp\/v2\/users\/2"}],"replies":[{"embeddable":true,"href":"https:\/\/arantv.az\/index.php?rest_route=%2Fwp%2Fv2%2Fcomments&post=714302"}],"version-history":[{"count":0,"href":"https:\/\/arantv.az\/index.php?rest_route=\/wp\/v2\/posts\/714302\/revisions"}],"wp:featuredmedia":[{"embeddable":true,"href":"https:\/\/arantv.az\/index.php?rest_route=\/wp\/v2\/media\/714303"}],"wp:attachment":[{"href":"https:\/\/arantv.az\/index.php?rest_route=%2Fwp%2Fv2%2Fmedia&parent=714302"}],"wp:term":[{"taxonomy":"category","embeddable":true,"href":"https:\/\/arantv.az\/index.php?rest_route=%2Fwp%2Fv2%2Fcategories&post=714302"},{"taxonomy":"post_tag","embeddable":true,"href":"https:\/\/arantv.az\/index.php?rest_route=%2Fwp%2Fv2%2Ftags&post=714302"}],"curies":[{"name":"wp","href":"https:\/\/api.w.org\/{rel}","templated":true}]}}