{"id":714306,"date":"2024-04-23T11:17:58","date_gmt":"2024-04-23T07:17:58","guid":{"rendered":"https:\/\/arantv.az\/?p=714306"},"modified":"2024-04-23T11:17:58","modified_gmt":"2024-04-23T07:17:58","slug":"anjey-kasprsik-at%c9%99t-f%c9%99aliyy%c9%99tinin-gost%c9%99ricisi-s%c9%99rh-foto","status":"publish","type":"post","link":"https:\/\/arantv.az\/?p=714306","title":{"rendered":"Anjey Kaspr\u015fik &#8211; AT\u018fT f\u0259aliyy\u0259tinin g\u00f6st\u0259ricisi + \u015e\u018fRH + FOTO"},"content":{"rendered":"<p>Vaxt\u0131 il\u0259 Avropada T\u0259hl\u00fck\u0259sizlik v\u0259 \u018fm\u0259kda\u015fl\u0131q T\u0259\u015fkilat\u0131n\u0131n (AT\u018fT) f\u0259aliyy\u0259td\u0259 olan s\u0259drinin x\u00fcsusi n\u00fcmay\u0259nd\u0259si, Minsk qrupu v\u0259 h\u0259ms\u0259drl\u0259r kimi qurumlar var idi.<\/p>\n<p>Az\u0259rbaycan\u0131n 2020-ci il sentyabr\u0131n 27-d\u0259n noyabr\u0131n 9-d\u0259k torpaqlar\u0131n\u0131 Erm\u0259nistan\u0131n i\u015f\u011fal\u0131ndan azad etm\u0259si il\u0259 onlar\u0131n da m\u00f6vcudlu\u011fu tarix\u0259 g\u00f6nd\u0259rildi. Ancaq n\u0259 q\u0259d\u0259r q\u0259rib\u0259 d\u0259 olsa, AT\u018fT-in f\u0259aliyy\u0259td\u0259 olan s\u0259drinin \u015f\u0259xsi n\u00fcmay\u0259nd\u0259si Anjey Kaspr\u015fik h\u0259l\u0259 d\u0259 bu v\u0259zif\u0259ni tutur.<\/p>\n<p>AT\u018fT qaydalar\u0131na \u0259sas\u0259n, onun ist\u0259nil\u0259n b\u00f6lm\u0259sind\u0259 bir n\u0259f\u0259r 10 ild\u0259n art\u0131q i\u015fl\u0259y\u0259 bilm\u0259z. Y\u0259ni bir \u0259m\u0259kda\u015f\u0131n bu qurumdan 10 il \u0259m\u0259khaqq\u0131 almaq h\u00fcququ var. Sonra h\u0259min \u015f\u0259xs, h\u0259r hans\u0131 bir fenomenal g\u00f6st\u0259ricil\u0259ri olsa bel\u0259, qurumdan uzaqla\u015fd\u0131r\u0131l\u0131r. Bu, bir s\u0131ra neqativ hallar\u0131n qar\u015f\u0131s\u0131n\u0131 alma\u011fa hesablan\u0131b.<\/p>\n<p>Ancaq Anjey Kaspr\u015fik bu v\u0259zif\u0259y\u0259 1995-ci il avqustun 10-da t\u0259yin edilib. Bundan \u0259vv\u0259l o, Pol\u015fan\u0131n Kuba v\u0259 Zimbabved\u0259 s\u0259firi v\u0259zif\u0259l\u0259rind\u0259 \u00e7al\u0131\u015f\u0131b.<\/p>\n<p>\u00dc\u00e7 ild\u0259n art\u0131qd\u0131r, Az\u0259rbaycan AT\u018fT-in f\u0259aliyy\u0259td\u0259 olan s\u0259drin \u015f\u0259xsi n\u00fcmay\u0259nd\u0259sinin v\u0259 ke\u00e7mi\u015f Minsk qrupunun yax\u0131ndan v\u0259 uzaqdan i\u015ftirak\u0131 olmadan \u00f6z \u0259razisind\u0259ki m\u00fcnaqi\u015f\u0259ni h\u0259ll edib.<\/p>\n<p><img src=\"https:\/\/cdn.oxu.az\/uploads\/W1siZiIsIjIwMjQvMDQvMjMvMTAvMjAvMzkvZTRkYmU3ODAtYjFmNi00MzE0LWJmMTYtMmEyZWZlYzkxYjU2LzVkMTBhZjYyLTVhOTEtMzBiYi1iMjc2LWY5ODhmZTAxNTlmYy5qcGciXSxbInAiLCJlbmNvZGUiLCJqcGciLCItcXVhbGl0eSA4MCJdLFsicCIsInRodW1iIiwiNTkweDU5MFx1MDAzZSJdXQ?sha=ab82c30d1fc41540\" alt=\"\" \/><\/p>\n<p>\u0130\u015f\u011fal d\u00f6vr\u00fcnd\u0259 x\u00fcsusi n\u00fcmay\u0259nd\u0259nin \u0259sas v\u0259zif\u0259si qo\u015funlar\u0131n t\u0259mas x\u0259ttind\u0259 at\u0259\u015fk\u0259s\u0259 \u0259m\u0259l edilm\u0259sin\u0259 n\u0259zar\u0259t etm\u0259k olub. \u00c7\u00fcnki 1994-c\u00fc il may\u0131n 12-d\u0259 Az\u0259rbaycanla Erm\u0259nistan aras\u0131nda Q\u0131r\u011f\u0131z\u0131stan\u0131n paytaxt\u0131 Bi\u015fkekd\u0259 at\u0259\u015fk\u0259s\u0259 dair protokol imzaland\u0131qdan sonra bu rejim\u0259 \u0259m\u0259l edilm\u0259si beyn\u0259lxalq s\u0259viyy\u0259d\u0259 m\u00fc\u015fahid\u0259 edilirdi. Bu proses Anjey Kaspr\u015fikin ba\u015f\u00e7\u0131l\u0131\u011f\u0131 il\u0259 realla\u015f\u0131rd\u0131. T\u0259bii ki, onun h\u0259yata ke\u00e7m\u0259si s\u0259viyy\u0259si 1994-c\u00fc ild\u0259n 2020-ci il sentyabr\u0131n 27-d\u0259k ba\u015f ver\u0259n hadis\u0259l\u0259rd\u0259 \u00f6z\u00fcn\u00fc g\u00f6st\u0259rib.<\/p>\n<p>Y\u0259ni AT\u018fT-in daxili qaydas\u0131 Anjey Kaspr\u015fikin i\u015fd\u0259 qalmas\u0131 il\u0259 ba\u011fl\u0131 iki d\u0259f\u0259 pozulub. H\u0259min prosedura \u0259sas\u0259n, 2005-ci ild\u0259 o, tutdu\u011fu v\u0259zif\u0259d\u0259n azad edilm\u0259li idi. Ancaq buna baxmayaraq, onun s\u0259lahiyy\u0259t m\u00fcdd\u0259ti daha 15 il uzad\u0131l\u0131b. M\u0259lum qaydan\u0131 pozmamaq \u00fc\u00e7\u00fcn Kaspr\u015fiki sonrak\u0131 d\u00f6vrd\u0259 s\u0259drin x\u00fcsusi n\u00fcmay\u0259nd\u0259si olaraq se\u00e7ibl\u0259r. \u018fslind\u0259, bu da qaydalara zidd say\u0131l\u0131r. \u00c7\u00fcnki bu v\u0259zif\u0259y\u0259 \u0259m\u0259kda\u015f t\u0259yin olunur.<\/p>\n<p><img src=\"https:\/\/cdn.oxu.az\/uploads\/W1siZiIsIjIwMjQvMDQvMjMvMTAvMjAvMzkvOWMzM2UzZWMtYTM0My00ZTdlLWJjMGItYmU4YzU4Y2Y2NzQyLzI5YWY5YTBlLTQxZmQtMzQxYy05ODAwLTI5NGJjMzY2NjFlZi5qcGciXSxbInAiLCJlbmNvZGUiLCJqcGciLCItcXVhbGl0eSA4MCJdLFsicCIsInRodW1iIiwiNTkweDU5MFx1MDAzZSJdXQ?sha=095c7c563c7c57bd\" alt=\"\" \/><\/p>\n<p>Dem\u0259li, pol\u015fal\u0131 s\u0259fir 19 ildir, qanunsuz olaraq AT\u018fT-in b\u00fcdc\u0259sind\u0259n \u0259m\u0259khaqq\u0131 al\u0131r.<\/p>\n<p>Qeyd ed\u0259k ki, Az\u0259rbaycan da qurumun \u00fczv\u00fcd\u00fcr. T\u0259\u015fkilat\u0131n 2018-ci ild\u0259 b\u00fcdc\u0259si 141 milyon avro olub. Onun 60 faizini AB\u015e, B\u00f6y\u00fck Britaniya, Fransa, \u0130taliya, Kanada v\u0259 Almaniya t\u0259min edir. Hesabat ilind\u0259 Az\u0259rbaycan bu t\u0259\u015fkilata h\u0259r il 45 min avro \u00fczvl\u00fck haqq\u0131 \u00f6d\u0259yib. Bel\u0259 q\u0259na\u0259t\u0259 g\u0259lm\u0259k olar ki, Anjey Kaspr\u015fikin i\u015fi \u0259m\u0259khaqq\u0131 almaq, \u0259n a\u011f\u0131r i\u015fi is\u0259 \u0259m\u0259khaqq\u0131 c\u0259dv\u0259lini imzalamaqd\u0131r. \u00dcmumiyy\u0259tl\u0259, dem\u0259k olar ki, Anjey Kaspr\u015fik \u00fc\u00e7 ild\u0259n art\u0131qd\u0131r, g\u00f6rm\u0259diyi i\u015f \u00fc\u00e7\u00fcn pul al\u0131r, \u00e7\u00fcnki 2020-ci ilin noyabr\u0131ndan sonra t\u0259mas x\u0259tti l\u0259\u011fv edilib.<\/p>\n<p>Bir m\u0259s\u0259l\u0259y\u0259 diqq\u0259t etm\u0259k ist\u0259rdik. Haz\u0131rda Az\u0259rbaycanla Erm\u0259nistan aras\u0131nda s\u0259rh\u0259dyan\u0131 b\u00f6lg\u0259d\u0259 Fransan\u0131n t\u0259\u015f\u0259bb\u00fcs\u00fc il\u0259 Avropa \u0130ttifaq\u0131n\u0131n m\u00fclki m\u00fc\u015fahid\u0259 missiyas\u0131 ad\u0131 alt\u0131nda 200-d\u0259n \u00e7ox h\u0259rb\u00e7i yerl\u0259\u015fdirilib.<\/p>\n<p><img src=\"https:\/\/cdn.oxu.az\/uploads\/W1siZiIsIjIwMjQvMDQvMjMvMTAvMjAvMzkvMmIzZWQ5NDQtZTU4My00OTlkLTkwY2ItMWFkYmNiMTk1MDE5L2IxMDAzODhiLWZhMTItMzM3OS04NjU2LTZiZDYyYjA0MzcyNC5qcGciXSxbInAiLCJlbmNvZGUiLCJqcGciLCItcXVhbGl0eSA4MCJdLFsicCIsInRodW1iIiwiNTkweDU5MFx1MDAzZSJdXQ?sha=df09de81776822fa\" alt=\"\" \/><\/p>\n<p>AT\u018fT v\u0259 onun qurumlar\u0131 daha m\u0259hsuldar, \u0259dal\u0259tli f\u0259aliyy\u0259t g\u00f6st\u0259rs\u0259 idil\u0259r, o zaman Fransan\u0131n b\u00f6lg\u0259y\u0259 q\u0259r\u0259zli m\u00fcdaxil\u0259sin\u0259 ehtiyac qalmazd\u0131. Onda Anjey Kaspr\u015fik d\u0259 f\u0259aliyy\u0259tini yeni missiya il\u0259 davam etdir\u0259 bil\u0259rdi. Bu halda AT\u018fT q\u0259bul etdiyi f\u0259aliyy\u0259t nizamnam\u0259sin\u0259 d\u0259 \u0259m\u0259l etmi\u015f say\u0131la bil\u0259rdi.<\/p>\n<p>T\u0259\u015fkilat quruma \u00fczv \u00f6lk\u0259l\u0259r\u0259 qanun v\u0259 qaydalara \u0259m\u0259l edilm\u0259si il\u0259 ba\u011fl\u0131 m\u00fcxt\u0259lif s\u0259viyy\u0259l\u0259rd\u0259 t\u00f6vsiy\u0259l\u0259r verir. Bir s\u0131ra hallarda qanun pozuntular\u0131na g\u00f6r\u0259 \u00f6lk\u0259l\u0259r\u0259 etiraz edir. Ancaq olmayan bir m\u00fcnaqi\u015f\u0259y\u0259 g\u00f6r\u0259 pol\u015fal\u0131 diplomat\u0131n \u0259m\u0259khaqq\u0131 almas\u0131 AT\u018fT-in b\u00fcdc\u0259sinin m\u0259qs\u0259d\u0259uy\u011fun x\u0259rcl\u0259nm\u0259m\u0259si v\u0259 da\u011f\u0131d\u0131lmas\u0131 anlam\u0131na g\u0259lir.<\/p>\n<p>Bu onu da isbatlay\u0131r ki, ba\u015fqa \u00f6lk\u0259l\u0259r\u0259 m\u0259sl\u0259h\u0259t verib, bar\u0259sind\u0259 q\u0259r\u0259zli r\u0259y formala\u015fd\u0131ran ne\u00e7\u0259-ne\u00e7\u0259 m\u0259nas\u0131z beyn\u0259lxalq qurumlar var. Anjey Kaspr\u015fik d\u0259 AT\u018fT-in f\u0259aliyy\u0259tsizliyinin g\u00f6st\u0259ricisi say\u0131la bil\u0259r.<\/p>\n<p><strong>\u201cReport\u201d \u0130nformasiya Agentliyi<\/strong><\/p>\n","protected":false},"excerpt":{"rendered":"<p>Vaxt\u0131 il\u0259 Avropada T\u0259hl\u00fck\u0259sizlik v\u0259 \u018fm\u0259kda\u015fl\u0131q T\u0259\u015fkilat\u0131n\u0131n (AT\u018fT) f\u0259aliyy\u0259td\u0259 olan s\u0259drinin x\u00fcsusi n\u00fcmay\u0259nd\u0259si, Minsk qrupu v\u0259 h\u0259ms\u0259drl\u0259r kimi qurumlar var idi. Az\u0259rbaycan\u0131n 2020-ci il sentyabr\u0131n 27-d\u0259n noyabr\u0131n 9-d\u0259k torpaqlar\u0131n\u0131 Erm\u0259nistan\u0131n i\u015f\u011fal\u0131ndan azad etm\u0259si il\u0259 onlar\u0131n da m\u00f6vcudlu\u011fu tarix\u0259 g\u00f6nd\u0259rildi. Ancaq n\u0259 q\u0259d\u0259r q\u0259rib\u0259 d\u0259 olsa, AT\u018fT-in f\u0259aliyy\u0259td\u0259 olan s\u0259drinin \u015f\u0259xsi n\u00fcmay\u0259nd\u0259si Anjey Kaspr\u015fik h\u0259l\u0259 d\u0259 bu v\u0259zif\u0259ni tutur. AT\u018fT qaydalar\u0131na \u0259sas\u0259n, onun ist\u0259nil\u0259n b\u00f6lm\u0259sind\u0259 bir n\u0259f\u0259r 10 ild\u0259n art\u0131q i\u015fl\u0259y\u0259 bilm\u0259z. Y\u0259ni bir \u0259m\u0259kda\u015f\u0131n bu qurumdan 10 il \u0259m\u0259khaqq\u0131 almaq h\u00fcququ var. Sonra h\u0259min \u015f\u0259xs, h\u0259r hans\u0131 bir fenomenal g\u00f6st\u0259ricil\u0259ri&hellip;<\/p>\n","protected":false},"author":2,"featured_media":714307,"comment_status":"closed","ping_status":"closed","sticky":false,"template":"","format":"standard","meta":{"om_disable_all_campaigns":false,"_monsterinsights_skip_tracking":false,"_monsterinsights_sitenote_active":false,"_monsterinsights_sitenote_note":"","_monsterinsights_sitenote_category":0},"categories":[4],"tags":[],"aioseo_notices":[],"gutentor_comment":0,"rttpg_featured_image_url":{"full":["https:\/\/arantv.az\/wp-content\/uploads\/2024\/04\/b2e72ae8-bbb5-383c-a549-63ce33893455_850.jpg",620,413,false],"landscape":["https:\/\/arantv.az\/wp-content\/uploads\/2024\/04\/b2e72ae8-bbb5-383c-a549-63ce33893455_850.jpg",620,413,false],"portraits":["https:\/\/arantv.az\/wp-content\/uploads\/2024\/04\/b2e72ae8-bbb5-383c-a549-63ce33893455_850.jpg",620,413,false],"thumbnail":["https:\/\/arantv.az\/wp-content\/uploads\/2024\/04\/b2e72ae8-bbb5-383c-a549-63ce33893455_850-500x280.jpg",500,280,true],"medium":["https:\/\/arantv.az\/wp-content\/uploads\/2024\/04\/b2e72ae8-bbb5-383c-a549-63ce33893455_850-548x365.jpg",548,365,true],"large":["https:\/\/arantv.az\/wp-content\/uploads\/2024\/04\/b2e72ae8-bbb5-383c-a549-63ce33893455_850.jpg",620,413,false],"1536x1536":["https:\/\/arantv.az\/wp-content\/uploads\/2024\/04\/b2e72ae8-bbb5-383c-a549-63ce33893455_850.jpg",620,413,false],"2048x2048":["https:\/\/arantv.az\/wp-content\/uploads\/2024\/04\/b2e72ae8-bbb5-383c-a549-63ce33893455_850.jpg",620,413,false],"post-thumbnail":["https:\/\/arantv.az\/wp-content\/uploads\/2024\/04\/b2e72ae8-bbb5-383c-a549-63ce33893455_850-240x172.jpg",240,172,true],"advps-thumb-one":["https:\/\/arantv.az\/wp-content\/uploads\/2024\/04\/b2e72ae8-bbb5-383c-a549-63ce33893455_850.jpg",620,413,false]},"rttpg_author":{"display_name":"V\u00fcsal Rafiqo\u011flu","author_link":"https:\/\/arantv.az\/?author=2"},"rttpg_comment":0,"rttpg_category":"<a href=\"https:\/\/arantv.az\/?cat=4\" rel=\"category\">Siyas\u0259t<\/a>","rttpg_excerpt":"Vaxt\u0131 il\u0259 Avropada T\u0259hl\u00fck\u0259sizlik v\u0259 \u018fm\u0259kda\u015fl\u0131q T\u0259\u015fkilat\u0131n\u0131n (AT\u018fT) f\u0259aliyy\u0259td\u0259 olan s\u0259drinin x\u00fcsusi n\u00fcmay\u0259nd\u0259si, Minsk qrupu v\u0259 h\u0259ms\u0259drl\u0259r kimi qurumlar var idi. Az\u0259rbaycan\u0131n 2020-ci il sentyabr\u0131n 27-d\u0259n noyabr\u0131n 9-d\u0259k torpaqlar\u0131n\u0131 Erm\u0259nistan\u0131n i\u015f\u011fal\u0131ndan azad etm\u0259si il\u0259 onlar\u0131n da m\u00f6vcudlu\u011fu tarix\u0259 g\u00f6nd\u0259rildi. Ancaq n\u0259 q\u0259d\u0259r q\u0259rib\u0259 d\u0259 olsa, AT\u018fT-in f\u0259aliyy\u0259td\u0259 olan s\u0259drinin \u015f\u0259xsi n\u00fcmay\u0259nd\u0259si Anjey Kaspr\u015fik h\u0259l\u0259 d\u0259&hellip;","_links":{"self":[{"href":"https:\/\/arantv.az\/index.php?rest_route=\/wp\/v2\/posts\/714306"}],"collection":[{"href":"https:\/\/arantv.az\/index.php?rest_route=\/wp\/v2\/posts"}],"about":[{"href":"https:\/\/arantv.az\/index.php?rest_route=\/wp\/v2\/types\/post"}],"author":[{"embeddable":true,"href":"https:\/\/arantv.az\/index.php?rest_route=\/wp\/v2\/users\/2"}],"replies":[{"embeddable":true,"href":"https:\/\/arantv.az\/index.php?rest_route=%2Fwp%2Fv2%2Fcomments&post=714306"}],"version-history":[{"count":0,"href":"https:\/\/arantv.az\/index.php?rest_route=\/wp\/v2\/posts\/714306\/revisions"}],"wp:featuredmedia":[{"embeddable":true,"href":"https:\/\/arantv.az\/index.php?rest_route=\/wp\/v2\/media\/714307"}],"wp:attachment":[{"href":"https:\/\/arantv.az\/index.php?rest_route=%2Fwp%2Fv2%2Fmedia&parent=714306"}],"wp:term":[{"taxonomy":"category","embeddable":true,"href":"https:\/\/arantv.az\/index.php?rest_route=%2Fwp%2Fv2%2Fcategories&post=714306"},{"taxonomy":"post_tag","embeddable":true,"href":"https:\/\/arantv.az\/index.php?rest_route=%2Fwp%2Fv2%2Ftags&post=714306"}],"curies":[{"name":"wp","href":"https:\/\/api.w.org\/{rel}","templated":true}]}}