{"id":714309,"date":"2024-04-23T11:19:06","date_gmt":"2024-04-23T07:19:06","guid":{"rendered":"https:\/\/arantv.az\/?p=714309"},"modified":"2024-04-23T11:19:06","modified_gmt":"2024-04-23T07:19:06","slug":"makronun-anti-az%c9%99rbaycan-isteriyasinin-n%c9%99tic%c9%99si-bumeranq-geri-qayidir","status":"publish","type":"post","link":"https:\/\/arantv.az\/?p=714309","title":{"rendered":"Makronun anti-Az\u0259rbaycan isteriyas\u0131n\u0131n n\u0259tic\u0259si &#8211; bumeranq geri qay\u0131d\u0131r"},"content":{"rendered":"<p><strong>Politoloq: \u201cBak\u0131da frans\u0131z liseyinin ba\u011flanmas\u0131 Fransa \u00fc\u00e7\u00fcn ciddi siqnal olmal\u0131d\u0131r\u201d<\/strong><\/p>\n<p>Bak\u0131 Frans\u0131z Liseyi f\u0259aliyy\u0259tini dayand\u0131r\u0131r. Bununla ba\u011fl\u0131 liseyd\u0259 t\u0259hsil alan u\u015faqlar\u0131n valideynl\u0259rin\u0259 m\u0259ktub g\u00f6nd\u0259rilib. T\u0259hsil m\u00fc\u0259ssis\u0259sinin r\u0259hb\u0259rliyi ad\u0131ndan g\u00f6nd\u0259ril\u0259n m\u0259ktubda orada t\u0259hsilin t\u0259dris m\u00fcdd\u0259ti bit\u0259n\u0259 q\u0259d\u0259r davam ed\u0259c\u0259yi qeyd olunub. Yeni t\u0259dris ilind\u0259n lisey f\u0259aliyy\u0259t g\u00f6st\u0259rm\u0259y\u0259c\u0259k.<\/p>\n<p>Elm v\u0259 T\u0259hsil Nazirliyind\u0259n x\u0259b\u0259ri t\u0259sdiql\u0259yibl\u0259r. Qeyd olunub ki, liseyin \u015fagirdl\u0259ri valideynl\u0259rinin ist\u0259yi il\u0259 Bak\u0131dak\u0131 dig\u0259r \u00f6z\u0259l v\u0259 d\u00f6vl\u0259t m\u0259kt\u0259bl\u0259rin\u0259 yerl\u0259\u015fdiril\u0259c\u0259kl\u0259r.<\/p>\n<p>\u201c\u00d6z\u0259l t\u0259hsil m\u00fc\u0259ssis\u0259si olan Bak\u0131 Frans\u0131z Liseyi t\u0259sis\u00e7inin q\u0259rar\u0131 il\u0259 f\u0259aliyy\u0259tini dayand\u0131r\u0131r. Ancaq cari t\u0259dris ilinin sonunad\u0259k liseyd\u0259 t\u0259dris prosesi davam etdiril\u0259c\u0259k\u201d.<\/p>\n<p>Bu bar\u0259d\u0259 Musavat.com-a Bak\u0131 \u015e\u0259h\u0259ri \u00fczr\u0259 T\u0259hsil \u0130dar\u0259sind\u0259n m\u0259lumat verilib. Qeyd edilir ki, valideynl\u0259rin m\u00fcraci\u0259ti oldu\u011fu halda liseyd\u0259 t\u0259hsil alan u\u015faqlar\u0131n d\u00f6vl\u0259t t\u0259hsil m\u00fc\u0259ssis\u0259l\u0259rin\u0259 k\u00f6\u00e7\u00fcr\u00fclm\u0259si t\u0259min edil\u0259 bil\u0259r. \u018flav\u0259 sual\u0131 olan valideynl\u0259r Bak\u0131 T\u0259hsil \u0130dar\u0259sinin \u00c7a\u011fr\u0131 M\u0259rk\u0259zin\u0259 (146-1) z\u0259ng etm\u0259kl\u0259 d\u00f6vl\u0259t \u00fcmumi t\u0259hsil m\u00fc\u0259ssis\u0259l\u0259ri haqq\u0131nda m\u0259lumat ala bil\u0259rl\u0259r. Bununla yana\u015f\u0131, \u015fagirdl\u0259r dig\u0259r \u00f6z\u0259l m\u0259kt\u0259bl\u0259rd\u0259 d\u0259 t\u0259hsill\u0259rini davam etdir\u0259 bil\u0259rl\u0259r.<\/p>\n<p>Xat\u0131rladaq ki, Bak\u0131 Frans\u0131z Liseyinin a\u00e7\u0131l\u0131\u015f\u0131 12 sentyabr 2014-c\u00fc ild\u0259 olub. Liseyin t\u0259dris plan\u0131 u\u015faq ba\u011f\u00e7as\u0131ndan ba\u015flayaraq 12 illik \u00fcmumi t\u0259hsil m\u00fc\u0259ssis\u0259sind\u0259 t\u0259tbiq edil\u0259n klassik frans\u0131z t\u0259dris plan\u0131 \u0259sas\u0131nda qurulub. T\u0259dris proqram\u0131 Fransa milli t\u0259hsil sisteminin t\u0259l\u0259bl\u0259rin\u0259 uy\u011fun olaraq frans\u0131z dilind\u0259 apar\u0131l\u0131rd\u0131. M\u0259kt\u0259bin m\u0259zunlar\u0131 \u00f6z se\u00e7iml\u0259rin\u0259 uy\u011fun olaraq t\u0259hsill\u0259rini Fransan\u0131n ist\u0259nil\u0259n ali t\u0259hsil m\u00fc\u0259ssis\u0259sind\u0259 davam etdirm\u0259k imkan\u0131 qazan\u0131rd\u0131lar.<\/p>\n<p><strong>M\u0259kt\u0259bin ba\u011flanmas\u0131 Makron Fransas\u0131n\u0131n anti-Az\u0259rbaycan kursuna bir cavabm\u0131?<\/strong><\/p>\n<p><strong><img loading=\"lazy\" src=\"https:\/\/cdn.musavat.com\/news\/thumbnails\/c0ea8b6b6a216864a49ba9c546817819.png\" alt=\"Fikr\u0259t Yusifov da prezidentliy\u0259 namiz\u0259d oldu-A\u00c7IQLAMA\" width=\"817\" height=\"576\" \/><\/strong><\/p>\n<p><strong>Fikr\u0259t Yusifov<\/strong><\/p>\n<p>Sabiq maliyy\u0259 naziri, siyasi v\u0259 iqtisadi m\u0259s\u0259l\u0259l\u0259r \u00fczr\u0259 ekspert Fikr\u0259t Yusifovun s\u00f6zl\u0259rin\u0259 g\u00f6r\u0259, Bak\u0131da Frans\u0131z Liseyinin ba\u011flanmas\u0131 birba\u015fa Fransa h\u00f6kum\u0259tinin, senat\u0131n\u0131n v\u0259 \u015f\u0259xs\u0259n prezident Emmanuel Makronun son ill\u0259r \u0259rzind\u0259 Az\u0259rbaycana v\u0259 onun haqq i\u015fin\u0259 qar\u015f\u0131 apard\u0131\u011f\u0131 l\u0259yaq\u0259tsiz siyas\u0259tin n\u0259tic\u0259si kimi d\u0259y\u0259rl\u0259ndirilm\u0259lidir: \u201cFransan\u0131n anti-Az\u0259rbaycan siyas\u0259tin\u0259 qar\u015f\u0131 ciddi cavab t\u0259dbirl\u0259rinin g\u00f6r\u00fclm\u0259sinin vacibliyi bar\u0259d\u0259 \u015f\u0259xs\u0259n m\u0259n d\u0259f\u0259l\u0259rl\u0259 h\u00f6kum\u0259t\u0259 t\u0259klifl\u0259r \u00fcnvanlam\u0131\u015fam v\u0259 onlar\u0131n bu h\u0259r\u0259k\u0259tl\u0259rin\u0259 qar\u015f\u0131 adekvat add\u0131mlar\u0131n at\u0131lmas\u0131n\u0131 t\u0259klif etmi\u015f\u0259m. T\u0259klif etmi\u015f\u0259m ki, Fransan\u0131n bu davran\u0131\u015f\u0131na qar\u015f\u0131l\u0131q olaraq &#8220;Total&#8221; \u015firk\u0259ti ba\u015fda olmaqla, b\u00fct\u00fcn frans\u0131z \u015firk\u0259tl\u0259rini Az\u0259rbaycandan qovmaq laz\u0131md\u0131r. Bir qanmazlarla qand\u0131qlar\u0131 dild\u0259 dan\u0131\u015fmaq tam normald\u0131r. \u00d6z\u0259l d\u0259 olsa, bir frans\u0131z liseyinin ba\u011flanmas\u0131 Fransa \u00fc\u00e7\u00fcn ciddi siqnal olmal\u0131d\u0131r.<\/p>\n<p>Fransa art\u0131q bir ne\u00e7\u0259 ildir Erm\u0259nistan\u0131n vasit\u0259\u00e7iliyi il\u0259 C\u0259nubi Qafqaza v\u0259 t\u0259bii ki, regionun a\u00e7ar \u00f6lk\u0259si olan Az\u0259rbaycana girm\u0259k ist\u0259yir. Ancaq zora, haqs\u0131zl\u0131\u011fa s\u00f6yk\u0259n\u0259n metodlarla bu regiona, x\u00fcsusil\u0259 d\u0259 Az\u0259rbaycana kimins\u0259 girm\u0259si m\u00fcmk\u00fcn deyil. Az\u0259rbaycan he\u00e7 kim\u0259 bu haqq\u0131 verm\u0259y\u0259c\u0259k. \u018fg\u0259r biz Rusiya kimi\u00a0 m\u00fctt\u0259fiqimizin h\u0259rbi kontingentinin \u0259razimizd\u0259n \u00e7\u0131xar\u0131lmas\u0131na q\u0259rar veririks\u0259, Fransan\u0131n Az\u0259rbaycan\u0131n ist\u0259yi olmadan bura h\u0259r hans\u0131 bir yolla girm\u0259si m\u00fcmk\u00fcn deyil. Fransa ya bunu anlamal\u0131d\u0131r, ya da Az\u0259rbaycanla m\u00fcnasib\u0259tl\u0259rind\u0259 yaratd\u0131\u011f\u0131 durumun daha da d\u0259rinl\u0259\u015fm\u0259si v\u0259 sonda frans\u0131z\u00a0 \u015firk\u0259tl\u0259rinin buradan tamamil\u0259 qovulmas\u0131 il\u0259 \u00fcz-\u00fcz\u0259 qalmal\u0131d\u0131r. Se\u00e7im Fransa h\u00f6kum\u0259tinin v\u0259 Makronundur. Az\u0259rbaycanda bir frans\u0131z liseyinin ba\u011flanmas\u0131, sad\u0259c\u0259, bir texniki m\u0259s\u0259l\u0259 deyil. Bu, Fransa h\u00f6kum\u0259tin\u0259 \u00f6t\u00fcr\u00fcl\u0259n ciddi bir siqnald\u0131r. Ya\u015fayaq, g\u00f6r\u0259k onlar bu siqnal\u0131 anlayacaq q\u0259d\u0259r a\u011f\u0131ll\u0131 ola bil\u0259c\u0259kl\u0259rmi&#8221;.<\/p>\n<p><img loading=\"lazy\" src=\"https:\/\/azinforum.az\/wp-content\/uploads\/2021\/04\/resad.jpg\" alt=\"Ceyhun Bayramov Almaniyaya i\u015fg\u00fczar s\u0259f\u0259r\u0259 yola d\u00fc\u015f\u00fcb\" width=\"845\" height=\"530\" \/><\/p>\n<p><strong>R\u0259\u015fad Bayramov<\/strong><\/p>\n<p>AM\u0130P Ali M\u0259clisinin s\u0259dri, politoloq R\u0259\u015fad Bayramov da bu q\u0259rarda siyasi motivl\u0259ri daha \u00e7ox g\u00f6r\u00fcr: \u201cR\u0259smi m\u0259lumata g\u00f6r\u0259, q\u0259rar Bak\u0131 Frans\u0131z Liseyi T\u0259hsil Kompleksinin t\u0259sis\u00e7isi olan Az\u0259rbaycan Beyn\u0259lxalq T\u0259hsil M\u0259rk\u0259zi \u0130ctimai Birliyi t\u0259r\u0259find\u0259n q\u0259bul olunub. Amma ist\u0259nil\u0259n halda \u0259g\u0259r on ildir f\u0259aliyy\u0259t g\u00f6st\u0259r\u0259n bir lisey indi bird\u0259n-bir\u0259 iqtisadi c\u0259h\u0259td\u0259n s\u0259m\u0259r\u0259li olmamas\u0131 il\u0259 ba\u011fl\u0131 \u0259sasland\u0131r\u0131laraq ba\u011flan\u0131rsa, dem\u0259k ki, bu q\u0259rar\u0131n arxas\u0131nda siyasi motivl\u0259r dayan\u0131r. \u00c7\u00fcnki on ildir ki, illik t\u0259hsil x\u0259rci 15-20 min olan bir t\u0259hsil kompleksind\u0259 \u015fagird say\u0131 h\u0259tta 60 faizlik h\u0259dd\u0259 olsa bel\u0259, bunun iqtisadi c\u0259h\u0259td\u0259n s\u0259m\u0259r\u0259li olmad\u0131\u011f\u0131 he\u00e7 bir halda inand\u0131r\u0131c\u0131 deyil. Liseyin m\u0259hz Fransan\u0131n Bak\u0131dak\u0131 s\u0259firinin geri \u00e7a\u011f\u0131r\u0131lmas\u0131ndan sonra ba\u011flanmas\u0131 t\u0259bii olaraq bu add\u0131m\u0131n Makron hakimiyy\u0259tinin anti-Az\u0259rbaycan kursunun davam\u0131 olaraq, el\u0259c\u0259 d\u0259 r\u0259smi Bak\u0131n\u0131n x\u0259b\u0259rdarl\u0131\u011f\u0131 olaraq da q\u0259bul edil\u0259 bil\u0259r.<\/p>\n<p><strong>M\u0259s\u0259l\u0259 buras\u0131ndad\u0131r ki, Makron hakimiyy\u0259ti bir-birinin ard\u0131nca Az\u0259rbaycandan yediyi \u015fapalaqlar\u0131n t\u0259siri il\u0259 normal d\u00fc\u015f\u00fcnm\u0259k imkanlar\u0131ndan m\u0259hrum olub v\u0259 n\u0259 ed\u0259c\u0259yini bilmir.<\/strong><\/p>\n<p>Fransan\u0131n indiy\u0259 q\u0259d\u0259rki a\u00e7\u0131q-a\u015fkar anti-Az\u0259rbaycan m\u00f6vqeyin\u0259, \u00f6lk\u0259miz\u0259 qar\u015f\u0131 qarayaxma kampaniyas\u0131na baxmayaraq, r\u0259smi Bak\u0131 h\u0259r zaman dialoq qap\u0131lar\u0131n\u0131 a\u00e7\u0131q saxlama\u011fa \u00e7al\u0131\u015f\u0131b v\u0259 \u00f6lk\u0259mizin Fransaya qar\u015f\u0131 add\u0131mlar\u0131 v\u0259 verdiyi r\u0259smi b\u0259yanatlar yaln\u0131z bu \u00f6lk\u0259nin destruktiv f\u0259aliyy\u0259tin\u0259 cavab xarakterli olub. Az\u0259rbaycan t\u0259r\u0259fi d\u0259f\u0259l\u0259rl\u0259 Fransaya t\u0259hdid v\u0259 t\u0259zyiq dili il\u0259 dan\u0131\u015fma\u011f\u0131n he\u00e7 bir n\u0259tic\u0259 verm\u0259y\u0259c\u0259yini bildirib v\u0259 \u00f6z milli maraqlar\u0131n\u0131n qorunmas\u0131 \u00fc\u00e7\u00fcn b\u00fct\u00fcn z\u0259ruri t\u0259dbirl\u0259r g\u00f6r\u0259c\u0259yini d\u0259 b\u0259yan edib.<\/p>\n<p>Makron hakimiyy\u0259tinin atd\u0131\u011f\u0131 add\u0131mlardan as\u0131l\u0131 olmayaraq bu g\u00fcn Az\u0259rbaycanda h\u0259l\u0259 d\u0259 60-dan art\u0131q Fransa \u015firk\u0259ti f\u0259aliyy\u0259t g\u00f6st\u0259rir. Fransan\u0131n tan\u0131nm\u0131\u015f n\u0259h\u0259ng \u015firk\u0259tl\u0259ri olan \u201cTotal\u201d, \u201cAlstom\u201d, \u201cSuez\u201d, \u201cThales\u201d, \u201cDanone\u201d, \u201cAirbus\u201d, \u201cBouygues\u201d, \u201c\u0130veco\u201d, \u201cSanofi\u201d, \u201cRothschild\u201d uzun ill\u0259rdir Az\u0259rbaycanda iqtisadiyyat\u0131n m\u00fcxt\u0259lif sah\u0259l\u0259rind\u0259 f\u0259aliyy\u0259t g\u00f6st\u0259rirl\u0259r v\u0259 bu g\u00fcn d\u0259 f\u0259aliyy\u0259tl\u0259rini davam etdirm\u0259kl\u0259 \u0259slind\u0259 Makron hakimiyy\u0259tinin anti-Az\u0259rbaycan m\u00f6vqeyini b\u00f6l\u00fc\u015fm\u0259dikl\u0259rini n\u00fcmayi\u015f etdirirl\u0259r.<\/p>\n<p>Eyni \u015f\u0259kild\u0259 Az\u0259rbaycan da burada f\u0259aliyy\u0259t g\u00f6st\u0259r\u0259n Frans\u0131z \u015firk\u0259tl\u0259ri il\u0259 m\u00fcnasib\u0259tl\u0259ri d\u0259rinl\u0259\u015fdir\u0259r\u0259k bizim problemimizin Fransa il\u0259 deyil, konkret olaraq Makron hakimiyy\u0259ti v\u0259 \u00f6lk\u0259miz\u0259 qar\u015f\u0131 s\u0259rgil\u0259n\u0259n davran\u0131\u015fla ba\u011fl\u0131 oldu\u011funu n\u00fcmayi\u015f etdirir. El\u0259 \u00f6t\u0259n ilin yay\u0131nda X\u0259z\u0259rd\u0259ki \u201cAb\u015feron\u201d qaz-kondensat yata\u011f\u0131nda 12 il sonra ilk t\u0259bii qaz\u0131n hasilat\u0131na ba\u015flan\u0131lmas\u0131 v\u0259 h\u0259min yataqdan qaz\u0131n hasilat\u0131n\u0131n Fransaya m\u0259xsus \u201cTotal Energies\u201d \u015firk\u0259tin\u0259 verilm\u0259si bunun bariz s\u00fcbutudur&#8221;.<\/p>\n","protected":false},"excerpt":{"rendered":"<p>Politoloq: \u201cBak\u0131da frans\u0131z liseyinin ba\u011flanmas\u0131 Fransa \u00fc\u00e7\u00fcn ciddi siqnal olmal\u0131d\u0131r\u201d Bak\u0131 Frans\u0131z Liseyi f\u0259aliyy\u0259tini dayand\u0131r\u0131r. Bununla ba\u011fl\u0131 liseyd\u0259 t\u0259hsil alan u\u015faqlar\u0131n valideynl\u0259rin\u0259 m\u0259ktub g\u00f6nd\u0259rilib. T\u0259hsil m\u00fc\u0259ssis\u0259sinin r\u0259hb\u0259rliyi ad\u0131ndan g\u00f6nd\u0259ril\u0259n m\u0259ktubda orada t\u0259hsilin t\u0259dris m\u00fcdd\u0259ti bit\u0259n\u0259 q\u0259d\u0259r davam ed\u0259c\u0259yi qeyd olunub. Yeni t\u0259dris ilind\u0259n lisey f\u0259aliyy\u0259t g\u00f6st\u0259rm\u0259y\u0259c\u0259k. Elm v\u0259 T\u0259hsil Nazirliyind\u0259n x\u0259b\u0259ri t\u0259sdiql\u0259yibl\u0259r. Qeyd olunub ki, liseyin \u015fagirdl\u0259ri valideynl\u0259rinin ist\u0259yi il\u0259 Bak\u0131dak\u0131 dig\u0259r \u00f6z\u0259l v\u0259 d\u00f6vl\u0259t m\u0259kt\u0259bl\u0259rin\u0259 yerl\u0259\u015fdiril\u0259c\u0259kl\u0259r. \u201c\u00d6z\u0259l t\u0259hsil m\u00fc\u0259ssis\u0259si olan Bak\u0131 Frans\u0131z Liseyi t\u0259sis\u00e7inin q\u0259rar\u0131 il\u0259 f\u0259aliyy\u0259tini dayand\u0131r\u0131r. Ancaq cari t\u0259dris ilinin sonunad\u0259k liseyd\u0259 t\u0259dris prosesi davam etdiril\u0259c\u0259k\u201d. Bu&hellip;<\/p>\n","protected":false},"author":2,"featured_media":714310,"comment_status":"closed","ping_status":"closed","sticky":false,"template":"","format":"standard","meta":{"om_disable_all_campaigns":false,"_monsterinsights_skip_tracking":false,"_monsterinsights_sitenote_active":false,"_monsterinsights_sitenote_note":"","_monsterinsights_sitenote_category":0},"categories":[19],"tags":[],"aioseo_notices":[],"gutentor_comment":0,"rttpg_featured_image_url":{"full":["https:\/\/arantv.az\/wp-content\/uploads\/2024\/04\/0d5cb08085ee682217285c40e6e6be21.jpg",870,500,false],"landscape":["https:\/\/arantv.az\/wp-content\/uploads\/2024\/04\/0d5cb08085ee682217285c40e6e6be21.jpg",870,500,false],"portraits":["https:\/\/arantv.az\/wp-content\/uploads\/2024\/04\/0d5cb08085ee682217285c40e6e6be21.jpg",870,500,false],"thumbnail":["https:\/\/arantv.az\/wp-content\/uploads\/2024\/04\/0d5cb08085ee682217285c40e6e6be21-500x280.jpg",500,280,true],"medium":["https:\/\/arantv.az\/wp-content\/uploads\/2024\/04\/0d5cb08085ee682217285c40e6e6be21-635x365.jpg",635,365,true],"large":["https:\/\/arantv.az\/wp-content\/uploads\/2024\/04\/0d5cb08085ee682217285c40e6e6be21-840x483.jpg",640,368,true],"1536x1536":["https:\/\/arantv.az\/wp-content\/uploads\/2024\/04\/0d5cb08085ee682217285c40e6e6be21.jpg",870,500,false],"2048x2048":["https:\/\/arantv.az\/wp-content\/uploads\/2024\/04\/0d5cb08085ee682217285c40e6e6be21.jpg",870,500,false],"post-thumbnail":["https:\/\/arantv.az\/wp-content\/uploads\/2024\/04\/0d5cb08085ee682217285c40e6e6be21-240x172.jpg",240,172,true],"advps-thumb-one":["https:\/\/arantv.az\/wp-content\/uploads\/2024\/04\/0d5cb08085ee682217285c40e6e6be21.jpg",870,500,false]},"rttpg_author":{"display_name":"V\u00fcsal Rafiqo\u011flu","author_link":"https:\/\/arantv.az\/?author=2"},"rttpg_comment":0,"rttpg_category":"<a href=\"https:\/\/arantv.az\/?cat=19\" rel=\"category\">G\u00fcnd\u0259m<\/a>","rttpg_excerpt":"Politoloq: \u201cBak\u0131da frans\u0131z liseyinin ba\u011flanmas\u0131 Fransa \u00fc\u00e7\u00fcn ciddi siqnal olmal\u0131d\u0131r\u201d Bak\u0131 Frans\u0131z Liseyi f\u0259aliyy\u0259tini dayand\u0131r\u0131r. Bununla ba\u011fl\u0131 liseyd\u0259 t\u0259hsil alan u\u015faqlar\u0131n valideynl\u0259rin\u0259 m\u0259ktub g\u00f6nd\u0259rilib. T\u0259hsil m\u00fc\u0259ssis\u0259sinin r\u0259hb\u0259rliyi ad\u0131ndan g\u00f6nd\u0259ril\u0259n m\u0259ktubda orada t\u0259hsilin t\u0259dris m\u00fcdd\u0259ti bit\u0259n\u0259 q\u0259d\u0259r davam ed\u0259c\u0259yi qeyd olunub. Yeni t\u0259dris ilind\u0259n lisey f\u0259aliyy\u0259t g\u00f6st\u0259rm\u0259y\u0259c\u0259k. Elm v\u0259 T\u0259hsil Nazirliyind\u0259n x\u0259b\u0259ri t\u0259sdiql\u0259yibl\u0259r. Qeyd olunub ki,&hellip;","_links":{"self":[{"href":"https:\/\/arantv.az\/index.php?rest_route=\/wp\/v2\/posts\/714309"}],"collection":[{"href":"https:\/\/arantv.az\/index.php?rest_route=\/wp\/v2\/posts"}],"about":[{"href":"https:\/\/arantv.az\/index.php?rest_route=\/wp\/v2\/types\/post"}],"author":[{"embeddable":true,"href":"https:\/\/arantv.az\/index.php?rest_route=\/wp\/v2\/users\/2"}],"replies":[{"embeddable":true,"href":"https:\/\/arantv.az\/index.php?rest_route=%2Fwp%2Fv2%2Fcomments&post=714309"}],"version-history":[{"count":0,"href":"https:\/\/arantv.az\/index.php?rest_route=\/wp\/v2\/posts\/714309\/revisions"}],"wp:featuredmedia":[{"embeddable":true,"href":"https:\/\/arantv.az\/index.php?rest_route=\/wp\/v2\/media\/714310"}],"wp:attachment":[{"href":"https:\/\/arantv.az\/index.php?rest_route=%2Fwp%2Fv2%2Fmedia&parent=714309"}],"wp:term":[{"taxonomy":"category","embeddable":true,"href":"https:\/\/arantv.az\/index.php?rest_route=%2Fwp%2Fv2%2Fcategories&post=714309"},{"taxonomy":"post_tag","embeddable":true,"href":"https:\/\/arantv.az\/index.php?rest_route=%2Fwp%2Fv2%2Ftags&post=714309"}],"curies":[{"name":"wp","href":"https:\/\/api.w.org\/{rel}","templated":true}]}}