{"id":714312,"date":"2024-04-23T11:19:52","date_gmt":"2024-04-23T07:19:52","guid":{"rendered":"https:\/\/arantv.az\/?p=714312"},"modified":"2024-04-23T11:19:52","modified_gmt":"2024-04-23T07:19:52","slug":"v%c9%99t%c9%99n-muharib%c9%99sinin-aprel-z%c9%99f%c9%99rl%c9%99ri-c%c9%99brayildan-qazagin-k%c9%99ndl%c9%99rin%c9%99d%c9%99k","status":"publish","type":"post","link":"https:\/\/arantv.az\/?p=714312","title":{"rendered":"V\u0259t\u0259n m\u00fcharib\u0259sinin aprel z\u0259f\u0259rl\u0259ri &#8211; C\u0259bray\u0131ldan Qaza\u011f\u0131n k\u0259ndl\u0259rin\u0259d\u0259k&#8230;"},"content":{"rendered":"<p><strong>Az\u0259rbaycan h\u0259rb meydan\u0131nda v\u0259 siyasi-diplomatik masada maksimumu \u0259ld\u0259 etdi; rus qo\u015funlar\u0131n\u0131n vaxt\u0131ndan tez gedi\u015fi v\u0259 anklav olmayan k\u0259ndl\u0259rin bir g\u00fcll\u0259 at\u0131lmadan qaytar\u0131lmas\u0131 praqmatik siyas\u0259tin n\u0259tic\u0259sidir, n\u00f6vb\u0259d\u0259 Z\u0259ng\u0259zur d\u0259hlizi&#8230;<\/strong><\/p>\n<p>V\u0259t\u0259n m\u00fcharib\u0259si il\u0259 ba\u015flayan Qaraba\u011f torpaqlar\u0131n\u0131n i\u015f\u011faldan azad edilm\u0259si Z\u0259f\u0259ri bu g\u00fcn Qaza\u011f\u0131n anklav olmayan k\u0259ndl\u0259rinin d\u0259 qaytar\u0131lmas\u0131 il\u0259 davam etm\u0259kd\u0259dir. F\u00fczuli, C\u0259bray\u0131ldan ba\u015flad\u0131, \u015eu\u015fa, Hadrutla sevindirdi, A\u011fdam, K\u0259lb\u0259c\u0259r v\u0259 La\u00e7\u0131n\u0131n azad olunmas\u0131 il\u0259 q\u00fcrurland\u0131rd\u0131, bir g\u00fcnl\u00fck antiterror \u0259m\u0259liyyat\u0131 n\u0259tic\u0259sind\u0259 Xank\u0259ndi parad\u0131 \u00fcr\u0259kl\u0259rimizi f\u0259r\u0259hl\u0259ndirdi, indi is\u0259 Qaza\u011f\u0131n i\u015f\u011fal olunmu\u015f 4 k\u0259ndi raz\u0131la\u015fma \u0259sas\u0131nda, bir g\u00fcll\u0259 at\u0131lmadan qaytar\u0131ld\u0131.<\/p>\n<p>Bu Z\u0259f\u0259r Az\u0259rbaycan\u0131n siyasi-diplomatik g\u00fcc\u00fcn\u00fc n\u00fcmayi\u015f etdirdi. M\u00fcz\u0259ff\u0259r Ali Ba\u015f Komandan \u0130lham \u018fliyevin r\u0259hb\u0259rliyi alt\u0131nda \u0259razi b\u00fct\u00f6vl\u00fcy\u00fcm\u00fcz\u00fcn b\u0259rpas\u0131, suverenliyin t\u0259min olunmas\u0131 maksimal n\u0259tic\u0259 il\u0259 finala \u00e7atd\u0131. Y\u0259ni Qaraba\u011f erm\u0259nisizdir v\u0259 bu, Az\u0259rbaycan xalq\u0131n\u0131n arzulad\u0131\u011f\u0131 yekundur. Eyni zamanda rus h\u0259rbi kontingentinin regiondan vaxt\u0131ndan tez \u00e7\u0131xar\u0131lmas\u0131 n\u00f6vb\u0259ti diplomatik q\u0259l\u0259b\u0259mizdir.<\/p>\n<p>\u00c7\u00fcnki rus ordusunun getm\u0259si ikinci z\u0259f\u0259r\u0259 b\u0259nz\u0259r hadis\u0259dir. \u00dcst\u0259lik, C\u0259nubi Qafqazda k\u00f6vr\u0259k bir d\u00f6vrd\u0259, strateji qar\u015f\u0131durman\u0131n g\u00fccl\u0259ndiyi zamanda Az\u0259rbaycan Rusiya il\u0259 qurdu\u011fu d\u00fczg\u00fcn siyas\u0259t n\u0259tic\u0259sind\u0259 h\u0259d\u0259fl\u0259rin\u0259 \u00e7atmaqdad\u0131r. Bu, h\u0259m d\u0259 iki d\u00f6vl\u0259t r\u0259hb\u0259rinin qar\u015f\u0131l\u0131ql\u0131 etimad\u0131n\u0131n t\u0259sdiqidir. Bel\u0259likl\u0259, Az\u0259rbaycan Qaraba\u011fda \u201cboz zona\u201dn\u0131 t\u0259mizl\u0259di, separat\u00e7\u0131 liderl\u0259r h\u0259bs olundu, rus qo\u015funlar\u0131n\u0131n b\u00f6lg\u0259d\u0259 qalmas\u0131na he\u00e7 bir s\u0259b\u0259b olmad\u0131, el\u0259c\u0259 d\u0259 Qaza\u011f\u0131n k\u0259ndl\u0259rinin qaytar\u0131lmas\u0131 ger\u00e7\u0259kl\u0259\u015fdi. Bu, M\u00fcz\u0259ff\u0259r Ali Ba\u015f Komandan\u0131n, d\u00f6vl\u0259tin, Ordunun, xalq\u0131n birg\u0259 \u0259m\u0259yinin, siyasi-diplomatik, h\u0259rbi u\u011furudur.<\/p>\n<p>2016-c\u0131 ilin Aprel d\u00f6y\u00fc\u015fl\u0259ri il\u0259 \u0259sas\u0131 qoyulan, 2018-ci ilin may ay\u0131nda qazan\u0131lan G\u00fcnn\u00fct z\u0259f\u0259ri il\u0259 davam etdiril\u0259n q\u0259l\u0259b\u0259l\u0259rimiz 2020-ci ild\u0259 44 g\u00fcnl\u00fck V\u0259t\u0259n m\u00fcharib\u0259sind\u0259 \u00f6z\u00fcn\u00fcn m\u0259ntiqi sonlu\u011funa \u00e7atd\u0131. Bu q\u0259l\u0259b\u0259 2023-c\u00fc ilin sentyabr\u0131nda suverenliyin tam b\u0259rpas\u0131, rus s\u00fclhm\u0259raml\u0131lar\u0131n\u0131n b\u00f6lg\u0259d\u0259n \u00e7\u0131xmas\u0131ndan sonra Az\u0259rbaycan torpaqlar\u0131n\u0131 add\u0131m-add\u0131m, qar\u0131\u015f-qar\u0131\u015f toplayan Prezident \u0130lham \u018fliyevin xalqa n\u00f6vb\u0259ti h\u0259diyy\u0259si v\u0259 m\u00fcjd\u0259sidir. D\u00f6vl\u0259t ba\u015f\u00e7\u0131s\u0131 qeyri-anklav k\u0259ndl\u0259rin qaytar\u0131lmas\u0131 m\u0259s\u0259l\u0259sini 2020-ci ild\u0259n qald\u0131rm\u0131\u015fd\u0131. \u00d6t\u0259n m\u00fcdd\u0259t \u0259rzind\u0259 m\u00f6vzu daim g\u00fcnd\u0259likd\u0259 saxlan\u0131ld\u0131 v\u0259 bu istiqam\u0259td\u0259 ard\u0131c\u0131l v\u0259 m\u0259qs\u0259dy\u00f6nl\u00fc i\u015f apar\u0131ld\u0131.<\/p>\n<p><img src=\"https:\/\/1news.az\/images\/2023\/08\/29\/20230829051404211\/eziz.jpg\" alt=\"\u018fziz \u018flib\u0259yli: \u201cG\u00f6st\u0259rildi ki, bu qlobal sava\u015fda Az\u0259rbaycan v\u0259  m\u00fctt\u0259fiql\u0259rinin irad\u0259si h\u0259lledicidir\u201d | 1news.az | X\u0259b\u0259rl\u0259r\" \/><\/p>\n<p><strong>\u018fziz \u018flib\u0259yli<\/strong><\/p>\n<p>Siyasi \u015f\u0259rh\u00e7i \u018fziz \u018flib\u0259yliy\u0259 g\u00f6r\u0259, ilk d\u0259f\u0259 \u00f6lk\u0259mizd\u0259 b\u00fct\u00f6v torpaqlarda parlament se\u00e7kil\u0259ri ke\u00e7iril\u0259c\u0259k. Onun fikrinc\u0259, Rusiya s\u00fclhm\u0259raml\u0131lar\u0131 ilk d\u0259f\u0259 xidm\u0259ti \u0259razil\u0259rini insidentsiz t\u0259rk edirl\u0259r. Ekspert hesab edir ki, Rusiya il\u0259 m\u00fcqavil\u0259 ba\u011flay\u0131b, diplomatik qalibiyy\u0259t \u0259ld\u0259 ed\u0259n t\u0259k lider \u0130lham \u018fliyevdir. \u201c\u0130ndi daha \u00e7ox insan g\u00f6rd\u00fc ki, a\u011f\u0131l, s\u0259br v\u0259 d\u00fczg\u00fcn zaman ist\u0259nil\u0259n pafosdan, \u015foudan v\u0259 zamans\u0131z ba\u011f\u0131rt\u0131dan, qara\u00e7\u0131l\u0131qdan \u00fcst\u00fcnd\u00fcr\u201d. Ekspert Qaza\u011f\u0131n k\u0259ndl\u0259rinin d\u0259 qaytar\u0131lmas\u0131n\u0131 \u0259lav\u0259 ed\u0259r\u0259k bildirir ki, nadir halda, qalibiyy\u0259tl\u0259rin ard-arda g\u0259ldiyi tarixi anlar\u0131 ya\u015fay\u0131r\u0131q &#8211; nec\u0259 dey\u0259rl\u0259r, qalibiyy\u0259t yoluxucudur.<\/p>\n<p><img src=\"https:\/\/azertag.az\/files\/2022\/2\/1200x630\/1660403102331338555_1200x630.jpg\" alt=\"Zaur M\u0259mm\u0259dov: Prezident \u0130lham \u018fliyev m\u00fcsahib\u0259sind\u0259 regiondak\u0131 prosesl\u0259r\u0259  m\u00fcdaxil\u0259 etm\u0259k ist\u0259y\u0259nl\u0259r\u0259 \u00e7ox vacib mesajlar verdi - AZ\u018fRTAC\" \/><\/p>\n<p><strong>Zaur M\u0259mm\u0259dov<\/strong><\/p>\n<p><strong>Siyasi ekspert Zaur M\u0259mm\u0259dov da d\u00fc\u015f\u00fcn\u00fcr ki, Prezident \u0130lham \u018fliyev 4 k\u0259ndi Az\u0259rbaycana qaytard\u0131:<\/strong>\u00a0\u201cBu, yorulmaz, ard\u0131c\u0131l, sistemli f\u0259aliyy\u0259t n\u0259tic\u0259sind\u0259 ba\u015f tutdu. Erm\u0259nil\u0259rin Qaza\u011f\u0131n 4 k\u0259ndini Az\u0259rbaycana qaytarmaq niyy\u0259ti yox idi. K\u0259ndl\u0259rl\u0259 ba\u011fl\u0131 Erm\u0259nistan h\u00f6kum\u0259tinin \u00e7\u0131x\u0131\u015f yolunun olmamas\u0131n\u0131 ba\u015fa d\u00fc\u015fm\u0259si k\u0259ndl\u0259rin qaytar\u0131lmas\u0131 il\u0259 ba\u011fl\u0131 raz\u0131l\u0131\u011f\u0131n \u0259ld\u0259 olunmas\u0131 il\u0259 n\u0259tic\u0259l\u0259ndi\u201d.<\/p>\n<p><img src=\"https:\/\/ajmedia.info\/uploads\/news\/27532\/gallery\/large\/azerbaycanin-qranada-gorusunden-imtinasinin-sebebleri-rustem-tagizade-322883.jpg\" alt=\"Az\u0259rbaycan\u0131n Qranada g\u00f6r\u00fc\u015f\u00fcnd\u0259n imtinas\u0131n\u0131n s\u0259b\u0259bl\u0259ri - R\u00fcst\u0259m Ta\u011f\u0131zad\u0259 -  Ajmedia.info\" \/><\/p>\n<p><strong>R\u00fcst\u0259m Ta\u011f\u0131zad\u0259<\/strong><\/p>\n<p>Siyasi \u015f\u0259rh\u00e7i R\u00fcst\u0259m Ta\u011f\u0131zad\u0259 d\u0259 d\u00fc\u015f\u00fcn\u00fcr ki, Az\u0259rbaycan\u0131n regionun lider d\u00f6vl\u0259tin\u0259 \u00e7evrilm\u0259si fakt\u0131n\u0131 Erm\u0259nistan h\u00f6kum\u0259ti d\u0259rk etm\u0259y\u0259 ba\u015flad\u0131: \u201cRusiya s\u00fclhm\u0259raml\u0131lar\u0131n\u0131n vaxt\u0131ndan \u0259vv\u0259l Qaraba\u011f\u0131 t\u0259rk etm\u0259sind\u0259n sonra Qaza\u011f\u0131n 4 k\u0259ndinin qaytar\u0131lmas\u0131 haqq\u0131nda da raz\u0131la\u015fma \u0259ld\u0259 olundu. Bu, Prezident \u0130lham \u018fliyev ba\u015fda olmaqla, Az\u0259rbaycan diplomatiyas\u0131n\u0131n n\u00f6vb\u0259ti u\u011furudur\u201d. R.Ta\u011f\u0131zad\u0259y\u0259 g\u00f6r\u0259, Az\u0259rbaycan\u0131n \u0259ld\u0259 etdiyi bu u\u011fur Z\u0259ng\u0259zur d\u0259hlizinin a\u00e7\u0131lmas\u0131 prosesi il\u0259 ba\u011fl\u0131 dan\u0131\u015f\u0131qlar\u0131 da s\u00fcr\u0259tl\u0259ndir\u0259c\u0259k. D\u00f6vl\u0259timizin ba\u015f\u00e7\u0131s\u0131, M\u00fcz\u0259ff\u0259r Ali Ba\u015f Komandan \u0130lham \u018fliyevin h\u0259yata ke\u00e7irdiyi d\u00fczg\u00fcn siyasi kurs v\u0259 prinsipiall\u0131q n\u0259tic\u0259sind\u0259 biz diplomatik m\u00fcst\u0259vid\u0259 \u0259ld\u0259 edilmi\u015f u\u011furlar\u0131n \u015fahidi oluruq. \u018fminlikl\u0259 s\u00f6yl\u0259m\u0259k olar ki, zaman ke\u00e7dikc\u0259 Az\u0259rbaycan daha da praqmatik siyasi gedi\u015fl\u0259r ed\u0259c\u0259k&#8221;.<\/p>\n<p>&nbsp;<\/p>\n<p><strong>Yaz\u0131n\u0131 haz\u0131rlad\u0131: Emil SALAMO\u011eLU<\/strong><\/p>\n","protected":false},"excerpt":{"rendered":"<p>Az\u0259rbaycan h\u0259rb meydan\u0131nda v\u0259 siyasi-diplomatik masada maksimumu \u0259ld\u0259 etdi; rus qo\u015funlar\u0131n\u0131n vaxt\u0131ndan tez gedi\u015fi v\u0259 anklav olmayan k\u0259ndl\u0259rin bir g\u00fcll\u0259 at\u0131lmadan qaytar\u0131lmas\u0131 praqmatik siyas\u0259tin n\u0259tic\u0259sidir, n\u00f6vb\u0259d\u0259 Z\u0259ng\u0259zur d\u0259hlizi&#8230; V\u0259t\u0259n m\u00fcharib\u0259si il\u0259 ba\u015flayan Qaraba\u011f torpaqlar\u0131n\u0131n i\u015f\u011faldan azad edilm\u0259si Z\u0259f\u0259ri bu g\u00fcn Qaza\u011f\u0131n anklav olmayan k\u0259ndl\u0259rinin d\u0259 qaytar\u0131lmas\u0131 il\u0259 davam etm\u0259kd\u0259dir. F\u00fczuli, C\u0259bray\u0131ldan ba\u015flad\u0131, \u015eu\u015fa, Hadrutla sevindirdi, A\u011fdam, K\u0259lb\u0259c\u0259r v\u0259 La\u00e7\u0131n\u0131n azad olunmas\u0131 il\u0259 q\u00fcrurland\u0131rd\u0131, bir g\u00fcnl\u00fck antiterror \u0259m\u0259liyyat\u0131 n\u0259tic\u0259sind\u0259 Xank\u0259ndi parad\u0131 \u00fcr\u0259kl\u0259rimizi f\u0259r\u0259hl\u0259ndirdi, indi is\u0259 Qaza\u011f\u0131n i\u015f\u011fal olunmu\u015f 4 k\u0259ndi raz\u0131la\u015fma \u0259sas\u0131nda, bir g\u00fcll\u0259 at\u0131lmadan qaytar\u0131ld\u0131. Bu Z\u0259f\u0259r Az\u0259rbaycan\u0131n siyasi-diplomatik g\u00fcc\u00fcn\u00fc&hellip;<\/p>\n","protected":false},"author":2,"featured_media":714313,"comment_status":"closed","ping_status":"closed","sticky":false,"template":"","format":"standard","meta":{"om_disable_all_campaigns":false,"_monsterinsights_skip_tracking":false,"_monsterinsights_sitenote_active":false,"_monsterinsights_sitenote_note":"","_monsterinsights_sitenote_category":0},"categories":[1],"tags":[],"aioseo_notices":[],"gutentor_comment":0,"rttpg_featured_image_url":{"full":["https:\/\/arantv.az\/wp-content\/uploads\/2024\/04\/6f2dfa3e4165e116878829702c70aa79.jpg",870,500,false],"landscape":["https:\/\/arantv.az\/wp-content\/uploads\/2024\/04\/6f2dfa3e4165e116878829702c70aa79.jpg",870,500,false],"portraits":["https:\/\/arantv.az\/wp-content\/uploads\/2024\/04\/6f2dfa3e4165e116878829702c70aa79.jpg",870,500,false],"thumbnail":["https:\/\/arantv.az\/wp-content\/uploads\/2024\/04\/6f2dfa3e4165e116878829702c70aa79-500x280.jpg",500,280,true],"medium":["https:\/\/arantv.az\/wp-content\/uploads\/2024\/04\/6f2dfa3e4165e116878829702c70aa79-635x365.jpg",635,365,true],"large":["https:\/\/arantv.az\/wp-content\/uploads\/2024\/04\/6f2dfa3e4165e116878829702c70aa79-840x483.jpg",640,368,true],"1536x1536":["https:\/\/arantv.az\/wp-content\/uploads\/2024\/04\/6f2dfa3e4165e116878829702c70aa79.jpg",870,500,false],"2048x2048":["https:\/\/arantv.az\/wp-content\/uploads\/2024\/04\/6f2dfa3e4165e116878829702c70aa79.jpg",870,500,false],"post-thumbnail":["https:\/\/arantv.az\/wp-content\/uploads\/2024\/04\/6f2dfa3e4165e116878829702c70aa79-240x172.jpg",240,172,true],"advps-thumb-one":["https:\/\/arantv.az\/wp-content\/uploads\/2024\/04\/6f2dfa3e4165e116878829702c70aa79.jpg",870,500,false]},"rttpg_author":{"display_name":"V\u00fcsal Rafiqo\u011flu","author_link":"https:\/\/arantv.az\/?author=2"},"rttpg_comment":0,"rttpg_category":"<a href=\"https:\/\/arantv.az\/?cat=1\" rel=\"category\">C\u0259miyy\u0259t<\/a>","rttpg_excerpt":"Az\u0259rbaycan h\u0259rb meydan\u0131nda v\u0259 siyasi-diplomatik masada maksimumu \u0259ld\u0259 etdi; rus qo\u015funlar\u0131n\u0131n vaxt\u0131ndan tez gedi\u015fi v\u0259 anklav olmayan k\u0259ndl\u0259rin bir g\u00fcll\u0259 at\u0131lmadan qaytar\u0131lmas\u0131 praqmatik siyas\u0259tin n\u0259tic\u0259sidir, n\u00f6vb\u0259d\u0259 Z\u0259ng\u0259zur d\u0259hlizi&#8230; V\u0259t\u0259n m\u00fcharib\u0259si il\u0259 ba\u015flayan Qaraba\u011f torpaqlar\u0131n\u0131n i\u015f\u011faldan azad edilm\u0259si Z\u0259f\u0259ri bu g\u00fcn Qaza\u011f\u0131n anklav olmayan k\u0259ndl\u0259rinin d\u0259 qaytar\u0131lmas\u0131 il\u0259 davam etm\u0259kd\u0259dir. F\u00fczuli, C\u0259bray\u0131ldan ba\u015flad\u0131, \u015eu\u015fa, Hadrutla sevindirdi,&hellip;","_links":{"self":[{"href":"https:\/\/arantv.az\/index.php?rest_route=\/wp\/v2\/posts\/714312"}],"collection":[{"href":"https:\/\/arantv.az\/index.php?rest_route=\/wp\/v2\/posts"}],"about":[{"href":"https:\/\/arantv.az\/index.php?rest_route=\/wp\/v2\/types\/post"}],"author":[{"embeddable":true,"href":"https:\/\/arantv.az\/index.php?rest_route=\/wp\/v2\/users\/2"}],"replies":[{"embeddable":true,"href":"https:\/\/arantv.az\/index.php?rest_route=%2Fwp%2Fv2%2Fcomments&post=714312"}],"version-history":[{"count":0,"href":"https:\/\/arantv.az\/index.php?rest_route=\/wp\/v2\/posts\/714312\/revisions"}],"wp:featuredmedia":[{"embeddable":true,"href":"https:\/\/arantv.az\/index.php?rest_route=\/wp\/v2\/media\/714313"}],"wp:attachment":[{"href":"https:\/\/arantv.az\/index.php?rest_route=%2Fwp%2Fv2%2Fmedia&parent=714312"}],"wp:term":[{"taxonomy":"category","embeddable":true,"href":"https:\/\/arantv.az\/index.php?rest_route=%2Fwp%2Fv2%2Fcategories&post=714312"},{"taxonomy":"post_tag","embeddable":true,"href":"https:\/\/arantv.az\/index.php?rest_route=%2Fwp%2Fv2%2Ftags&post=714312"}],"curies":[{"name":"wp","href":"https:\/\/api.w.org\/{rel}","templated":true}]}}