{"id":714334,"date":"2024-04-23T11:32:42","date_gmt":"2024-04-23T07:32:42","guid":{"rendered":"https:\/\/arantv.az\/?p=714334"},"modified":"2024-04-23T11:32:42","modified_gmt":"2024-04-23T07:32:42","slug":"rafael-isk%c9%99nd%c9%99rovdan-52-yas-videosu","status":"publish","type":"post","link":"https:\/\/arantv.az\/?p=714334","title":{"rendered":"Rafael \u0130sk\u0259nd\u0259rovdan 52 ya\u015f videosu"},"content":{"rendered":"<p>\u018fm\u0259kdar artist Rafael \u0130sk\u0259nd\u0259rovun ad g\u00fcn\u00fcd\u00fcr.<\/p>\n<p>Ax\u015fam.az\u00a0<a title=\"xeberler son xeberler 2024\" href=\"https:\/\/big.az\/\" target=\"_blank\" rel=\"noopener\">x\u0259b\u0259r<\/a>\u00a0verir ki, 52 ya\u015f\u0131 tamam olan aktyor bununla ba\u011fl\u0131 payla\u015f\u0131m edib.<\/p>\n<p>R.\u0130sk\u0259nd\u0259rov o\u011flu il\u0259 \u00e7\u0259kdirdiyi ad g\u00fcn\u00fc videosuna &#8220;T\u0259brikl\u0259r\u0259 g\u00f6r\u0259 t\u0259\u015f\u0259kk\u00fcr edir\u0259m&#8221; q\u0131sa \u015f\u0259rhini yaz\u0131b.<\/p>\n<p>Qeyd ed\u0259k ki, &#8220;Bu \u015f\u0259h\u0259rd\u0259&#8221;nin aktyorunun iki \u00f6vlad\u0131 var.<\/p>\n<p><iframe loading=\"lazy\" id=\"telegram-post-axsamaz1-8841\" src=\"https:\/\/t.me\/axsamaz1\/8841?embed=1&amp;userpic=true\" width=\"100%\" height=\"\" frameborder=\"0\" scrolling=\"no\" data-mce-fragment=\"1\"><\/iframe><\/p>\n<div class=\"AdviadNativeVideo\"><\/div>\n","protected":false},"excerpt":{"rendered":"<p>\u018fm\u0259kdar artist Rafael \u0130sk\u0259nd\u0259rovun ad g\u00fcn\u00fcd\u00fcr. Ax\u015fam.az\u00a0x\u0259b\u0259r\u00a0verir ki, 52 ya\u015f\u0131 tamam olan aktyor bununla ba\u011fl\u0131 payla\u015f\u0131m edib. R.\u0130sk\u0259nd\u0259rov o\u011flu il\u0259 \u00e7\u0259kdirdiyi ad g\u00fcn\u00fc videosuna &#8220;T\u0259brikl\u0259r\u0259 g\u00f6r\u0259 t\u0259\u015f\u0259kk\u00fcr edir\u0259m&#8221; q\u0131sa \u015f\u0259rhini yaz\u0131b. Qeyd ed\u0259k ki, &#8220;Bu \u015f\u0259h\u0259rd\u0259&#8221;nin aktyorunun iki \u00f6vlad\u0131 var.<\/p>\n","protected":false},"author":2,"featured_media":714335,"comment_status":"closed","ping_status":"closed","sticky":false,"template":"","format":"standard","meta":{"om_disable_all_campaigns":false,"_monsterinsights_skip_tracking":false,"_monsterinsights_sitenote_active":false,"_monsterinsights_sitenote_note":"","_monsterinsights_sitenote_category":0},"categories":[20],"tags":[],"aioseo_notices":[],"gutentor_comment":0,"rttpg_featured_image_url":{"full":["https:\/\/arantv.az\/wp-content\/uploads\/2024\/04\/rafael_81713854528.jpg",649,408,false],"landscape":["https:\/\/arantv.az\/wp-content\/uploads\/2024\/04\/rafael_81713854528.jpg",649,408,false],"portraits":["https:\/\/arantv.az\/wp-content\/uploads\/2024\/04\/rafael_81713854528.jpg",649,408,false],"thumbnail":["https:\/\/arantv.az\/wp-content\/uploads\/2024\/04\/rafael_81713854528-500x280.jpg",500,280,true],"medium":["https:\/\/arantv.az\/wp-content\/uploads\/2024\/04\/rafael_81713854528-581x365.jpg",581,365,true],"large":["https:\/\/arantv.az\/wp-content\/uploads\/2024\/04\/rafael_81713854528.jpg",640,402,false],"1536x1536":["https:\/\/arantv.az\/wp-content\/uploads\/2024\/04\/rafael_81713854528.jpg",649,408,false],"2048x2048":["https:\/\/arantv.az\/wp-content\/uploads\/2024\/04\/rafael_81713854528.jpg",649,408,false],"post-thumbnail":["https:\/\/arantv.az\/wp-content\/uploads\/2024\/04\/rafael_81713854528-240x172.jpg",240,172,true],"advps-thumb-one":["https:\/\/arantv.az\/wp-content\/uploads\/2024\/04\/rafael_81713854528.jpg",649,408,false]},"rttpg_author":{"display_name":"V\u00fcsal Rafiqo\u011flu","author_link":"https:\/\/arantv.az\/?author=2"},"rttpg_comment":0,"rttpg_category":"<a href=\"https:\/\/arantv.az\/?cat=20\" rel=\"category\">\u015eou biznes<\/a>","rttpg_excerpt":"\u018fm\u0259kdar artist Rafael \u0130sk\u0259nd\u0259rovun ad g\u00fcn\u00fcd\u00fcr. Ax\u015fam.az\u00a0x\u0259b\u0259r\u00a0verir ki, 52 ya\u015f\u0131 tamam olan aktyor bununla ba\u011fl\u0131 payla\u015f\u0131m edib. R.\u0130sk\u0259nd\u0259rov o\u011flu il\u0259 \u00e7\u0259kdirdiyi ad g\u00fcn\u00fc videosuna &#8220;T\u0259brikl\u0259r\u0259 g\u00f6r\u0259 t\u0259\u015f\u0259kk\u00fcr edir\u0259m&#8221; q\u0131sa \u015f\u0259rhini yaz\u0131b. Qeyd ed\u0259k ki, &#8220;Bu \u015f\u0259h\u0259rd\u0259&#8221;nin aktyorunun iki \u00f6vlad\u0131 var.","_links":{"self":[{"href":"https:\/\/arantv.az\/index.php?rest_route=\/wp\/v2\/posts\/714334"}],"collection":[{"href":"https:\/\/arantv.az\/index.php?rest_route=\/wp\/v2\/posts"}],"about":[{"href":"https:\/\/arantv.az\/index.php?rest_route=\/wp\/v2\/types\/post"}],"author":[{"embeddable":true,"href":"https:\/\/arantv.az\/index.php?rest_route=\/wp\/v2\/users\/2"}],"replies":[{"embeddable":true,"href":"https:\/\/arantv.az\/index.php?rest_route=%2Fwp%2Fv2%2Fcomments&post=714334"}],"version-history":[{"count":0,"href":"https:\/\/arantv.az\/index.php?rest_route=\/wp\/v2\/posts\/714334\/revisions"}],"wp:featuredmedia":[{"embeddable":true,"href":"https:\/\/arantv.az\/index.php?rest_route=\/wp\/v2\/media\/714335"}],"wp:attachment":[{"href":"https:\/\/arantv.az\/index.php?rest_route=%2Fwp%2Fv2%2Fmedia&parent=714334"}],"wp:term":[{"taxonomy":"category","embeddable":true,"href":"https:\/\/arantv.az\/index.php?rest_route=%2Fwp%2Fv2%2Fcategories&post=714334"},{"taxonomy":"post_tag","embeddable":true,"href":"https:\/\/arantv.az\/index.php?rest_route=%2Fwp%2Fv2%2Ftags&post=714334"}],"curies":[{"name":"wp","href":"https:\/\/api.w.org\/{rel}","templated":true}]}}