{"id":714379,"date":"2024-04-23T12:33:21","date_gmt":"2024-04-23T08:33:21","guid":{"rendered":"https:\/\/arantv.az\/?p=714379"},"modified":"2024-04-23T12:33:21","modified_gmt":"2024-04-23T08:33:21","slug":"%c9%99m%c9%99kdar-artist-faiq-sadiqovun-son-durumu-il%c9%99-bagli-r%c9%99smi-aciqlama","status":"publish","type":"post","link":"https:\/\/arantv.az\/?p=714379","title":{"rendered":"\u018fm\u0259kdar artist Faiq Sad\u0131qovun son durumu il\u0259 ba\u011fl\u0131 R\u018fSM\u0130 A\u00c7IQLAMA"},"content":{"rendered":"<p>\u018fm\u0259kdar artist, Prezident t\u0259qa\u00fcd\u00e7\u00fcs\u00fc, S\u0259id R\u00fcst\u0259mov ad\u0131na Xalq \u00c7al\u011f\u0131 Al\u0259tl\u0259ri Orkestrinin b\u0259dii r\u0259hb\u0259ri v\u0259 ba\u015f dirijoru Faiq Sad\u0131qovun v\u0259ziyy\u0259ti a\u011f\u0131r stabil olaraq qiym\u0259tl\u0259ndirilir.<\/p>\n<p>Bu m\u0259lumat\u00a0<strong>Oxu.Az<\/strong>-\u0131n sor\u011fusuna cavab olaraq T\u018fB\u0130B-d\u0259n verilib.<\/p>\n<p>M\u0259lumatda qeyd olunub ki, \u018fm\u0259kdar artist, Prezident t\u0259qa\u00fcd\u00e7\u00fcs\u00fc, S\u0259id R\u00fcst\u0259mov ad\u0131na Xalq \u00c7al\u011f\u0131 Al\u0259tl\u0259ri Orkestrinin b\u0259dii r\u0259hb\u0259ri v\u0259 ba\u015f dirijoru Faiq Sad\u0131qov 2024-c\u00fc il aprelin 22-d\u0259 \u00f6z\u0259l tibb m\u00fc\u0259ssis\u0259sind\u0259n T\u018fB\u0130B-in tabeliyind\u0259 f\u0259aliyy\u0259t g\u00f6st\u0259r\u0259n M\u0259rk\u0259zi Neft\u00e7il\u0259r X\u0259st\u0259xanas\u0131na k\u00f6\u00e7\u00fcr\u00fcl\u00fcb. Ona z\u0259ruri tibbi xidm\u0259t g\u00f6st\u0259rilib. Pasiyent a\u011fciy\u0259rl\u0259rin xroniki obstruktiv x\u0259st\u0259liyinin k\u0259skinl\u0259\u015fm\u0259 diaqnozu il\u0259 x\u0259st\u0259xanaya yerl\u0259\u015fdirilib.<\/p>\n<p>Haz\u0131rda v\u0259ziyy\u0259ti a\u011f\u0131r stabil olaraq qiym\u0259tl\u0259ndirilir.<\/p>\n<p>Xat\u0131rladaq ki, Faiq Sad\u0131qovun v\u0259ziyy\u0259tinin pisl\u0259\u015fm\u0259si bar\u0259d\u0259 onun q\u0131z\u0131 \u018fmin\u0259 Sad\u0131qova m\u0259lumat\u00a0<a href=\"https:\/\/oxu.az\/society\/862940\" target=\"_blank\" rel=\"noopener\">vermi\u015fdi.<\/a><\/p>\n","protected":false},"excerpt":{"rendered":"<p>\u018fm\u0259kdar artist, Prezident t\u0259qa\u00fcd\u00e7\u00fcs\u00fc, S\u0259id R\u00fcst\u0259mov ad\u0131na Xalq \u00c7al\u011f\u0131 Al\u0259tl\u0259ri Orkestrinin b\u0259dii r\u0259hb\u0259ri v\u0259 ba\u015f dirijoru Faiq Sad\u0131qovun v\u0259ziyy\u0259ti a\u011f\u0131r stabil olaraq qiym\u0259tl\u0259ndirilir. Bu m\u0259lumat\u00a0Oxu.Az-\u0131n sor\u011fusuna cavab olaraq T\u018fB\u0130B-d\u0259n verilib. M\u0259lumatda qeyd olunub ki, \u018fm\u0259kdar artist, Prezident t\u0259qa\u00fcd\u00e7\u00fcs\u00fc, S\u0259id R\u00fcst\u0259mov ad\u0131na Xalq \u00c7al\u011f\u0131 Al\u0259tl\u0259ri Orkestrinin b\u0259dii r\u0259hb\u0259ri v\u0259 ba\u015f dirijoru Faiq Sad\u0131qov 2024-c\u00fc il aprelin 22-d\u0259 \u00f6z\u0259l tibb m\u00fc\u0259ssis\u0259sind\u0259n T\u018fB\u0130B-in tabeliyind\u0259 f\u0259aliyy\u0259t g\u00f6st\u0259r\u0259n M\u0259rk\u0259zi Neft\u00e7il\u0259r X\u0259st\u0259xanas\u0131na k\u00f6\u00e7\u00fcr\u00fcl\u00fcb. Ona z\u0259ruri tibbi xidm\u0259t g\u00f6st\u0259rilib. Pasiyent a\u011fciy\u0259rl\u0259rin xroniki obstruktiv x\u0259st\u0259liyinin k\u0259skinl\u0259\u015fm\u0259 diaqnozu il\u0259 x\u0259st\u0259xanaya yerl\u0259\u015fdirilib. Haz\u0131rda v\u0259ziyy\u0259ti a\u011f\u0131r stabil olaraq qiym\u0259tl\u0259ndirilir. Xat\u0131rladaq ki,&hellip;<\/p>\n","protected":false},"author":2,"featured_media":714380,"comment_status":"closed","ping_status":"closed","sticky":false,"template":"","format":"standard","meta":{"om_disable_all_campaigns":false,"_monsterinsights_skip_tracking":false,"_monsterinsights_sitenote_active":false,"_monsterinsights_sitenote_note":"","_monsterinsights_sitenote_category":0},"categories":[1],"tags":[],"aioseo_notices":[],"gutentor_comment":0,"rttpg_featured_image_url":{"full":["https:\/\/arantv.az\/wp-content\/uploads\/2024\/04\/FotoJet-31-2.jpg",620,413,false],"landscape":["https:\/\/arantv.az\/wp-content\/uploads\/2024\/04\/FotoJet-31-2.jpg",620,413,false],"portraits":["https:\/\/arantv.az\/wp-content\/uploads\/2024\/04\/FotoJet-31-2.jpg",620,413,false],"thumbnail":["https:\/\/arantv.az\/wp-content\/uploads\/2024\/04\/FotoJet-31-2-500x280.jpg",500,280,true],"medium":["https:\/\/arantv.az\/wp-content\/uploads\/2024\/04\/FotoJet-31-2-548x365.jpg",548,365,true],"large":["https:\/\/arantv.az\/wp-content\/uploads\/2024\/04\/FotoJet-31-2.jpg",620,413,false],"1536x1536":["https:\/\/arantv.az\/wp-content\/uploads\/2024\/04\/FotoJet-31-2.jpg",620,413,false],"2048x2048":["https:\/\/arantv.az\/wp-content\/uploads\/2024\/04\/FotoJet-31-2.jpg",620,413,false],"post-thumbnail":["https:\/\/arantv.az\/wp-content\/uploads\/2024\/04\/FotoJet-31-2-240x172.jpg",240,172,true],"advps-thumb-one":["https:\/\/arantv.az\/wp-content\/uploads\/2024\/04\/FotoJet-31-2.jpg",620,413,false]},"rttpg_author":{"display_name":"V\u00fcsal Rafiqo\u011flu","author_link":"https:\/\/arantv.az\/?author=2"},"rttpg_comment":0,"rttpg_category":"<a href=\"https:\/\/arantv.az\/?cat=1\" rel=\"category\">C\u0259miyy\u0259t<\/a>","rttpg_excerpt":"\u018fm\u0259kdar artist, Prezident t\u0259qa\u00fcd\u00e7\u00fcs\u00fc, S\u0259id R\u00fcst\u0259mov ad\u0131na Xalq \u00c7al\u011f\u0131 Al\u0259tl\u0259ri Orkestrinin b\u0259dii r\u0259hb\u0259ri v\u0259 ba\u015f dirijoru Faiq Sad\u0131qovun v\u0259ziyy\u0259ti a\u011f\u0131r stabil olaraq qiym\u0259tl\u0259ndirilir. Bu m\u0259lumat\u00a0Oxu.Az-\u0131n sor\u011fusuna cavab olaraq T\u018fB\u0130B-d\u0259n verilib. M\u0259lumatda qeyd olunub ki, \u018fm\u0259kdar artist, Prezident t\u0259qa\u00fcd\u00e7\u00fcs\u00fc, S\u0259id R\u00fcst\u0259mov ad\u0131na Xalq \u00c7al\u011f\u0131 Al\u0259tl\u0259ri Orkestrinin b\u0259dii r\u0259hb\u0259ri v\u0259 ba\u015f dirijoru Faiq Sad\u0131qov 2024-c\u00fc il aprelin&hellip;","_links":{"self":[{"href":"https:\/\/arantv.az\/index.php?rest_route=\/wp\/v2\/posts\/714379"}],"collection":[{"href":"https:\/\/arantv.az\/index.php?rest_route=\/wp\/v2\/posts"}],"about":[{"href":"https:\/\/arantv.az\/index.php?rest_route=\/wp\/v2\/types\/post"}],"author":[{"embeddable":true,"href":"https:\/\/arantv.az\/index.php?rest_route=\/wp\/v2\/users\/2"}],"replies":[{"embeddable":true,"href":"https:\/\/arantv.az\/index.php?rest_route=%2Fwp%2Fv2%2Fcomments&post=714379"}],"version-history":[{"count":0,"href":"https:\/\/arantv.az\/index.php?rest_route=\/wp\/v2\/posts\/714379\/revisions"}],"wp:featuredmedia":[{"embeddable":true,"href":"https:\/\/arantv.az\/index.php?rest_route=\/wp\/v2\/media\/714380"}],"wp:attachment":[{"href":"https:\/\/arantv.az\/index.php?rest_route=%2Fwp%2Fv2%2Fmedia&parent=714379"}],"wp:term":[{"taxonomy":"category","embeddable":true,"href":"https:\/\/arantv.az\/index.php?rest_route=%2Fwp%2Fv2%2Fcategories&post=714379"},{"taxonomy":"post_tag","embeddable":true,"href":"https:\/\/arantv.az\/index.php?rest_route=%2Fwp%2Fv2%2Ftags&post=714379"}],"curies":[{"name":"wp","href":"https:\/\/api.w.org\/{rel}","templated":true}]}}