{"id":714385,"date":"2024-04-23T12:35:10","date_gmt":"2024-04-23T08:35:10","guid":{"rendered":"https:\/\/arantv.az\/?p=714385"},"modified":"2024-04-23T12:35:10","modified_gmt":"2024-04-23T08:35:10","slug":"beyn%c9%99lxalq-%c9%99dal%c9%99t-m%c9%99hk%c9%99m%c9%99sind%c9%99-az%c9%99rbaycanin-qaldirdigi-ilkin-etirazlar-%c9%99sasinda-dinl%c9%99m%c9%99l%c9%99r-kecirilib","status":"publish","type":"post","link":"https:\/\/arantv.az\/?p=714385","title":{"rendered":"Beyn\u0259lxalq \u018fdal\u0259t M\u0259hk\u0259m\u0259sind\u0259 Az\u0259rbaycan\u0131n qald\u0131rd\u0131\u011f\u0131 ilkin etirazlar \u0259sas\u0131nda dinl\u0259m\u0259l\u0259r ke\u00e7irilib"},"content":{"rendered":"<p>Beyn\u0259lxalq \u018fdal\u0259t M\u0259hk\u0259m\u0259si (B\u018fM) aprelin 15-d\u0259n 19-d\u0259k Haaqadak\u0131 S\u00fclh Saray\u0131nda \u0130rqi Ayr\u0131-se\u00e7kiliyin B\u00fct\u00fcn Formalar\u0131n\u0131n L\u0259\u011fv Edilm\u0259si haqq\u0131nda Beyn\u0259lxalq Konvensiyan\u0131n (\u201cErm\u0259nistan Az\u0259rbaycana qar\u015f\u0131\u201d) t\u0259tbiqi il\u0259 \u0259laq\u0259dar Az\u0259rbaycan\u0131n qald\u0131rd\u0131\u011f\u0131 ilkin etirazlar \u0259sas\u0131nda dinl\u0259m\u0259l\u0259r ke\u00e7irilib.<\/p>\n<p>Oxu.Az\u00a0bildirir ki, prosesd\u0259 Az\u0259rbaycan xarici i\u015fl\u0259r nazirinin m\u00fcavini Elnur M\u0259mm\u0259dov iddia bar\u0259d\u0259 m\u0259lumat verib.<\/p>\n<p>Bildir\u0259k ki, 16 sentyabr 2021-ci ild\u0259 Erm\u0259nistan \u0130rqi Ayr\u0131-se\u00e7kiliyin B\u00fct\u00fcn Formalar\u0131n\u0131n L\u0259\u011fv Edilm\u0259si haqq\u0131nda Beyn\u0259lxalq Konvensiyan\u0131n (CERD) pozulmas\u0131 iddialar\u0131 il\u0259 Az\u0259rbaycana qar\u015f\u0131 proses ba\u015flad\u0131b.<\/p>\n<p>21 aprel 2023-c\u00fc ild\u0259 Az\u0259rbaycan m\u0259hk\u0259m\u0259nin yurisdiksiyas\u0131na ilkin etirazlar\u0131n\u0131 t\u0259qdim edib.<\/p>\n<p>Haz\u0131rk\u0131 dinl\u0259m\u0259l\u0259r Az\u0259rbaycan\u0131n etirazlar\u0131 n\u0259tic\u0259sind\u0259 ba\u015f tutub.<\/p>\n","protected":false},"excerpt":{"rendered":"<p>Beyn\u0259lxalq \u018fdal\u0259t M\u0259hk\u0259m\u0259si (B\u018fM) aprelin 15-d\u0259n 19-d\u0259k Haaqadak\u0131 S\u00fclh Saray\u0131nda \u0130rqi Ayr\u0131-se\u00e7kiliyin B\u00fct\u00fcn Formalar\u0131n\u0131n L\u0259\u011fv Edilm\u0259si haqq\u0131nda Beyn\u0259lxalq Konvensiyan\u0131n (\u201cErm\u0259nistan Az\u0259rbaycana qar\u015f\u0131\u201d) t\u0259tbiqi il\u0259 \u0259laq\u0259dar Az\u0259rbaycan\u0131n qald\u0131rd\u0131\u011f\u0131 ilkin etirazlar \u0259sas\u0131nda dinl\u0259m\u0259l\u0259r ke\u00e7irilib. Oxu.Az\u00a0bildirir ki, prosesd\u0259 Az\u0259rbaycan xarici i\u015fl\u0259r nazirinin m\u00fcavini Elnur M\u0259mm\u0259dov iddia bar\u0259d\u0259 m\u0259lumat verib. Bildir\u0259k ki, 16 sentyabr 2021-ci ild\u0259 Erm\u0259nistan \u0130rqi Ayr\u0131-se\u00e7kiliyin B\u00fct\u00fcn Formalar\u0131n\u0131n L\u0259\u011fv Edilm\u0259si haqq\u0131nda Beyn\u0259lxalq Konvensiyan\u0131n (CERD) pozulmas\u0131 iddialar\u0131 il\u0259 Az\u0259rbaycana qar\u015f\u0131 proses ba\u015flad\u0131b. 21 aprel 2023-c\u00fc ild\u0259 Az\u0259rbaycan m\u0259hk\u0259m\u0259nin yurisdiksiyas\u0131na ilkin etirazlar\u0131n\u0131 t\u0259qdim edib. Haz\u0131rk\u0131 dinl\u0259m\u0259l\u0259r Az\u0259rbaycan\u0131n etirazlar\u0131 n\u0259tic\u0259sind\u0259 ba\u015f tutub.<\/p>\n","protected":false},"author":2,"featured_media":714386,"comment_status":"closed","ping_status":"closed","sticky":false,"template":"","format":"standard","meta":{"om_disable_all_campaigns":false,"_monsterinsights_skip_tracking":false,"_monsterinsights_sitenote_active":false,"_monsterinsights_sitenote_note":"","_monsterinsights_sitenote_category":0},"categories":[4],"tags":[],"aioseo_notices":[],"gutentor_comment":0,"rttpg_featured_image_url":{"full":["https:\/\/arantv.az\/wp-content\/uploads\/2024\/04\/FotoJet-1-24.jpg",620,413,false],"landscape":["https:\/\/arantv.az\/wp-content\/uploads\/2024\/04\/FotoJet-1-24.jpg",620,413,false],"portraits":["https:\/\/arantv.az\/wp-content\/uploads\/2024\/04\/FotoJet-1-24.jpg",620,413,false],"thumbnail":["https:\/\/arantv.az\/wp-content\/uploads\/2024\/04\/FotoJet-1-24-500x280.jpg",500,280,true],"medium":["https:\/\/arantv.az\/wp-content\/uploads\/2024\/04\/FotoJet-1-24-548x365.jpg",548,365,true],"large":["https:\/\/arantv.az\/wp-content\/uploads\/2024\/04\/FotoJet-1-24.jpg",620,413,false],"1536x1536":["https:\/\/arantv.az\/wp-content\/uploads\/2024\/04\/FotoJet-1-24.jpg",620,413,false],"2048x2048":["https:\/\/arantv.az\/wp-content\/uploads\/2024\/04\/FotoJet-1-24.jpg",620,413,false],"post-thumbnail":["https:\/\/arantv.az\/wp-content\/uploads\/2024\/04\/FotoJet-1-24-240x172.jpg",240,172,true],"advps-thumb-one":["https:\/\/arantv.az\/wp-content\/uploads\/2024\/04\/FotoJet-1-24.jpg",620,413,false]},"rttpg_author":{"display_name":"V\u00fcsal Rafiqo\u011flu","author_link":"https:\/\/arantv.az\/?author=2"},"rttpg_comment":0,"rttpg_category":"<a href=\"https:\/\/arantv.az\/?cat=4\" rel=\"category\">Siyas\u0259t<\/a>","rttpg_excerpt":"Beyn\u0259lxalq \u018fdal\u0259t M\u0259hk\u0259m\u0259si (B\u018fM) aprelin 15-d\u0259n 19-d\u0259k Haaqadak\u0131 S\u00fclh Saray\u0131nda \u0130rqi Ayr\u0131-se\u00e7kiliyin B\u00fct\u00fcn Formalar\u0131n\u0131n L\u0259\u011fv Edilm\u0259si haqq\u0131nda Beyn\u0259lxalq Konvensiyan\u0131n (\u201cErm\u0259nistan Az\u0259rbaycana qar\u015f\u0131\u201d) t\u0259tbiqi il\u0259 \u0259laq\u0259dar Az\u0259rbaycan\u0131n qald\u0131rd\u0131\u011f\u0131 ilkin etirazlar \u0259sas\u0131nda dinl\u0259m\u0259l\u0259r ke\u00e7irilib. Oxu.Az\u00a0bildirir ki, prosesd\u0259 Az\u0259rbaycan xarici i\u015fl\u0259r nazirinin m\u00fcavini Elnur M\u0259mm\u0259dov iddia bar\u0259d\u0259 m\u0259lumat verib. Bildir\u0259k ki, 16 sentyabr 2021-ci ild\u0259 Erm\u0259nistan \u0130rqi Ayr\u0131-se\u00e7kiliyin&hellip;","_links":{"self":[{"href":"https:\/\/arantv.az\/index.php?rest_route=\/wp\/v2\/posts\/714385"}],"collection":[{"href":"https:\/\/arantv.az\/index.php?rest_route=\/wp\/v2\/posts"}],"about":[{"href":"https:\/\/arantv.az\/index.php?rest_route=\/wp\/v2\/types\/post"}],"author":[{"embeddable":true,"href":"https:\/\/arantv.az\/index.php?rest_route=\/wp\/v2\/users\/2"}],"replies":[{"embeddable":true,"href":"https:\/\/arantv.az\/index.php?rest_route=%2Fwp%2Fv2%2Fcomments&post=714385"}],"version-history":[{"count":0,"href":"https:\/\/arantv.az\/index.php?rest_route=\/wp\/v2\/posts\/714385\/revisions"}],"wp:featuredmedia":[{"embeddable":true,"href":"https:\/\/arantv.az\/index.php?rest_route=\/wp\/v2\/media\/714386"}],"wp:attachment":[{"href":"https:\/\/arantv.az\/index.php?rest_route=%2Fwp%2Fv2%2Fmedia&parent=714385"}],"wp:term":[{"taxonomy":"category","embeddable":true,"href":"https:\/\/arantv.az\/index.php?rest_route=%2Fwp%2Fv2%2Fcategories&post=714385"},{"taxonomy":"post_tag","embeddable":true,"href":"https:\/\/arantv.az\/index.php?rest_route=%2Fwp%2Fv2%2Ftags&post=714385"}],"curies":[{"name":"wp","href":"https:\/\/api.w.org\/{rel}","templated":true}]}}