{"id":714388,"date":"2024-04-23T12:36:41","date_gmt":"2024-04-23T08:36:41","guid":{"rendered":"https:\/\/arantv.az\/?p=714388"},"modified":"2024-04-23T12:36:41","modified_gmt":"2024-04-23T08:36:41","slug":"dostunu-dusm%c9%99nini-gec-taniyan-moskva-rusiya-v%c9%99-az%c9%99rbaycan-real-mutt%c9%99fiqlik-yolunda","status":"publish","type":"post","link":"https:\/\/arantv.az\/?p=714388","title":{"rendered":"Dostunu, d\u00fc\u015fm\u0259nini gec tan\u0131yan Moskva \u2013 Rusiya v\u0259 Az\u0259rbaycan real m\u00fctt\u0259fiqlik yolunda"},"content":{"rendered":"<p><strong>X\u0259b\u0259r verildiyi kimi, d\u00fcn\u0259n Moskvada Rusiya Federasiyas\u0131n\u0131n Prezidenti Vladimir Putin il\u0259 Az\u0259rbaycan Prezidenti \u0130lham \u018fliyev aras\u0131nda t\u0259kb\u0259t\u0259k g\u00f6r\u00fc\u015f olub.<\/strong><\/p>\n<p>Bu g\u00f6r\u00fc\u015f Baykal-Amur Magistral\u0131n\u0131n (BAM) 50 illik yubileyin\u0259 t\u0259sad\u00fcf etdiyind\u0259n Vladimir Putin Ulu \u00d6nd\u0259r Heyd\u0259r \u018fliyevin vaxtil\u0259 \u201c\u00dcmumittifaq tikintisi\u201d adland\u0131r\u0131lan n\u0259h\u0259ng layih\u0259nin h\u0259yata ke\u00e7irilm\u0259sind\u0259 f\u0259al i\u015ftirak etdiyini v\u0259 onun realla\u015fd\u0131r\u0131lmas\u0131na \u00f6z t\u00f6hf\u0259sini verdiyini qeyd edib. Ulu \u00d6nd\u0259r sovet d\u00f6vl\u0259tinin h\u0259yata ke\u00e7ir\u0259 bil\u0259c\u0259yi tikintinin miqyas\u0131ndan deyil, ilk n\u00f6vb\u0259d\u0259, \u0259n \u00e7\u0259tin \u015f\u0259raitd\u0259, b\u0259z\u0259n daimi donu\u015fluq i\u00e7ind\u0259 olan ke\u00e7ilm\u0259z me\u015f\u0259l\u0259rd\u0259, yolsuzluq \u015f\u0259raitind\u0259 h\u0259yatlar\u0131n\u0131 risk\u0259 atan BAM-\u00e7\u0131lar\u0131n f\u0259dakarl\u0131\u011f\u0131ndan t\u0259sirl\u0259nmi\u015fdi. O da faktd\u0131r ki, BAM-\u0131n tikintisind\u0259 Az\u0259rbaycan\u0131n minl\u0259rl\u0259 v\u0259t\u0259nda\u015f\u0131 i\u015ftirak edib. Onlar\u0131n \u00e7oxu sonradan Rusiyada m\u0259skunla\u015f\u0131b.<\/p>\n<p><strong>Art\u0131q bir ne\u00e7\u0259 ildir ki, Az\u0259rbaycan v\u0259 Rusiya aras\u0131nda qar\u015f\u0131l\u0131ql\u0131 anla\u015fma \u0259n y\u00fcks\u0259k s\u0259viyy\u0259d\u0259dir. Tarixin m\u00fcxt\u0259lif m\u0259qamlar\u0131 \u00f6lk\u0259l\u0259rimizi, xalqlar\u0131m\u0131z\u0131 daha da yax\u0131nla\u015fd\u0131r\u0131r, zaman qar\u015f\u0131l\u0131ql\u0131 m\u00fcnasib\u0259tl\u0259rd\u0259ki anla\u015f\u0131lmazl\u0131qlar\u0131, umu-k\u00fcs\u00fcl\u0259ri retu\u015flay\u0131r. Rusiya da, Az\u0259rbaycanda g\u0259l\u0259c\u0259y\u0259 nikbin n\u0259z\u0259rl\u0259rl\u0259 bax\u0131r.<\/strong><\/p>\n<p><strong><img loading=\"lazy\" src=\"https:\/\/cdn.musavat.com\/news\/thumbnails\/8501ee7d2519cac88606128d13f8e8a7.jpg\" alt=\"\u018fliyev-Putin g\u00f6r\u00fc\u015f\u00fc olub- Yenil\u0259nir - Video\" width=\"980\" height=\"653\" \/><\/strong><\/p>\n<p>2022-ci ilin fevral\u0131nda Kremld\u0259 imzalanm\u0131\u015f strateji m\u00fctt\u0259fiqlik haqq\u0131nda sazi\u015f bu g\u00fcn d\u0259 lazmi effektivlikl\u0259 i\u015fl\u0259yir v\u0259 t\u0259r\u0259fl\u0259r onun h\u0259r bir m\u00fcdd\u0259as\u0131na riay\u0259t edirl\u0259r.<\/p>\n<p>Qeyd ed\u0259k ki, bu s\u0259n\u0259d h\u0259m Rusiya, h\u0259m d\u0259 Az\u0259rbaycan \u00fc\u00e7\u00fcn olduqca h\u0259ssas bir d\u00f6n\u0259md\u0259 imzalan\u0131b. Sonrak\u0131 ill\u0259r g\u00f6st\u0259rdi ki, bu sazi\u015f beyn\u0259lxalq arenada, x\u00fcsusil\u0259 d\u0259 Avropada t\u0259kl\u0259n\u0259n Rusiya \u00fc\u00e7\u00fcn n\u0259 q\u0259d\u0259r \u0259h\u0259miyy\u0259tlidirs\u0259, Qaraba\u011f \u00fcz\u0259rind\u0259 \u00f6z suveren h\u00fcquqlar\u0131n\u0131 b\u0259rpa etdiyin\u0259 g\u00f6r\u0259 b\u0259zi Avropa \u00f6lk\u0259l\u0259rinin haqs\u0131z basq\u0131s\u0131na m\u0259ruz qalan Az\u0259rbaycan \u00fc\u00e7\u00fcn d\u0259 \u00e7ox \u0259h\u0259miyy\u0259tlidir.<\/p>\n<p>Haz\u0131rda Rusiya-Az\u0259rbaycan m\u00fcnasib\u0259tl\u0259ri dostluq, qar\u015f\u0131l\u0131ql\u0131 anla\u015fma, bir-birini d\u0259st\u0259kl\u0259m\u0259 v\u0259 m\u0259qs\u0259dy\u00f6nl\u00fcl\u00fck kimi m\u00f6hk\u0259m t\u0259m\u0259l\u0259 \u0259saslan\u0131r. Az\u0259rbaycan v\u0259 Rusiya t\u0259kc\u0259 b\u00f6y\u00fck n\u0259qliyyat layih\u0259l\u0259ri h\u0259yata ke\u00e7irmir, h\u0259m d\u0259 h\u0259r iki \u00f6lk\u0259 \u201c\u015eimal-C\u0259nub&#8221; beyn\u0259lxalq n\u0259qliyyat d\u0259hlizinin yarad\u0131lmas\u0131nda f\u0259al i\u015ftirak edir. Rusiya \u00fc\u00e7\u00fcn c\u0259nub istiqam\u0259tind\u0259 strateji n\u0259qliyyat d\u0259hlizl\u0259rind\u0259n biri Az\u0259rbaycan \u0259razisind\u0259n ke\u00e7ir v\u0259 Rusiya il\u0259 \u0130ran aras\u0131nda \u0259laq\u0259 yarad\u0131r. Bu, y\u00fck tranziti bax\u0131m\u0131ndan h\u0259r \u00fc\u00e7 d\u00f6vl\u0259t\u0259 faydal\u0131d\u0131r.<\/p>\n<p>Bel\u0259 bir ger\u00e7\u0259klik d\u0259 var ki, d\u00f6vl\u0259tl\u0259r aras\u0131nda n\u0259 q\u0259d\u0259r \u00e7oxt\u0259r\u0259fli sazi\u015fl\u0259r, m\u00fcqavil\u0259l\u0259r, kommunikel\u0259r imzalansa da, \u00f6lk\u0259 ba\u015f\u00e7\u0131lar\u0131 aras\u0131nda soyuqluq varsa, o zaman o s\u0259n\u0259dl\u0259r ka\u011f\u0131z \u00fcz\u0259rind\u0259 qalacaq, i\u015fl\u0259m\u0259y\u0259c\u0259k. Xo\u015fb\u0259xtlikd\u0259n, h\u0259l\u0259 \u00dcmummili Lider Heyd\u0259r \u018fliyevl\u0259 Rusiya lideri Vladimir Putin aras\u0131nda t\u0259m\u0259li qoyulan dostluq v\u0259 \u0259m\u0259kda\u015fl\u0131q bu g\u00fcn Prezident \u0130lham \u018fliyevl\u0259 Putin aras\u0131nda r\u0259van \u015f\u0259kild\u0259 davam edir.<\/p>\n<p><img src=\"https:\/\/serqqapisi.gov.az\/storage\/postImage\/IMG-20240422-WA0404_22-04-2024_22-57-54.jpg\" alt=\"\u0130lham \u018fliyev v\u0259 Vladimir Putin BAM veteranlar\u0131 il\u0259 g\u00f6r\u00fc\u015f\u00fcbl\u0259r | \u015e\u0259rq qap\u0131s\u0131\" \/><\/p>\n<p>Az\u0259rbaycan\u0131n m\u00fcasir tarixind\u0259 bu dostlu\u011fun real n\u0259tic\u0259l\u0259ri haqq\u0131nda uzun-uzad\u0131 yazmaq olar v\u0259 y\u0259qin ki, g\u0259l\u0259c\u0259kd\u0259 daha \u0259trafl\u0131 yaz\u0131lacaq. \u0130ndilikd\u0259 onu dem\u0259k olar ki, Az\u0259rbaycan-Rusiya \u0259laq\u0259l\u0259ri d\u00f6vl\u0259tl\u0259rimizin ba\u015f\u00e7\u0131lar\u0131n\u0131n siyasi irad\u0259sin\u0259 uy\u011fun olaraq haz\u0131rda s\u00fcr\u0259tl\u0259 inki\u015faf etdirilir. \u00d6lk\u0259l\u0259rimizin qar\u015f\u0131l\u0131ql\u0131 \u0259laq\u0259l\u0259rind\u0259 siyasi m\u00fcnasib\u0259tl\u0259r m\u00fch\u00fcm yer tutur.<\/p>\n<p><em>Rusiya h\u0259rbi s\u0259nayesi, iqtisadi imkanlar\u0131 bax\u0131m\u0131ndan bizim q\u00fcdr\u0259tli qon\u015fumuzdur. Biz bu d\u00f6vl\u0259tl\u0259 eyni ittifaqda t\u0259msil olunmu\u015f, eyni ideologiya il\u0259 idar\u0259 edilmi\u015f, eyni d\u0259y\u0259rl\u0259ri b\u00f6l\u00fc\u015fm\u00fc\u015f\u00fck. Rusiya \u00f6lk\u0259miz \u00fc\u00e7\u00fcn geni\u015f bazard\u0131r v\u0259 bu \u00f6lk\u0259d\u0259 ya\u015fayan milyonlarla soyda\u015f\u0131m\u0131z\u0131n ikinci v\u0259t\u0259nidir. Ona g\u00f6r\u0259 d\u0259 biz qon\u015fulu\u011fumuzdak\u0131 bu q\u00fcdr\u0259tli d\u00f6vl\u0259tl\u0259 m\u00fcnasib\u0259tl\u0259rimizi daima mehriban qon\u015fuluq \u015f\u0259raitind\u0259 inki\u015faf etdirm\u0259liyik, ke\u00e7mi\u015f\u0259 qapan\u0131b qalmamal\u0131, vaxtil\u0259 bu d\u00f6vl\u0259tin ayr\u0131-ayr\u0131 m\u0259suliyy\u0259tsiz v\u0259 q\u0259r\u0259zkar r\u0259hb\u0259rl\u0259rinin xalq\u0131m\u0131za qar\u015f\u0131 etdiyi pislikl\u0259ri \u015fi\u015firdib milli doktrina s\u0259viyy\u0259sin\u0259 \u00e7atd\u0131rmamal\u0131y\u0131q. Q\u0259rb qon\u015fulu\u011fumuzda bel\u0259 ed\u0259nl\u0259r, 100 il \u0259vv\u0259l ba\u015f vermi\u015f hadis\u0259l\u0259r\u0259 g\u00f6r\u0259 h\u0259l\u0259 d\u0259 b\u00f6y\u00fck qon\u015fusu il\u0259 d\u00fc\u015fm\u0259n\u00e7ilikd\u0259n \u0259l \u00e7\u0259km\u0259y\u0259nl\u0259r var v\u0259 onlar\u0131n bundan xeyir tapd\u0131qlar\u0131n\u0131 s\u00f6yl\u0259m\u0259k m\u00fcmk\u00fcn deyil. Biz o c\u00fcr s\u0259hvl\u0259ri buraxmamal\u0131y\u0131q, ke\u00e7mi\u015fimizi unutmamal\u0131, ondan d\u0259rs \u00e7\u0131xarmal\u0131y\u0131q, amma g\u0259l\u0259c\u0259k f\u0259aliyy\u0259timizi d\u0259 m\u00fcasir konyukturan\u0131n t\u0259l\u0259bl\u0259rin\u0259 uy\u011fun t\u0259\u015fkil etm\u0259liyik.<\/em><\/p>\n<p><img loading=\"lazy\" src=\"https:\/\/unikal.az\/photos\/unikal\/1683663163.1672657439_heyderaliyev4.jpg\" alt=\"Bu g\u00fcn \u00dcmummilli Lider Heyd\u0259r \u018fliyevin 100 illik yubileyidir - Unikal.az\" width=\"993\" height=\"709\" \/><\/p>\n<p>Ba\u015fqa s\u00f6zl\u0259, h\u0259r zaman ay\u0131q-say\u0131q, praqmatik olmaq laz\u0131md\u0131r. Kremld\u0259 i\u015f t\u0259cr\u00fcb\u0259si olan, SSR\u0130 kimi d\u00f6vl\u0259tin n\u0259 c\u00fcr idar\u0259 edildiyini yax\u015f\u0131 bil\u0259n \u00dcmummilli Lider Heyd\u0259r \u018fliyevin Az\u0259rbaycanda siyasi hakimiyy\u0259t\u0259 qay\u0131d\u0131\u015f\u0131ndan sonra Rusiya il\u0259 m\u00fcnasib\u0259tl\u0259r\u0259 ona g\u00f6r\u0259 yeni bir dizayn verilidi ki, bu intirqan\u0131n sonunun bizim \u00fc\u00e7\u00fcn daha a\u011f\u0131r ola bil\u0259c\u0259yi ortada idi. Ondan sonra biz ziyan\u0131n yar\u0131s\u0131ndan qay\u0131td\u0131q v\u0259 \u00f6lk\u0259l\u0259rimiz aras\u0131nda m\u00fcnasib\u0259tl\u0259rin normal m\u00fcst\u0259vid\u0259 inki\u015faf etdirilm\u0259sin\u0259 ba\u015flad\u0131q.<\/p>\n<p><strong>H\u0259min m\u00fcnasib\u0259tl\u0259rin \u015fanl\u0131 s\u0259hif\u0259si 2020-ci ilin ikinci yar\u0131s\u0131ndan bu g\u00fcn\u0259 q\u0259d\u0259r davam edir. Rusiya Az\u0259rbaycan\u0131n q\u0259l\u0259b\u0259si v\u0259 Erm\u0259nistan\u0131n kapitulyasiyas\u0131 il\u0259 n\u0259tic\u0259l\u0259n\u0259n \u0130kinci Qaraba\u011f m\u00fcharib\u0259sini ba\u015fa \u00e7atd\u0131ran 10 noyabr (2020) m\u00fcqavil\u0259sinin imzalanmas\u0131nda x\u00fcsusi rol oynay\u0131b.<\/strong><\/p>\n<p><strong><img src=\"https:\/\/cdn.trend.az\/2022\/09\/21\/president_bayraq_210922_8.jpg\" alt=\"Prezident \u0130lham \u018fliyev: \u0130kinci Qaraba\u011f m\u00fcharib\u0259si olmaya da bil\u0259rdi, \u0259g\u0259r  Erm\u0259nistan bizim s\u00f6z\u00fcm\u00fcz\u0259 baxsayd\u0131\" \/><\/strong><\/p>\n<p>Etiraf ed\u0259k ki, Rusiya r\u0259hb\u0259rliyi tam 32 ild\u0259n sonra Qaraba\u011f m\u00fcnaqi\u015f\u0259si x\u00fcsusunda bit\u0259r\u0259f m\u00f6vqe tutmasayd\u0131, tarixin z\u0259f\u0259rimizin qazan\u0131lmas\u0131 ya ba\u015f tutmazd\u0131, ya da qat-qat \u00e7\u0259tin olard\u0131. \u00c7\u00fcnki Rusiyada, dem\u0259k olar ki, \u0259ks\u0259r sferalarda (siyas\u0259t, iqtisadiyyat, m\u0259d\u0259niyy\u0259t v\u0259 s.) erm\u0259nil\u0259rin ciddi d\u0259st\u0259k\u00e7il\u0259ri vard\u0131 v\u0259 onlar Kreml\u0259 t\u0259zyiq g\u00f6st\u0259rirdil\u0259r ki, h\u0259mi\u015f\u0259ki kimi Erm\u0259nistan\u0131 m\u00fcdafi\u0259 etsin. Ancaq V.Putin \u00f6zl\u0259rini \u0259rk\u00f6y\u00fcn u\u015faq kimi aparan erm\u0259ni liderl\u0259rin fitn\u0259sin\u0259 uyaraq rus \u0259sg\u0259rl\u0259rini erm\u0259ni d\u00f6y\u00fc\u015f\u00e7\u00fcl\u0259rin \u0259v\u0259zin\u0259 s\u0259ng\u0259r\u0259 soxmad\u0131.<\/p>\n<p>Rusiyan\u0131n neytrall\u0131\u011f\u0131 kifay\u0259t etdi ki, biz halal haqq\u0131m\u0131z\u0131 \u0259ld\u0259 ed\u0259k.<\/p>\n<p><strong>\u0130ndi \u0259sas m\u0259s\u0259l\u0259 h\u0259r iki \u00f6lk\u0259 \u00fc\u00e7\u00fcn a\u011f\u0131r v\u0259 a\u011fr\u0131l\u0131 ke\u00e7\u0259n d\u00f6n\u0259mi arxada qoymaqd\u0131r. Rusiyan\u0131n qanl\u0131-qadal\u0131 m\u00fcharib\u0259ni bitirm\u0259sind\u0259n v\u0259 Az\u0259rbaycan\u0131n Erm\u0259nistanla yekun s\u00fclh sazi\u015fi imzalamas\u0131ndan sonra iki d\u00f6vl\u0259t aras\u0131nda h\u0259rt\u0259rfli m\u00fcnasib\u0259tl\u0259r yeni bir m\u0259rh\u0259l\u0259y\u0259 adlayacaq.<\/strong><\/p>\n<p>Haz\u0131rda is\u0259 Rusiyan\u0131n az qala 200 ild\u0259n sonra anlad\u0131\u011f\u0131 v\u0259 \u0259min oldu\u011fu bir ger\u00e7\u0259klik var: Az\u0259rbaycan dar g\u00fcnl\u0259rd\u0259 g\u00fcv\u0259nil\u0259si dostdur; o, x\u0259yan\u0259t\u0259 yuvarlanmaz, arxadan b\u0131\u00e7aq saplamaz, nankorluq etm\u0259z. Dem\u0259k, h\u0259lledici anlarda q\u0131rd\u0131-qa\u00e7d\u0131ql\u0131q ed\u0259nl\u0259rl\u0259 yox, Az\u0259rbaycan kimi etibarl\u0131 t\u0259r\u0259fda\u015flarla yax\u0131n olmaq laz\u0131md\u0131r.<\/p>\n","protected":false},"excerpt":{"rendered":"<p>X\u0259b\u0259r verildiyi kimi, d\u00fcn\u0259n Moskvada Rusiya Federasiyas\u0131n\u0131n Prezidenti Vladimir Putin il\u0259 Az\u0259rbaycan Prezidenti \u0130lham \u018fliyev aras\u0131nda t\u0259kb\u0259t\u0259k g\u00f6r\u00fc\u015f olub. Bu g\u00f6r\u00fc\u015f Baykal-Amur Magistral\u0131n\u0131n (BAM) 50 illik yubileyin\u0259 t\u0259sad\u00fcf etdiyind\u0259n Vladimir Putin Ulu \u00d6nd\u0259r Heyd\u0259r \u018fliyevin vaxtil\u0259 \u201c\u00dcmumittifaq tikintisi\u201d adland\u0131r\u0131lan n\u0259h\u0259ng layih\u0259nin h\u0259yata ke\u00e7irilm\u0259sind\u0259 f\u0259al i\u015ftirak etdiyini v\u0259 onun realla\u015fd\u0131r\u0131lmas\u0131na \u00f6z t\u00f6hf\u0259sini verdiyini qeyd edib. Ulu \u00d6nd\u0259r sovet d\u00f6vl\u0259tinin h\u0259yata ke\u00e7ir\u0259 bil\u0259c\u0259yi tikintinin miqyas\u0131ndan deyil, ilk n\u00f6vb\u0259d\u0259, \u0259n \u00e7\u0259tin \u015f\u0259raitd\u0259, b\u0259z\u0259n daimi donu\u015fluq i\u00e7ind\u0259 olan ke\u00e7ilm\u0259z me\u015f\u0259l\u0259rd\u0259, yolsuzluq \u015f\u0259raitind\u0259 h\u0259yatlar\u0131n\u0131 risk\u0259 atan BAM-\u00e7\u0131lar\u0131n f\u0259dakarl\u0131\u011f\u0131ndan t\u0259sirl\u0259nmi\u015fdi. O da faktd\u0131r ki, BAM-\u0131n tikintisind\u0259&hellip;<\/p>\n","protected":false},"author":2,"featured_media":714389,"comment_status":"closed","ping_status":"closed","sticky":false,"template":"","format":"standard","meta":{"om_disable_all_campaigns":false,"_monsterinsights_skip_tracking":false,"_monsterinsights_sitenote_active":false,"_monsterinsights_sitenote_note":"","_monsterinsights_sitenote_category":0},"categories":[19],"tags":[],"aioseo_notices":[],"gutentor_comment":0,"rttpg_featured_image_url":{"full":["https:\/\/arantv.az\/wp-content\/uploads\/2024\/04\/34eb33f1a85b8170caa692e1fa9c4c3c.jpg",870,500,false],"landscape":["https:\/\/arantv.az\/wp-content\/uploads\/2024\/04\/34eb33f1a85b8170caa692e1fa9c4c3c.jpg",870,500,false],"portraits":["https:\/\/arantv.az\/wp-content\/uploads\/2024\/04\/34eb33f1a85b8170caa692e1fa9c4c3c.jpg",870,500,false],"thumbnail":["https:\/\/arantv.az\/wp-content\/uploads\/2024\/04\/34eb33f1a85b8170caa692e1fa9c4c3c-500x280.jpg",500,280,true],"medium":["https:\/\/arantv.az\/wp-content\/uploads\/2024\/04\/34eb33f1a85b8170caa692e1fa9c4c3c-635x365.jpg",635,365,true],"large":["https:\/\/arantv.az\/wp-content\/uploads\/2024\/04\/34eb33f1a85b8170caa692e1fa9c4c3c-840x483.jpg",640,368,true],"1536x1536":["https:\/\/arantv.az\/wp-content\/uploads\/2024\/04\/34eb33f1a85b8170caa692e1fa9c4c3c.jpg",870,500,false],"2048x2048":["https:\/\/arantv.az\/wp-content\/uploads\/2024\/04\/34eb33f1a85b8170caa692e1fa9c4c3c.jpg",870,500,false],"post-thumbnail":["https:\/\/arantv.az\/wp-content\/uploads\/2024\/04\/34eb33f1a85b8170caa692e1fa9c4c3c-240x172.jpg",240,172,true],"advps-thumb-one":["https:\/\/arantv.az\/wp-content\/uploads\/2024\/04\/34eb33f1a85b8170caa692e1fa9c4c3c.jpg",870,500,false]},"rttpg_author":{"display_name":"V\u00fcsal Rafiqo\u011flu","author_link":"https:\/\/arantv.az\/?author=2"},"rttpg_comment":0,"rttpg_category":"<a href=\"https:\/\/arantv.az\/?cat=19\" rel=\"category\">G\u00fcnd\u0259m<\/a>","rttpg_excerpt":"X\u0259b\u0259r verildiyi kimi, d\u00fcn\u0259n Moskvada Rusiya Federasiyas\u0131n\u0131n Prezidenti Vladimir Putin il\u0259 Az\u0259rbaycan Prezidenti \u0130lham \u018fliyev aras\u0131nda t\u0259kb\u0259t\u0259k g\u00f6r\u00fc\u015f olub. Bu g\u00f6r\u00fc\u015f Baykal-Amur Magistral\u0131n\u0131n (BAM) 50 illik yubileyin\u0259 t\u0259sad\u00fcf etdiyind\u0259n Vladimir Putin Ulu \u00d6nd\u0259r Heyd\u0259r \u018fliyevin vaxtil\u0259 \u201c\u00dcmumittifaq tikintisi\u201d adland\u0131r\u0131lan n\u0259h\u0259ng layih\u0259nin h\u0259yata ke\u00e7irilm\u0259sind\u0259 f\u0259al i\u015ftirak etdiyini v\u0259 onun realla\u015fd\u0131r\u0131lmas\u0131na \u00f6z t\u00f6hf\u0259sini verdiyini qeyd edib. Ulu&hellip;","_links":{"self":[{"href":"https:\/\/arantv.az\/index.php?rest_route=\/wp\/v2\/posts\/714388"}],"collection":[{"href":"https:\/\/arantv.az\/index.php?rest_route=\/wp\/v2\/posts"}],"about":[{"href":"https:\/\/arantv.az\/index.php?rest_route=\/wp\/v2\/types\/post"}],"author":[{"embeddable":true,"href":"https:\/\/arantv.az\/index.php?rest_route=\/wp\/v2\/users\/2"}],"replies":[{"embeddable":true,"href":"https:\/\/arantv.az\/index.php?rest_route=%2Fwp%2Fv2%2Fcomments&post=714388"}],"version-history":[{"count":0,"href":"https:\/\/arantv.az\/index.php?rest_route=\/wp\/v2\/posts\/714388\/revisions"}],"wp:featuredmedia":[{"embeddable":true,"href":"https:\/\/arantv.az\/index.php?rest_route=\/wp\/v2\/media\/714389"}],"wp:attachment":[{"href":"https:\/\/arantv.az\/index.php?rest_route=%2Fwp%2Fv2%2Fmedia&parent=714388"}],"wp:term":[{"taxonomy":"category","embeddable":true,"href":"https:\/\/arantv.az\/index.php?rest_route=%2Fwp%2Fv2%2Fcategories&post=714388"},{"taxonomy":"post_tag","embeddable":true,"href":"https:\/\/arantv.az\/index.php?rest_route=%2Fwp%2Fv2%2Ftags&post=714388"}],"curies":[{"name":"wp","href":"https:\/\/api.w.org\/{rel}","templated":true}]}}