{"id":714394,"date":"2024-04-23T12:40:37","date_gmt":"2024-04-23T08:40:37","guid":{"rendered":"https:\/\/arantv.az\/?p=714394"},"modified":"2024-04-23T12:40:37","modified_gmt":"2024-04-23T08:40:37","slug":"%c9%99min%c9%99-%c9%99rdogandan-23-aprel-paylasimi","status":"publish","type":"post","link":"https:\/\/arantv.az\/?p=714394","title":{"rendered":"\u018fmin\u0259 \u018frdo\u011fandan 23 aprel payla\u015f\u0131m\u0131"},"content":{"rendered":"<h4>T\u00fcrkiy\u0259 Prezidenti R\u0259c\u0259b Tayyib \u018frdo\u011fan\u0131n h\u0259yat yolda\u015f\u0131 \u018fmin\u0259 \u018frdo\u011fan 23 Aprel Milli Suverenlik v\u0259 U\u015faq Bayram\u0131 m\u00fcnasib\u0259ti il\u0259 sosial \u015f\u0259b\u0259k\u0259 s\u0259hif\u0259sind\u0259 payla\u015f\u0131m edib.<\/h4>\n<p><strong>ARANTV.AZ x\u0259b\u0259r verir ki,<\/strong>\u00a0T\u00fcrkiy\u0259nin birinci xan\u0131m\u0131 \u018fmin\u0259 \u018frdo\u011fan\u0131n sosial media hesab\u0131nda payla\u015f\u0131m\u0131 bel\u0259dir:<\/p>\n<p><strong>&#8220;U\u015faqlar\u0131m\u0131z\u0131n g\u00fcl\u0259r g\u00f6zl\u0259rind\u0259 g\u0259l\u0259c\u0259yimizin i\u015f\u0131\u011f\u0131 parlay\u0131r. Bilirik ki, onlar\u0131n h\u0259r biri bu torpaqlarda yeti\u015fdiril\u0259n incidir. Onlar\u0131n a\u011fl\u0131, z\u0259hm\u0259ti v\u0259 v\u0259t\u0259np\u0259rv\u0259rliyi il\u0259 T\u00fcrkiy\u0259 daha b\u00f6y\u00fck zirv\u0259l\u0259r\u0259 \u00e7atacaq. Elmi v\u0259 a\u011fl\u0131 r\u0259hb\u0259r tutaraq s\u00fclh v\u0259 sevgi s\u0259firi olacaqlar\u0131na \u00fcr\u0259kd\u0259n inand\u0131\u011f\u0131m b\u00fct\u00fcn \u00f6vladlar\u0131m\u0131z\u0131n 23 Aprel Milli Suverenlik v\u0259 U\u015faq Bayram\u0131 m\u00fcbar\u0259k olsun.\u201d<\/strong><\/p>\n","protected":false},"excerpt":{"rendered":"<p>T\u00fcrkiy\u0259 Prezidenti R\u0259c\u0259b Tayyib \u018frdo\u011fan\u0131n h\u0259yat yolda\u015f\u0131 \u018fmin\u0259 \u018frdo\u011fan 23 Aprel Milli Suverenlik v\u0259 U\u015faq Bayram\u0131 m\u00fcnasib\u0259ti il\u0259 sosial \u015f\u0259b\u0259k\u0259 s\u0259hif\u0259sind\u0259 payla\u015f\u0131m edib. ARANTV.AZ x\u0259b\u0259r verir ki,\u00a0T\u00fcrkiy\u0259nin birinci xan\u0131m\u0131 \u018fmin\u0259 \u018frdo\u011fan\u0131n sosial media hesab\u0131nda payla\u015f\u0131m\u0131 bel\u0259dir: &#8220;U\u015faqlar\u0131m\u0131z\u0131n g\u00fcl\u0259r g\u00f6zl\u0259rind\u0259 g\u0259l\u0259c\u0259yimizin i\u015f\u0131\u011f\u0131 parlay\u0131r. Bilirik ki, onlar\u0131n h\u0259r biri bu torpaqlarda yeti\u015fdiril\u0259n incidir. Onlar\u0131n a\u011fl\u0131, z\u0259hm\u0259ti v\u0259 v\u0259t\u0259np\u0259rv\u0259rliyi il\u0259 T\u00fcrkiy\u0259 daha b\u00f6y\u00fck zirv\u0259l\u0259r\u0259 \u00e7atacaq. Elmi v\u0259 a\u011fl\u0131 r\u0259hb\u0259r tutaraq s\u00fclh v\u0259 sevgi s\u0259firi olacaqlar\u0131na \u00fcr\u0259kd\u0259n inand\u0131\u011f\u0131m b\u00fct\u00fcn \u00f6vladlar\u0131m\u0131z\u0131n 23 Aprel Milli Suverenlik v\u0259 U\u015faq Bayram\u0131 m\u00fcbar\u0259k olsun.\u201d<\/p>\n","protected":false},"author":2,"featured_media":714395,"comment_status":"closed","ping_status":"closed","sticky":false,"template":"","format":"standard","meta":{"om_disable_all_campaigns":false,"_monsterinsights_skip_tracking":false,"_monsterinsights_sitenote_active":false,"_monsterinsights_sitenote_note":"","_monsterinsights_sitenote_category":0},"categories":[7],"tags":[],"aioseo_notices":[],"gutentor_comment":0,"rttpg_featured_image_url":{"full":["https:\/\/arantv.az\/wp-content\/uploads\/2024\/04\/265c2b6a171386115443452725010428415.jpg",975,540,false],"landscape":["https:\/\/arantv.az\/wp-content\/uploads\/2024\/04\/265c2b6a171386115443452725010428415.jpg",975,540,false],"portraits":["https:\/\/arantv.az\/wp-content\/uploads\/2024\/04\/265c2b6a171386115443452725010428415.jpg",975,540,false],"thumbnail":["https:\/\/arantv.az\/wp-content\/uploads\/2024\/04\/265c2b6a171386115443452725010428415-500x280.jpg",500,280,true],"medium":["https:\/\/arantv.az\/wp-content\/uploads\/2024\/04\/265c2b6a171386115443452725010428415-660x365.jpg",660,365,true],"large":["https:\/\/arantv.az\/wp-content\/uploads\/2024\/04\/265c2b6a171386115443452725010428415-840x465.jpg",640,354,true],"1536x1536":["https:\/\/arantv.az\/wp-content\/uploads\/2024\/04\/265c2b6a171386115443452725010428415.jpg",975,540,false],"2048x2048":["https:\/\/arantv.az\/wp-content\/uploads\/2024\/04\/265c2b6a171386115443452725010428415.jpg",975,540,false],"post-thumbnail":["https:\/\/arantv.az\/wp-content\/uploads\/2024\/04\/265c2b6a171386115443452725010428415-240x172.jpg",240,172,true],"advps-thumb-one":["https:\/\/arantv.az\/wp-content\/uploads\/2024\/04\/265c2b6a171386115443452725010428415.jpg",975,540,false]},"rttpg_author":{"display_name":"V\u00fcsal Rafiqo\u011flu","author_link":"https:\/\/arantv.az\/?author=2"},"rttpg_comment":0,"rttpg_category":"<a href=\"https:\/\/arantv.az\/?cat=7\" rel=\"category\">D\u00fcnya<\/a>","rttpg_excerpt":"T\u00fcrkiy\u0259 Prezidenti R\u0259c\u0259b Tayyib \u018frdo\u011fan\u0131n h\u0259yat yolda\u015f\u0131 \u018fmin\u0259 \u018frdo\u011fan 23 Aprel Milli Suverenlik v\u0259 U\u015faq Bayram\u0131 m\u00fcnasib\u0259ti il\u0259 sosial \u015f\u0259b\u0259k\u0259 s\u0259hif\u0259sind\u0259 payla\u015f\u0131m edib. ARANTV.AZ x\u0259b\u0259r verir ki,\u00a0T\u00fcrkiy\u0259nin birinci xan\u0131m\u0131 \u018fmin\u0259 \u018frdo\u011fan\u0131n sosial media hesab\u0131nda payla\u015f\u0131m\u0131 bel\u0259dir: &#8220;U\u015faqlar\u0131m\u0131z\u0131n g\u00fcl\u0259r g\u00f6zl\u0259rind\u0259 g\u0259l\u0259c\u0259yimizin i\u015f\u0131\u011f\u0131 parlay\u0131r. Bilirik ki, onlar\u0131n h\u0259r biri bu torpaqlarda yeti\u015fdiril\u0259n incidir. Onlar\u0131n a\u011fl\u0131, z\u0259hm\u0259ti v\u0259&hellip;","_links":{"self":[{"href":"https:\/\/arantv.az\/index.php?rest_route=\/wp\/v2\/posts\/714394"}],"collection":[{"href":"https:\/\/arantv.az\/index.php?rest_route=\/wp\/v2\/posts"}],"about":[{"href":"https:\/\/arantv.az\/index.php?rest_route=\/wp\/v2\/types\/post"}],"author":[{"embeddable":true,"href":"https:\/\/arantv.az\/index.php?rest_route=\/wp\/v2\/users\/2"}],"replies":[{"embeddable":true,"href":"https:\/\/arantv.az\/index.php?rest_route=%2Fwp%2Fv2%2Fcomments&post=714394"}],"version-history":[{"count":0,"href":"https:\/\/arantv.az\/index.php?rest_route=\/wp\/v2\/posts\/714394\/revisions"}],"wp:featuredmedia":[{"embeddable":true,"href":"https:\/\/arantv.az\/index.php?rest_route=\/wp\/v2\/media\/714395"}],"wp:attachment":[{"href":"https:\/\/arantv.az\/index.php?rest_route=%2Fwp%2Fv2%2Fmedia&parent=714394"}],"wp:term":[{"taxonomy":"category","embeddable":true,"href":"https:\/\/arantv.az\/index.php?rest_route=%2Fwp%2Fv2%2Fcategories&post=714394"},{"taxonomy":"post_tag","embeddable":true,"href":"https:\/\/arantv.az\/index.php?rest_route=%2Fwp%2Fv2%2Ftags&post=714394"}],"curies":[{"name":"wp","href":"https:\/\/api.w.org\/{rel}","templated":true}]}}