{"id":714397,"date":"2024-04-23T12:41:24","date_gmt":"2024-04-23T08:41:24","guid":{"rendered":"https:\/\/arantv.az\/?p=714397"},"modified":"2024-04-23T12:41:24","modified_gmt":"2024-04-23T08:41:24","slug":"az%c9%99rbaycan-rusiya-%c9%99laq%c9%99l%c9%99ri-inkisaf-etm%c9%99kd%c9%99dir","status":"publish","type":"post","link":"https:\/\/arantv.az\/?p=714397","title":{"rendered":"Az\u0259rbaycan-Rusiya \u0259laq\u0259l\u0259ri inki\u015faf etm\u0259kd\u0259dir"},"content":{"rendered":"<p><em><strong>Prezident \u0130lham \u018fliyevin d\u00fcnya siyas\u0259tind\u0259 \u0259sas s\u00f6z sahibl\u0259rind\u0259n biri olan Rusiyaya s\u0259f\u0259ri regionun g\u0259l\u0259c\u0259k m\u0259nz\u0259r\u0259si, \u00f6lk\u0259mizin daxili v\u0259 xarici siyas\u0259ti bax\u0131m\u0131ndan \u00e7ox \u0259h\u0259miyy\u0259tlidir. Az\u0259rbaycan v\u0259 Rusiya regionda sabitl\u0259\u015fdirici m\u00f6vqe s\u0259rgil\u0259yibl\u0259r v\u0259 t\u0259hl\u00fck\u0259sizliyin qorunmas\u0131nda m\u00fch\u00fcm add\u0131mlar at\u0131blar. H\u0259r iki d\u00f6vl\u0259tin geni\u015fl\u0259n\u0259n \u0259m\u0259kda\u015fl\u0131\u011f\u0131 xalqlar\u0131n v\u0259 d\u00f6vl\u0259tl\u0259rin mara\u011f\u0131na uy\u011fundur. Eyni zamanda, bu, h\u0259m d\u0259 b\u00fct\u00f6vl\u00fckd\u0259 regionda t\u0259hl\u00fck\u0259sizliyin qorunub saxlanmas\u0131na xidm\u0259t edir.<\/strong><\/em><\/p>\n<p>Aprelin 22-d\u0259 Prezident \u0130lham \u018fliyevin Rusiya Federasiyas\u0131n\u0131n Prezidenti Vladimir Putinin d\u0259v\u0259ti il\u0259 Moskvaya i\u015fg\u00fczar s\u0259f\u0259ri \u00f6lk\u0259l\u0259rimiz aras\u0131nda m\u00fcnasib\u0259tl\u0259rin inki\u015faf\u0131na yeni v\u0259 m\u00fch\u00fcm t\u00f6hf\u0259 olub. \u018fvv\u0259lc\u0259 iki d\u00f6vl\u0259t ba\u015f\u00e7\u0131lar\u0131n\u0131n t\u0259kb\u0259t\u0259k g\u00f6r\u00fc\u015f\u00fc ke\u00e7irilib. G\u00f6r\u00fc\u015f zaman\u0131 \u00f6lk\u0259l\u0259rimiz aras\u0131nda iqtisadi-siyasi sah\u0259l\u0259rd\u0259ki \u0259m\u0259kda\u015fl\u0131q \u0259laq\u0259l\u0259rinin m\u00fczakir\u0259si il\u0259 yana\u015f\u0131 h\u0259m d\u0259 bu il 50 illik ybileyi qeyd edil\u0259n Baykal-Amur Magistral\u0131n\u0131n tikintisi v\u0259 bu zaman Ulu \u00d6nd\u0259r Heyd\u0259r \u018fliyevin bu n\u0259h\u0259ng layih\u0259nin \u0259rs\u0259y\u0259 g\u0259lm\u0259sind\u0259 m\u00fch\u00fcm xidm\u0259tl\u0259ri yad olunub.<\/p>\n<p>G\u00fcr\u00fc\u015fd\u0259 Prezident \u0130lham \u018fliyev Az\u0259rbaycan Rusiya il\u0259 \u0259laq\u0259l\u0259rin inki\u015faf\u0131ndan \u00e7ox raz\u0131 oldu\u011funu bildirib. Az\u0259rbaycan d\u00f6vl\u0259tinin ba\u015f\u00e7\u0131s\u0131 vur\u011fulay\u0131b: \u201cBiz \u0259laq\u0259l\u0259rimizin inki\u015faf\u0131ndan \u00e7ox raz\u0131y\u0131q. Art\u0131q iki ild\u0259n \u00e7oxdur ki, 2022-ci ilin fevral\u0131nda burada &#8211; Kremld\u0259 imzalad\u0131\u011f\u0131m\u0131z v\u0259 \u0259sas siyasi s\u0259n\u0259d olan, g\u0259l\u0259c\u0259kd\u0259 m\u00fcnasib\u0259tl\u0259rimizin ard\u0131c\u0131l inki\u015faf\u0131n\u0131 m\u00fc\u0259yy\u0259n ed\u0259n m\u00fctt\u0259fiqlik qar\u015f\u0131l\u0131ql\u0131 f\u0259aliyy\u0259ti haqq\u0131nda B\u0259yannam\u0259 \u00e7\u0259r\u00e7iv\u0259sind\u0259 i\u015fl\u0259yirik\u201d.<\/p>\n<p>S\u0259f\u0259r \u00e7\u0259r\u00e7iv\u0259sind\u0259 Az\u0259rbaycan v\u0259 Rusiya prezidentl\u0259rinin Baykal-Amur Magistral\u0131n\u0131n (BAM) 50 illik yubiley t\u0259dbirind\u0259 i\u015ftirak edibl\u0259r. T\u0259dbird\u0259 h\u0259r iki d\u00f6vl\u0259tin r\u0259hb\u0259rl\u0259ri v\u0259 d\u0259mir yolu sah\u0259sinin veteranlar\u0131 v\u0259 i\u015f\u00e7il\u0259ri,\u00a0 tikintid\u0259 i\u015ftirak ed\u0259n bir s\u0131ra \u015f\u0259xsl\u0259r i\u015ftirak edibl\u0259r. Bu yubiley t\u0259dbiri BAM-\u0131n tikintisi m\u0259s\u0259l\u0259l\u0259ri \u00fczr\u0259 daimi komissiyas\u0131n\u0131n r\u0259hb\u0259ri kimi bu n\u0259h\u0259ng layih\u0259nin realla\u015fd\u0131r\u0131lmas\u0131nda m\u00fcst\u0259sna xidm\u0259tl\u0259ri olan Ulu \u00d6nd\u0259r Heyd\u0259r \u018fliyevin xatir\u0259sin\u0259 v\u0259 n\u00fcmun\u0259vi f\u0259aliyy\u0259tin\u0259 g\u00f6st\u0259ril\u0259n y\u00fcks\u0259k ehtiram\u0131n daha bir ifad\u0259sidir.<\/p>\n<p>Az\u0259rbaycan Prezidenti \u0130lham \u018fliyev Baykal-Amur Magistral\u0131n\u0131n (BAM) 50 illik yubileyi m\u00fcnasib\u0259til\u0259 d\u0259mir yolu sah\u0259sinin veteranlar\u0131 v\u0259 i\u015f\u00e7il\u0259ri il\u0259 birg\u0259 g\u00f6r\u00fc\u015fd\u0259 Ulu \u00d6nd\u0259r Heyd\u0259r \u018fliyevin xatir\u0259sin\u0259 g\u00f6st\u0259rdiyi ehtirama g\u00f6r\u0259 Rusiya Prezidenti Vladimir Putin\u0259 minn\u0259tdarl\u0131\u011f\u0131n\u0131 bildirib. Az\u0259rbaycan d\u00f6vl\u0259tinin ba\u015f\u00e7\u0131s\u0131 deyib: \u201c\u018flb\u0259tt\u0259, Heyd\u0259r \u018flirza o\u011flu \u018fliyevin xatir\u0259sin\u0259 ehtiramla yana\u015fd\u0131\u011f\u0131na g\u00f6r\u0259 Vladimir Vladimirovi\u00e7 Putin\u0259 x\u00fcsusi t\u0259\u015f\u0259kk\u00fcr s\u00f6zl\u0259ri ifad\u0259 edir\u0259m. Biz yax\u015f\u0131 bilirik ki, 2000-ci ill\u0259rin \u0259vv\u0259ll\u0259rind\u0259 \u00f6lk\u0259l\u0259rimiz aras\u0131nda dostluq, mehriban qon\u015fuluq m\u00fcnasib\u0259tl\u0259rinin \u0259sas\u0131n\u0131 m\u0259hz Vladimir Vladimirovi\u00e7 Putin v\u0259 Heyd\u0259r \u018flirza o\u011flu \u018fliyev qoyublar. 2001-ci ild\u0259 Vladimir Vladimirovi\u00e7 Putin Az\u0259rbaycana s\u0259f\u0259r etdi v\u0259 bu, bizim birlikd\u0259 ke\u00e7diyimiz uzun bir yolun ba\u015flan\u011f\u0131c\u0131 oldu\u201d.<\/p>\n<p>Qeyd edilm\u0259lidir ki, bu g\u00fcn Rusiya Federasiyas\u0131n\u0131n iqtisadi inki\u015faf\u0131nda \u0259h\u0259miyy\u0259tli rol oynayan Sibir v\u0259 Uzaq \u015e\u0259rqin t\u0259bii resurslar\u0131 m\u0259hz bu d\u0259mir yolu il\u0259 m\u0259rk\u0259zi v\u0259 Q\u0259rbi Rusiyaya, el\u0259c\u0259 d\u0259 xarici d\u00f6vl\u0259tl\u0259r\u0259 ixrac edilir. Rusiyan\u0131n \u0259sas neft-qaz yataqlar\u0131, me\u015f\u0259 v\u0259 bal\u0131q\u00e7\u0131l\u0131q, heyvandarl\u0131q t\u0259s\u0259rr\u00fcfatlar\u0131 bu magistral boyunca yerl\u0259\u015fir ki, bunlar\u0131n da da\u015f\u0131nmas\u0131nda, ixrac\u0131nda, el\u0259c\u0259 d\u0259 yerli xalqlar\u0131n maliyy\u0259 v\u0259 sosial v\u0259ziyy\u0259tinin inki\u015faf\u0131nda BAM \u00e7ox b\u00f6y\u00fck rola malikdir. Bu magistralla ild\u0259 t\u0259xmin\u0259n 180 milyon ton y\u00fck da\u015f\u0131n\u0131r. Rusiyan\u0131n vaxtil\u0259 insan aya\u011f\u0131 d\u0259ym\u0259y\u0259n, ucu-buca\u011f\u0131 g\u00f6r\u00fcnm\u0259y\u0259n \u0259yal\u0259tl\u0259rind\u0259 BAM hesab\u0131na bu g\u00fcn m\u00fcasir \u015f\u0259h\u0259rl\u0259r yarad\u0131l\u0131b. Bu yol Rusiyan\u0131n tranzit sah\u0259sind\u0259 d\u0259 inki\u015faf\u0131na b\u00f6y\u00fck t\u0259kan verib. \u00c7in, Koreya Respublikas\u0131, Vyetnam, Hindistan v\u0259 dig\u0259r c\u0259nub \u015e\u0259rqi Asiya v\u0259 Orta Asiya d\u00f6vl\u0259tl\u0259ri Avropa il\u0259 ticar\u0259t \u0259laq\u0259l\u0259rini m\u0259hz BAM vasit\u0259si il\u0259 qurublar. Rusiya m\u0259tbuat\u0131n\u0131n yazd\u0131\u011f\u0131na g\u00f6r\u0259, 2030-cu il\u0259d\u0259k BAM daha 3,5 min kilometr uzad\u0131lacaq, yeni stansiyalar tikil\u0259c\u0259k.<\/p>\n<p>1969-1982-ci ill\u0259rd\u0259 Az\u0259rbaycana u\u011furla r\u0259hb\u0259rlik ed\u0259n, y\u00fcks\u0259k t\u0259\u015fkilat\u00e7\u0131l\u0131q qabiliyy\u0259ti v\u0259 c\u0259sar\u0259tli ideyalar\u0131 il\u0259 b\u00fct\u00fcn SSR\u0130 m\u0259kan\u0131nda tan\u0131nan Heyd\u0259r \u018fliyevin 1982-ci il noyabr\u0131n 22-d\u0259 Sovet \u0130ttifaq\u0131 Kommunist Partiyas\u0131 M\u0259rk\u0259zi Komit\u0259sinin Siyasi B\u00fcrosunun \u00fczv\u00fc se\u00e7ilm\u0259si v\u0259 noyabr\u0131n 24-d\u0259 SSR\u0130 Nazirl\u0259r Soveti s\u0259drinin birinci m\u00fcavini t\u0259yin edildi. M\u0259hz h\u0259min m\u00fch\u00fcm v\u0259zif\u0259d\u0259 \u00e7al\u0131\u015fd\u0131\u011f\u0131 d\u00f6vrd\u0259 SSR\u0130-d\u0259 \u0259n m\u00fch\u00fcm v\u0259 \u00e7\u0259tin layih\u0259l\u0259r\u0259 r\u0259hb\u0259rliyin bilavasit\u0259 \u00dcmummilli Lider Heyd\u0259r \u018fliyev\u0259 h\u0259val\u0259 olunmas\u0131 dahi \u015f\u0259xsiyy\u0259tin liderlik, idar\u0259\u00e7ilik v\u0259 t\u0259\u015fkilat\u00e7\u0131l\u0131q qabiliyy\u0259tinin geni\u015f \u015f\u00f6hr\u0259t tapmas\u0131n\u0131n g\u00f6st\u0259ricisi idi. H\u0259min d\u00f6vrd\u0259 \u00dcmummilli Lider Heyd\u0259r \u018fliyev Baykal-Amur Magistral\u0131n\u0131n h\u0259yata ke\u00e7m\u0259sin\u0259 d\u0259st\u0259k ver\u0259n Siyasi B\u00fcro \u00fczvl\u0259rind\u0259n biri idi. Sovet \u0130ttifaq\u0131nda n\u0259qliyyat sisteminin inki\u015faf\u0131na x\u00fcsusi diqq\u0259t yetir\u0259n \u00a0SSR\u0130 Nazirl\u0259r Soveti s\u0259drinin birinci m\u00fcavini Heyd\u0259r \u018fliyevin 1984-c\u00fc ild\u0259 magistral boyunca 10 g\u00fcnl\u00fck s\u0259f\u0259r etm\u0259si il\u0259 BAM-\u0131n tikintisind\u0259 ciddi d\u00f6n\u00fc\u015f yarand\u0131.<\/p>\n<p>Qeyd edilm\u0259lidir ki, \u00dcmummilli Lider Heyd\u0259r \u018fliyevin Az\u0259rbaycanda siyasi hakimiyy\u0259t\u0259 qay\u0131d\u0131\u015f\u0131ndan sonra \u00f6lk\u0259l\u0259rimiz aras\u0131nda m\u00fcnasib\u0259tl\u0259rin \u0259n y\u00fcks\u0259k s\u0259viyy\u0259d\u0259 inki\u015faf etdirilm\u0259sin\u0259 ba\u015flan\u0131l\u0131b. 2002-ci ilin yanvar\u0131nda Ulu \u00d6nd\u0259r Heyd\u0259r \u018fliyevin Rusiyaya d\u00f6vl\u0259t s\u0259f\u0259ri is\u0259 iki qon\u015fu d\u00f6vl\u0259t aras\u0131nda m\u00fcnasib\u0259tl\u0259rd\u0259 tamamil\u0259 yeni m\u0259rh\u0259l\u0259nin \u0259sas\u0131n\u0131 qoyub.<\/p>\n<p>Ulu \u00d6nd\u0259r Heyd\u0259r \u018fliyevin balansla\u015fd\u0131r\u0131lm\u0131\u015f xarici siyas\u0259t strategiyas\u0131n\u0131 u\u011furla davam etdir\u0259n Prezident \u0130lham \u018fliyev d\u0259 Rusiya il\u0259 ikit\u0259r\u0259fli \u0259laq\u0259l\u0259rin geni\u015fl\u0259ndirilm\u0259sini vacib amil kimi diqq\u0259t m\u0259rk\u0259zind\u0259 saxlay\u0131r. D\u00f6vl\u0259timizin ba\u015f\u00e7\u0131s\u0131n\u0131n Rusiyaya ard\u0131c\u0131l r\u0259smi s\u0259f\u0259rl\u0259ri Az\u0259rbaycan\u0131n \u015fimal qon\u015fumuzla dostluq v\u0259 t\u0259r\u0259fda\u015fl\u0131q \u0259laq\u0259l\u0259rinin inki\u015faf\u0131na verdiyi \u00f6n\u0259mi t\u0259sdiql\u0259yir. X\u00fcsusi vur\u011fulanmal\u0131d\u0131r ki, SSR\u0130-nin s\u00fcqutundan sonra Rusiya il\u0259 Az\u0259rbaycan aras\u0131nda m\u00fcnasib\u0259tl\u0259r he\u00e7 zaman indiki kimi y\u00fcks\u0259k s\u0259viyy\u0259d\u0259 olmay\u0131b. G\u00f6r\u00fcnd\u00fcy\u00fc kimi, haz\u0131rda h\u0259r iki \u00f6lk\u0259 aras\u0131nda b\u00fct\u00fcn sah\u0259l\u0259rd\u0259 y\u00fcks\u0259k s\u0259viyy\u0259li m\u00fcnasib\u0259tl\u0259r m\u00f6vcuddur. Az\u0259rbaycan r\u0259smil\u0259rinin Rusiyaya, h\u0259m d\u0259 Rusiya r\u0259smil\u0259rinin \u00f6lk\u0259miz\u0259 s\u0259f\u0259rl\u0259ri bunun bariz s\u00fcbutudur. He\u00e7 \u015f\u00fcbh\u0259siz ki, 2024-cu il Az\u0259rbaycan-Rusiya m\u00fcnasib\u0259tl\u0259rinin inki\u015faf\u0131nda daha m\u0259hsuldar bir il kimi yadda qalacaq.<\/p>\n<p>Prezident \u0130lham \u018fliyevin Rusiya Federasiyas\u0131na r\u0259smi s\u0259f\u0259ri ikit\u0259r\u0259fli \u0259laq\u0259l\u0259rin y\u00fcks\u0259k s\u0259viyy\u0259d\u0259 olmas\u0131n\u0131n daha bir bariz s\u00fcbutudur. Bu s\u0259f\u0259r regionun g\u0259l\u0259c\u0259k m\u0259nz\u0259r\u0259si, \u00f6lk\u0259mizin daxili v\u0259 xarici siyas\u0259ti bax\u0131m\u0131ndan \u00e7ox b\u00f6y\u00fck \u0259h\u0259miyy\u0259t\u0259 malikdir. D\u00fcnya siyas\u0259tind\u0259 \u0259sas s\u00f6z sahibl\u0259rind\u0259n biri olan Rusiya il\u0259 haz\u0131rda da m\u00fcnasib\u0259tl\u0259rimizin inki\u015faf\u0131n\u0131n d\u00f6nm\u0259z, dayan\u0131ql\u0131 v\u0259 davaml\u0131 \u0259saslara s\u00f6yk\u0259nm\u0259si bunu bir daha s\u00fcbut edir.<\/p>\n<p><img src=\"https:\/\/ikisahil.az\/upload\/\/2022\/11\/04\/\/-df0e09d6166753660685957461710761132.jpeg\" alt=\"\" \/><\/p>\n<p><strong>\u0130srafil K\u0259rimov,<\/strong><br \/>\n<em>Az\u0259rbaycan Jurnalistl\u0259r Birliyinin \u00fczv\u00fc<\/em><\/p>\n","protected":false},"excerpt":{"rendered":"<p>Prezident \u0130lham \u018fliyevin d\u00fcnya siyas\u0259tind\u0259 \u0259sas s\u00f6z sahibl\u0259rind\u0259n biri olan Rusiyaya s\u0259f\u0259ri regionun g\u0259l\u0259c\u0259k m\u0259nz\u0259r\u0259si, \u00f6lk\u0259mizin daxili v\u0259 xarici siyas\u0259ti bax\u0131m\u0131ndan \u00e7ox \u0259h\u0259miyy\u0259tlidir. Az\u0259rbaycan v\u0259 Rusiya regionda sabitl\u0259\u015fdirici m\u00f6vqe s\u0259rgil\u0259yibl\u0259r v\u0259 t\u0259hl\u00fck\u0259sizliyin qorunmas\u0131nda m\u00fch\u00fcm add\u0131mlar at\u0131blar. H\u0259r iki d\u00f6vl\u0259tin geni\u015fl\u0259n\u0259n \u0259m\u0259kda\u015fl\u0131\u011f\u0131 xalqlar\u0131n v\u0259 d\u00f6vl\u0259tl\u0259rin mara\u011f\u0131na uy\u011fundur. Eyni zamanda, bu, h\u0259m d\u0259 b\u00fct\u00f6vl\u00fckd\u0259 regionda t\u0259hl\u00fck\u0259sizliyin qorunub saxlanmas\u0131na xidm\u0259t edir. Aprelin 22-d\u0259 Prezident \u0130lham \u018fliyevin Rusiya Federasiyas\u0131n\u0131n Prezidenti Vladimir Putinin d\u0259v\u0259ti il\u0259 Moskvaya i\u015fg\u00fczar s\u0259f\u0259ri \u00f6lk\u0259l\u0259rimiz aras\u0131nda m\u00fcnasib\u0259tl\u0259rin inki\u015faf\u0131na yeni v\u0259 m\u00fch\u00fcm t\u00f6hf\u0259 olub. \u018fvv\u0259lc\u0259 iki d\u00f6vl\u0259t ba\u015f\u00e7\u0131lar\u0131n\u0131n t\u0259kb\u0259t\u0259k g\u00f6r\u00fc\u015f\u00fc ke\u00e7irilib. G\u00f6r\u00fc\u015f&hellip;<\/p>\n","protected":false},"author":2,"featured_media":714398,"comment_status":"closed","ping_status":"closed","sticky":false,"template":"","format":"standard","meta":{"om_disable_all_campaigns":false,"_monsterinsights_skip_tracking":false,"_monsterinsights_sitenote_active":false,"_monsterinsights_sitenote_note":"","_monsterinsights_sitenote_category":0},"categories":[19],"tags":[],"aioseo_notices":[],"gutentor_comment":0,"rttpg_featured_image_url":{"full":["https:\/\/arantv.az\/wp-content\/uploads\/2024\/04\/7990ec4417138601515631794041094118.jpg",975,540,false],"landscape":["https:\/\/arantv.az\/wp-content\/uploads\/2024\/04\/7990ec4417138601515631794041094118.jpg",975,540,false],"portraits":["https:\/\/arantv.az\/wp-content\/uploads\/2024\/04\/7990ec4417138601515631794041094118.jpg",975,540,false],"thumbnail":["https:\/\/arantv.az\/wp-content\/uploads\/2024\/04\/7990ec4417138601515631794041094118-500x280.jpg",500,280,true],"medium":["https:\/\/arantv.az\/wp-content\/uploads\/2024\/04\/7990ec4417138601515631794041094118-660x365.jpg",660,365,true],"large":["https:\/\/arantv.az\/wp-content\/uploads\/2024\/04\/7990ec4417138601515631794041094118-840x465.jpg",640,354,true],"1536x1536":["https:\/\/arantv.az\/wp-content\/uploads\/2024\/04\/7990ec4417138601515631794041094118.jpg",975,540,false],"2048x2048":["https:\/\/arantv.az\/wp-content\/uploads\/2024\/04\/7990ec4417138601515631794041094118.jpg",975,540,false],"post-thumbnail":["https:\/\/arantv.az\/wp-content\/uploads\/2024\/04\/7990ec4417138601515631794041094118-240x172.jpg",240,172,true],"advps-thumb-one":["https:\/\/arantv.az\/wp-content\/uploads\/2024\/04\/7990ec4417138601515631794041094118.jpg",975,540,false]},"rttpg_author":{"display_name":"V\u00fcsal Rafiqo\u011flu","author_link":"https:\/\/arantv.az\/?author=2"},"rttpg_comment":0,"rttpg_category":"<a href=\"https:\/\/arantv.az\/?cat=19\" rel=\"category\">G\u00fcnd\u0259m<\/a>","rttpg_excerpt":"Prezident \u0130lham \u018fliyevin d\u00fcnya siyas\u0259tind\u0259 \u0259sas s\u00f6z sahibl\u0259rind\u0259n biri olan Rusiyaya s\u0259f\u0259ri regionun g\u0259l\u0259c\u0259k m\u0259nz\u0259r\u0259si, \u00f6lk\u0259mizin daxili v\u0259 xarici siyas\u0259ti bax\u0131m\u0131ndan \u00e7ox \u0259h\u0259miyy\u0259tlidir. Az\u0259rbaycan v\u0259 Rusiya regionda sabitl\u0259\u015fdirici m\u00f6vqe s\u0259rgil\u0259yibl\u0259r v\u0259 t\u0259hl\u00fck\u0259sizliyin qorunmas\u0131nda m\u00fch\u00fcm add\u0131mlar at\u0131blar. H\u0259r iki d\u00f6vl\u0259tin geni\u015fl\u0259n\u0259n \u0259m\u0259kda\u015fl\u0131\u011f\u0131 xalqlar\u0131n v\u0259 d\u00f6vl\u0259tl\u0259rin mara\u011f\u0131na uy\u011fundur. Eyni zamanda, bu, h\u0259m d\u0259 b\u00fct\u00f6vl\u00fckd\u0259 regionda t\u0259hl\u00fck\u0259sizliyin qorunub&hellip;","_links":{"self":[{"href":"https:\/\/arantv.az\/index.php?rest_route=\/wp\/v2\/posts\/714397"}],"collection":[{"href":"https:\/\/arantv.az\/index.php?rest_route=\/wp\/v2\/posts"}],"about":[{"href":"https:\/\/arantv.az\/index.php?rest_route=\/wp\/v2\/types\/post"}],"author":[{"embeddable":true,"href":"https:\/\/arantv.az\/index.php?rest_route=\/wp\/v2\/users\/2"}],"replies":[{"embeddable":true,"href":"https:\/\/arantv.az\/index.php?rest_route=%2Fwp%2Fv2%2Fcomments&post=714397"}],"version-history":[{"count":0,"href":"https:\/\/arantv.az\/index.php?rest_route=\/wp\/v2\/posts\/714397\/revisions"}],"wp:featuredmedia":[{"embeddable":true,"href":"https:\/\/arantv.az\/index.php?rest_route=\/wp\/v2\/media\/714398"}],"wp:attachment":[{"href":"https:\/\/arantv.az\/index.php?rest_route=%2Fwp%2Fv2%2Fmedia&parent=714397"}],"wp:term":[{"taxonomy":"category","embeddable":true,"href":"https:\/\/arantv.az\/index.php?rest_route=%2Fwp%2Fv2%2Fcategories&post=714397"},{"taxonomy":"post_tag","embeddable":true,"href":"https:\/\/arantv.az\/index.php?rest_route=%2Fwp%2Fv2%2Ftags&post=714397"}],"curies":[{"name":"wp","href":"https:\/\/api.w.org\/{rel}","templated":true}]}}