{"id":714426,"date":"2024-04-23T13:01:57","date_gmt":"2024-04-23T09:01:57","guid":{"rendered":"https:\/\/arantv.az\/?p=714426"},"modified":"2024-04-23T13:01:57","modified_gmt":"2024-04-23T09:01:57","slug":"agentlik-s%c9%99dri-erm%c9%99nistan-revansist-dusunc%c9%99sind%c9%99n-%c9%99l-c%c9%99km%c9%99lidir-foto","status":"publish","type":"post","link":"https:\/\/arantv.az\/?p=714426","title":{"rendered":"Agentlik s\u0259dri: \u201cErm\u0259nistan revan\u015fist d\u00fc\u015f\u00fcnc\u0259sind\u0259n \u0259l \u00e7\u0259km\u0259lidir\u201d &#8211; FOTO"},"content":{"rendered":"<p>\u201cErm\u0259nistan revan\u015fist d\u00fc\u015f\u00fcnc\u0259sind\u0259n \u0259l \u00e7\u0259km\u0259li, Az\u0259rbaycan\u0131n t\u0259klif etdiyi s\u00fclh\u00fc d\u0259y\u0259rl\u0259ndirm\u0259lidir\u201d.<\/p>\n<p>\u201cReport\u201d\u00a0x\u0259b\u0259r verir ki, bunu \u018fqli M\u00fclkiyy\u0259t Agentliyi \u0130dar\u0259 Hey\u0259tinin s\u0259dri Kamran \u0130manov \u201cQ\u0259dim m\u0259tnl\u0259r v\u0259 klassik m\u0259nb\u0259l\u0259r erm\u0259ni saxtakarl\u0131qlar\u0131n\u0131 v\u0259 uydurmalar\u0131 if\u015fa edir v\u0259 ya Q\u0259rbi Az\u0259rbaycan torpaqlar\u0131 n\u0259d\u0259n b\u0259hs edir\u201d adl\u0131 konfransda deyib.<\/p>\n<p>Onun s\u00f6zl\u0259rin\u0259 g\u00f6r\u0259, kapitulyasiya akt\u0131n\u0131 imzalayan Erm\u0259nistan r\u0259hb\u0259rl\u0259ri v\u0259 Qaraba\u011fdan qovulmu\u015f separat\u00e7\u0131 qal\u0131qlar\u0131 haz\u0131rda a\u011fa axtar\u0131\u015f\u0131ndad\u0131r, gah nala vururlar, gah m\u0131xa:<\/p>\n<p>\u201cC\u0259nubi Qafqazda \u0259min-amanl\u0131\u011fa aparan yol s\u00fclh sazi\u015fidir. Erm\u0259nistan r\u0259hb\u0259rliyi s\u0259rb\u0259st siyas\u0259t y\u00fcr\u00fctm\u0259k qabiliyy\u0259tin\u0259 malik olmad\u0131\u011f\u0131ndan xarici q\u00fcvv\u0259l\u0259rin t\u0259siri il\u0259 onlar\u0131n dedikl\u0259rini h\u0259yata ke\u00e7irir. Bu da C\u0259nubi Qafqazda sabitliyin m\u00f6hk\u0259ml\u0259nm\u0259sin\u0259, s\u00fclh\u00fcn b\u0259rpa edilm\u0259sin\u0259 z\u0259rb\u0259dir. Az\u0259rbaycans\u0131z ba\u015f tutan ist\u0259nil\u0259n g\u00f6r\u00fc\u015f\u00fcn is\u0259 m\u00fcsb\u0259t b\u0259hr\u0259l\u0259r verm\u0259si \u00e7\u0259tindir. \u018fksin\u0259, Erm\u0259nistan\u0131 silahland\u0131rmaq, \u0259lav\u0259 v\u0259sait verm\u0259k regionda yeni m\u00fcnaqi\u015f\u0259l\u0259r yaratma\u011fa yol a\u00e7\u0131r. Ona g\u00f6r\u0259 d\u0259 r\u0259smi \u0130r\u0259van revan\u015fist d\u00fc\u015f\u00fcnc\u0259sind\u0259n \u0259l \u00e7\u0259km\u0259lidir, Az\u0259rbaycan\u0131n t\u0259klif etdiyi s\u00fclh\u00fc d\u0259y\u0259rl\u0259ndirm\u0259lidir, Q\u0259rb is\u0259 regionda g\u0259rginliyin yarad\u0131lmas\u0131nda maraql\u0131 olmamal\u0131d\u0131r\u201d.<\/p>\n<p><img src=\"https:\/\/cdn.oxu.az\/uploads\/W1siZiIsIjIwMjQvMDQvMjMvMTIvMjEvMDkvMWQ3MzVkNzEtOWVjMy00NWY3LWE1OTAtMGZjY2U4YjU5N2IyL2RRYzRmbW9PeUs4aHl6RHhFSklMem1nemJYT21FMXRsSlBsSkd6QmEuanBnIl0sWyJwIiwiZW5jb2RlIiwianBnIiwiLXF1YWxpdHkgODAiXSxbInAiLCJ0aHVtYiIsIjU5MHg1OTBcdTAwM2UiXV0?sha=453c39661de07e15\" alt=\"\" \/><img src=\"https:\/\/cdn.oxu.az\/uploads\/W1siZiIsIjIwMjQvMDQvMjMvMTIvMjEvMDkvOTUyMzJkMmMtNTEyNC00MmRiLWIwY2UtZjExZGMyOWEzZGM2L2FqdkNHMnpSZTJXOFhYZ0pmNXBlZTN5T3E2d2UxY0VTdnB2dXRYdlIuanBnIl0sWyJwIiwiZW5jb2RlIiwianBnIiwiLXF1YWxpdHkgODAiXSxbInAiLCJ0aHVtYiIsIjU5MHg1OTBcdTAwM2UiXV0?sha=0cb053b7e88c71b4\" alt=\"\" \/><img src=\"https:\/\/cdn.oxu.az\/uploads\/W1siZiIsIjIwMjQvMDQvMjMvMTIvMjEvMDkvMmE1NmYyZGYtZDUwNi00YWUyLTk5ZWEtNjEzMTM1NTZmMjg2L2Q4N0pFZktFR2p2bEtkT0k0anJZT1BVUERTN1V6cWIzb2pQZEpJa20uanBnIl0sWyJwIiwiZW5jb2RlIiwianBnIiwiLXF1YWxpdHkgODAiXSxbInAiLCJ0aHVtYiIsIjU5MHg1OTBcdTAwM2UiXV0?sha=02e81bf849efa610\" alt=\"\" \/><\/p>\n","protected":false},"excerpt":{"rendered":"<p>\u201cErm\u0259nistan revan\u015fist d\u00fc\u015f\u00fcnc\u0259sind\u0259n \u0259l \u00e7\u0259km\u0259li, Az\u0259rbaycan\u0131n t\u0259klif etdiyi s\u00fclh\u00fc d\u0259y\u0259rl\u0259ndirm\u0259lidir\u201d. \u201cReport\u201d\u00a0x\u0259b\u0259r verir ki, bunu \u018fqli M\u00fclkiyy\u0259t Agentliyi \u0130dar\u0259 Hey\u0259tinin s\u0259dri Kamran \u0130manov \u201cQ\u0259dim m\u0259tnl\u0259r v\u0259 klassik m\u0259nb\u0259l\u0259r erm\u0259ni saxtakarl\u0131qlar\u0131n\u0131 v\u0259 uydurmalar\u0131 if\u015fa edir v\u0259 ya Q\u0259rbi Az\u0259rbaycan torpaqlar\u0131 n\u0259d\u0259n b\u0259hs edir\u201d adl\u0131 konfransda deyib. Onun s\u00f6zl\u0259rin\u0259 g\u00f6r\u0259, kapitulyasiya akt\u0131n\u0131 imzalayan Erm\u0259nistan r\u0259hb\u0259rl\u0259ri v\u0259 Qaraba\u011fdan qovulmu\u015f separat\u00e7\u0131 qal\u0131qlar\u0131 haz\u0131rda a\u011fa axtar\u0131\u015f\u0131ndad\u0131r, gah nala vururlar, gah m\u0131xa: \u201cC\u0259nubi Qafqazda \u0259min-amanl\u0131\u011fa aparan yol s\u00fclh sazi\u015fidir. Erm\u0259nistan r\u0259hb\u0259rliyi s\u0259rb\u0259st siyas\u0259t y\u00fcr\u00fctm\u0259k qabiliyy\u0259tin\u0259 malik olmad\u0131\u011f\u0131ndan xarici q\u00fcvv\u0259l\u0259rin t\u0259siri il\u0259 onlar\u0131n dedikl\u0259rini h\u0259yata ke\u00e7irir. Bu da&hellip;<\/p>\n","protected":false},"author":2,"featured_media":714427,"comment_status":"closed","ping_status":"closed","sticky":false,"template":"","format":"standard","meta":{"om_disable_all_campaigns":false,"_monsterinsights_skip_tracking":false,"_monsterinsights_sitenote_active":false,"_monsterinsights_sitenote_note":"","_monsterinsights_sitenote_category":0},"categories":[4],"tags":[],"aioseo_notices":[],"gutentor_comment":0,"rttpg_featured_image_url":{"full":["https:\/\/arantv.az\/wp-content\/uploads\/2024\/04\/images-23.jpg",284,177,false],"landscape":["https:\/\/arantv.az\/wp-content\/uploads\/2024\/04\/images-23.jpg",284,177,false],"portraits":["https:\/\/arantv.az\/wp-content\/uploads\/2024\/04\/images-23.jpg",284,177,false],"thumbnail":["https:\/\/arantv.az\/wp-content\/uploads\/2024\/04\/images-23.jpg",284,177,false],"medium":["https:\/\/arantv.az\/wp-content\/uploads\/2024\/04\/images-23.jpg",284,177,false],"large":["https:\/\/arantv.az\/wp-content\/uploads\/2024\/04\/images-23.jpg",284,177,false],"1536x1536":["https:\/\/arantv.az\/wp-content\/uploads\/2024\/04\/images-23.jpg",284,177,false],"2048x2048":["https:\/\/arantv.az\/wp-content\/uploads\/2024\/04\/images-23.jpg",284,177,false],"post-thumbnail":["https:\/\/arantv.az\/wp-content\/uploads\/2024\/04\/images-23-240x172.jpg",240,172,true],"advps-thumb-one":["https:\/\/arantv.az\/wp-content\/uploads\/2024\/04\/images-23.jpg",284,177,false]},"rttpg_author":{"display_name":"V\u00fcsal Rafiqo\u011flu","author_link":"https:\/\/arantv.az\/?author=2"},"rttpg_comment":0,"rttpg_category":"<a href=\"https:\/\/arantv.az\/?cat=4\" rel=\"category\">Siyas\u0259t<\/a>","rttpg_excerpt":"\u201cErm\u0259nistan revan\u015fist d\u00fc\u015f\u00fcnc\u0259sind\u0259n \u0259l \u00e7\u0259km\u0259li, Az\u0259rbaycan\u0131n t\u0259klif etdiyi s\u00fclh\u00fc d\u0259y\u0259rl\u0259ndirm\u0259lidir\u201d. \u201cReport\u201d\u00a0x\u0259b\u0259r verir ki, bunu \u018fqli M\u00fclkiyy\u0259t Agentliyi \u0130dar\u0259 Hey\u0259tinin s\u0259dri Kamran \u0130manov \u201cQ\u0259dim m\u0259tnl\u0259r v\u0259 klassik m\u0259nb\u0259l\u0259r erm\u0259ni saxtakarl\u0131qlar\u0131n\u0131 v\u0259 uydurmalar\u0131 if\u015fa edir v\u0259 ya Q\u0259rbi Az\u0259rbaycan torpaqlar\u0131 n\u0259d\u0259n b\u0259hs edir\u201d adl\u0131 konfransda deyib. Onun s\u00f6zl\u0259rin\u0259 g\u00f6r\u0259, kapitulyasiya akt\u0131n\u0131 imzalayan Erm\u0259nistan r\u0259hb\u0259rl\u0259ri v\u0259 Qaraba\u011fdan qovulmu\u015f&hellip;","_links":{"self":[{"href":"https:\/\/arantv.az\/index.php?rest_route=\/wp\/v2\/posts\/714426"}],"collection":[{"href":"https:\/\/arantv.az\/index.php?rest_route=\/wp\/v2\/posts"}],"about":[{"href":"https:\/\/arantv.az\/index.php?rest_route=\/wp\/v2\/types\/post"}],"author":[{"embeddable":true,"href":"https:\/\/arantv.az\/index.php?rest_route=\/wp\/v2\/users\/2"}],"replies":[{"embeddable":true,"href":"https:\/\/arantv.az\/index.php?rest_route=%2Fwp%2Fv2%2Fcomments&post=714426"}],"version-history":[{"count":0,"href":"https:\/\/arantv.az\/index.php?rest_route=\/wp\/v2\/posts\/714426\/revisions"}],"wp:featuredmedia":[{"embeddable":true,"href":"https:\/\/arantv.az\/index.php?rest_route=\/wp\/v2\/media\/714427"}],"wp:attachment":[{"href":"https:\/\/arantv.az\/index.php?rest_route=%2Fwp%2Fv2%2Fmedia&parent=714426"}],"wp:term":[{"taxonomy":"category","embeddable":true,"href":"https:\/\/arantv.az\/index.php?rest_route=%2Fwp%2Fv2%2Fcategories&post=714426"},{"taxonomy":"post_tag","embeddable":true,"href":"https:\/\/arantv.az\/index.php?rest_route=%2Fwp%2Fv2%2Ftags&post=714426"}],"curies":[{"name":"wp","href":"https:\/\/api.w.org\/{rel}","templated":true}]}}