{"id":714429,"date":"2024-04-23T13:03:13","date_gmt":"2024-04-23T09:03:13","guid":{"rendered":"https:\/\/arantv.az\/?p=714429"},"modified":"2024-04-23T13:03:13","modified_gmt":"2024-04-23T09:03:13","slug":"elnur-m%c9%99mm%c9%99dov-az%c9%99rbaycan-b%c9%99m-d%c9%99-erm%c9%99nistanin-iddialarinin-r%c9%99dd-edil%c9%99c%c9%99yin%c9%99-%c9%99mindir","status":"publish","type":"post","link":"https:\/\/arantv.az\/?p=714429","title":{"rendered":"Elnur M\u0259mm\u0259dov: \u201cAz\u0259rbaycan B\u018fM-d\u0259 Erm\u0259nistan\u0131n iddialar\u0131n\u0131n r\u0259dd edil\u0259c\u0259yin\u0259 \u0259mindir\u201d"},"content":{"rendered":"<p>\u201cAz\u0259rbaycan\u0131n b\u00fct\u00fcn tikilil\u0259ri i\u015f\u011fal d\u00f6vr\u00fcnd\u0259 Erm\u0259nistan t\u0259r\u0259find\u0259n darmada\u011f\u0131n edilib. Bunu s\u00fcbut ed\u0259n kifay\u0259t q\u0259d\u0259r fakt m\u00f6vcuddur\u201d.<\/p>\n<p>\u201cReport\u201d\u00a0x\u0259b\u0259r verir ki, bunu \u0130rqi Ayr\u0131-se\u00e7kiliyin B\u00fct\u00fcn Formalar\u0131n\u0131n L\u0259\u011fv Edilm\u0259si haqq\u0131nda Beyn\u0259lxalq Konvensiyan\u0131n (Erm\u0259nistan Az\u0259rbaycana qar\u015f\u0131) t\u0259tbiqi il\u0259 ba\u011fl\u0131 i\u015f \u00fczr\u0259 Az\u0259rbaycan\u0131n Beyn\u0259lxalq \u018fdal\u0259t M\u0259hk\u0259m\u0259sind\u0259 (B\u018fM) qald\u0131rd\u0131\u011f\u0131 ilkin etirazlar\u0131n n\u0259tic\u0259l\u0259rin\u0259 dair iclasda Az\u0259rbaycan\u0131n xarici i\u015fl\u0259r nazirinin m\u00fcavini Elnur M\u0259mm\u0259dov deyib.<\/p>\n<p>O bildirib ki, Az\u0259rbaycan \u00f6z\u00fcnd\u0259n \u0259mindir:<\/p>\n<p>\u201cErm\u0259nistan qanunsuz \u015f\u0259kild\u0259 30 il Az\u0259rbaycan \u0259razil\u0259rini i\u015f\u011fal alt\u0131nda saxlay\u0131b. Erm\u0259nistan bu g\u00fcn iddialar\u0131ndan he\u00e7 bir fayda g\u00f6t\u00fcr\u0259 bilm\u0259z. \u0130\u015f\u011fal d\u00f6vr\u00fcnd\u0259 Erm\u0259nistan Az\u0259rbaycan\u0131n \u0259traf m\u00fchitin\u0259, ekologiyas\u0131na ciddi z\u0259r\u0259r vurub. Az\u0259rbaycan minalar\u0131n yerl\u0259\u015fdirilm\u0259si v\u0259 \u0259traf m\u00fchitin m\u0259hv edilm\u0259sinin ayr\u0131-ayr\u0131 n\u00f6v pozuntular oldu\u011funu iddia etmir, \u0259ksin\u0259 Erm\u0259nistan\u0131n kampaniyas\u0131n\u0131n ayr\u0131lmaz t\u0259rkib hiss\u0259si oldu\u011funu bildirir. Az\u0259rbaycan Erm\u0259nistan\u0131n iddialar\u0131n\u0131n r\u0259dd edil\u0259c\u0259yin\u0259 \u0259mindir. Erm\u0259nistan \u00f6z qeyri-qanuni h\u0259r\u0259k\u0259tind\u0259n faydalana bilm\u0259z. Az\u0259rbaycan 2020-ci ild\u0259 \u0259razil\u0259rin i\u015f\u011faldan azad edilm\u0259sind\u0259n sonra \u015f\u0259h\u0259rl\u0259rinin xarabal\u0131\u011fa \u00e7evrildiyini, m\u0259d\u0259niyy\u0259t abid\u0259l\u0259rinin da\u011f\u0131d\u0131ld\u0131\u011f\u0131n\u0131 v\u0259 erm\u0259nil\u0259rin \u0259traf-m\u00fchiti viran qoydu\u011funu g\u00f6r\u00fcb\u201d.<\/p>\n","protected":false},"excerpt":{"rendered":"<p>\u201cAz\u0259rbaycan\u0131n b\u00fct\u00fcn tikilil\u0259ri i\u015f\u011fal d\u00f6vr\u00fcnd\u0259 Erm\u0259nistan t\u0259r\u0259find\u0259n darmada\u011f\u0131n edilib. Bunu s\u00fcbut ed\u0259n kifay\u0259t q\u0259d\u0259r fakt m\u00f6vcuddur\u201d. \u201cReport\u201d\u00a0x\u0259b\u0259r verir ki, bunu \u0130rqi Ayr\u0131-se\u00e7kiliyin B\u00fct\u00fcn Formalar\u0131n\u0131n L\u0259\u011fv Edilm\u0259si haqq\u0131nda Beyn\u0259lxalq Konvensiyan\u0131n (Erm\u0259nistan Az\u0259rbaycana qar\u015f\u0131) t\u0259tbiqi il\u0259 ba\u011fl\u0131 i\u015f \u00fczr\u0259 Az\u0259rbaycan\u0131n Beyn\u0259lxalq \u018fdal\u0259t M\u0259hk\u0259m\u0259sind\u0259 (B\u018fM) qald\u0131rd\u0131\u011f\u0131 ilkin etirazlar\u0131n n\u0259tic\u0259l\u0259rin\u0259 dair iclasda Az\u0259rbaycan\u0131n xarici i\u015fl\u0259r nazirinin m\u00fcavini Elnur M\u0259mm\u0259dov deyib. O bildirib ki, Az\u0259rbaycan \u00f6z\u00fcnd\u0259n \u0259mindir: \u201cErm\u0259nistan qanunsuz \u015f\u0259kild\u0259 30 il Az\u0259rbaycan \u0259razil\u0259rini i\u015f\u011fal alt\u0131nda saxlay\u0131b. Erm\u0259nistan bu g\u00fcn iddialar\u0131ndan he\u00e7 bir fayda g\u00f6t\u00fcr\u0259 bilm\u0259z. \u0130\u015f\u011fal d\u00f6vr\u00fcnd\u0259 Erm\u0259nistan Az\u0259rbaycan\u0131n \u0259traf m\u00fchitin\u0259, ekologiyas\u0131na ciddi z\u0259r\u0259r&hellip;<\/p>\n","protected":false},"author":2,"featured_media":714430,"comment_status":"closed","ping_status":"closed","sticky":false,"template":"","format":"standard","meta":{"om_disable_all_campaigns":false,"_monsterinsights_skip_tracking":false,"_monsterinsights_sitenote_active":false,"_monsterinsights_sitenote_note":"","_monsterinsights_sitenote_category":0},"categories":[4],"tags":[],"aioseo_notices":[],"gutentor_comment":0,"rttpg_featured_image_url":{"full":["https:\/\/arantv.az\/wp-content\/uploads\/2024\/04\/images-24.jpg",284,177,false],"landscape":["https:\/\/arantv.az\/wp-content\/uploads\/2024\/04\/images-24.jpg",284,177,false],"portraits":["https:\/\/arantv.az\/wp-content\/uploads\/2024\/04\/images-24.jpg",284,177,false],"thumbnail":["https:\/\/arantv.az\/wp-content\/uploads\/2024\/04\/images-24.jpg",284,177,false],"medium":["https:\/\/arantv.az\/wp-content\/uploads\/2024\/04\/images-24.jpg",284,177,false],"large":["https:\/\/arantv.az\/wp-content\/uploads\/2024\/04\/images-24.jpg",284,177,false],"1536x1536":["https:\/\/arantv.az\/wp-content\/uploads\/2024\/04\/images-24.jpg",284,177,false],"2048x2048":["https:\/\/arantv.az\/wp-content\/uploads\/2024\/04\/images-24.jpg",284,177,false],"post-thumbnail":["https:\/\/arantv.az\/wp-content\/uploads\/2024\/04\/images-24-240x172.jpg",240,172,true],"advps-thumb-one":["https:\/\/arantv.az\/wp-content\/uploads\/2024\/04\/images-24.jpg",284,177,false]},"rttpg_author":{"display_name":"V\u00fcsal Rafiqo\u011flu","author_link":"https:\/\/arantv.az\/?author=2"},"rttpg_comment":0,"rttpg_category":"<a href=\"https:\/\/arantv.az\/?cat=4\" rel=\"category\">Siyas\u0259t<\/a>","rttpg_excerpt":"\u201cAz\u0259rbaycan\u0131n b\u00fct\u00fcn tikilil\u0259ri i\u015f\u011fal d\u00f6vr\u00fcnd\u0259 Erm\u0259nistan t\u0259r\u0259find\u0259n darmada\u011f\u0131n edilib. Bunu s\u00fcbut ed\u0259n kifay\u0259t q\u0259d\u0259r fakt m\u00f6vcuddur\u201d. \u201cReport\u201d\u00a0x\u0259b\u0259r verir ki, bunu \u0130rqi Ayr\u0131-se\u00e7kiliyin B\u00fct\u00fcn Formalar\u0131n\u0131n L\u0259\u011fv Edilm\u0259si haqq\u0131nda Beyn\u0259lxalq Konvensiyan\u0131n (Erm\u0259nistan Az\u0259rbaycana qar\u015f\u0131) t\u0259tbiqi il\u0259 ba\u011fl\u0131 i\u015f \u00fczr\u0259 Az\u0259rbaycan\u0131n Beyn\u0259lxalq \u018fdal\u0259t M\u0259hk\u0259m\u0259sind\u0259 (B\u018fM) qald\u0131rd\u0131\u011f\u0131 ilkin etirazlar\u0131n n\u0259tic\u0259l\u0259rin\u0259 dair iclasda Az\u0259rbaycan\u0131n xarici i\u015fl\u0259r nazirinin m\u00fcavini Elnur M\u0259mm\u0259dov&hellip;","_links":{"self":[{"href":"https:\/\/arantv.az\/index.php?rest_route=\/wp\/v2\/posts\/714429"}],"collection":[{"href":"https:\/\/arantv.az\/index.php?rest_route=\/wp\/v2\/posts"}],"about":[{"href":"https:\/\/arantv.az\/index.php?rest_route=\/wp\/v2\/types\/post"}],"author":[{"embeddable":true,"href":"https:\/\/arantv.az\/index.php?rest_route=\/wp\/v2\/users\/2"}],"replies":[{"embeddable":true,"href":"https:\/\/arantv.az\/index.php?rest_route=%2Fwp%2Fv2%2Fcomments&post=714429"}],"version-history":[{"count":0,"href":"https:\/\/arantv.az\/index.php?rest_route=\/wp\/v2\/posts\/714429\/revisions"}],"wp:featuredmedia":[{"embeddable":true,"href":"https:\/\/arantv.az\/index.php?rest_route=\/wp\/v2\/media\/714430"}],"wp:attachment":[{"href":"https:\/\/arantv.az\/index.php?rest_route=%2Fwp%2Fv2%2Fmedia&parent=714429"}],"wp:term":[{"taxonomy":"category","embeddable":true,"href":"https:\/\/arantv.az\/index.php?rest_route=%2Fwp%2Fv2%2Fcategories&post=714429"},{"taxonomy":"post_tag","embeddable":true,"href":"https:\/\/arantv.az\/index.php?rest_route=%2Fwp%2Fv2%2Ftags&post=714429"}],"curies":[{"name":"wp","href":"https:\/\/api.w.org\/{rel}","templated":true}]}}