{"id":714443,"date":"2024-04-23T14:10:09","date_gmt":"2024-04-23T10:10:09","guid":{"rendered":"https:\/\/arantv.az\/?p=714443"},"modified":"2024-04-23T14:10:09","modified_gmt":"2024-04-23T10:10:09","slug":"at%c9%99t-d%c9%99-az%c9%99rbaycan-v%c9%99-erm%c9%99nistan-numay%c9%99nd%c9%99l%c9%99ri-arasinda-mubahis%c9%99-dusub","status":"publish","type":"post","link":"https:\/\/arantv.az\/?p=714443","title":{"rendered":"AT\u018fT-d\u0259 Az\u0259rbaycan v\u0259 Erm\u0259nistan n\u00fcmay\u0259nd\u0259l\u0259ri aras\u0131nda m\u00fcbahis\u0259 d\u00fc\u015f\u00fcb"},"content":{"rendered":"<p>AT\u018fT-in \u201c\u0130nsan h\u00fcquqlar\u0131n\u0131n v\u0259 Beyn\u0259lxalq humanitar h\u00fcququn t\u0259min olunmas\u0131nda v\u0259t\u0259nda\u015f c\u0259miyy\u0259tinin rolu\u201d m\u00f6vzusunda ke\u00e7iril\u0259n t\u0259dbirind\u0259 Q\u0259rbi Az\u0259rbaycan \u0130cmas\u0131n\u0131n (QA\u0130) n\u00fcmay\u0259nd\u0259 hey\u0259ti il\u0259 Erm\u0259nistan n\u00fcmay\u0259nd\u0259 hey\u0259ti aras\u0131nda m\u00fcbahis\u0259 ba\u015f verib.<\/p>\n<p>\u201cReport\u201dun \u0259ld\u0259 etdiyi m\u0259lumata g\u00f6r\u0259, Erm\u0259nistan\u0131n Avstriyadak\u0131 s\u0259firliyinin \u0259m\u0259kda\u015f\u0131 iclas\u0131n \u0259vv\u0259lind\u0259 Milli M\u0259clisin deputat\u0131, Q\u0259rbi Az\u0259rbaycan \u0130cmas\u0131n\u0131n G\u0259ncl\u0259r \u015euras\u0131 s\u0259drinin m\u00fcavini Kamal C\u0259f\u0259rovun t\u0259dbird\u0259 icma n\u00fcmay\u0259nd\u0259si kimi i\u015ftirak\u0131na mane olma\u011fa \u00e7al\u0131\u015f\u0131b.<\/p>\n<p>Diplomat daha sonra r\u0259smi \u0130r\u0259vandan g\u0259ldiyini iddia etdiyi etiraz m\u0259ktubunu s\u0259sl\u0259ndirib, ancaq t\u0259xribat\u0131 ba\u015f tutmad\u0131\u011f\u0131 \u00fc\u00e7\u00fcn demar\u015f ed\u0259r\u0259k iclas zal\u0131ndan \u00e7\u0131x\u0131b.<\/p>\n<p>K.C\u0259f\u0259rov cavab\u0131nda Q\u0259rbi Az\u0259rbaycan \u0130cmas\u0131n\u0131n he\u00e7 bir \u0259razi iddias\u0131 olmad\u0131\u011f\u0131n\u0131 b\u0259yan edib:<\/p>\n<div id=\"22889818619\"><\/div>\n<p>\u201cT\u0259\u015fkilat\u0131m\u0131z qeyri-h\u00f6kum\u0259t t\u0259\u015fkilat\u0131d\u0131r v\u0259 \u00e7ox yax\u015f\u0131 bilirsiniz ki, QHT-nin t\u0259bi\u0259t etibar\u0131 il\u0259 he\u00e7 bir d\u00f6vl\u0259t\u0259 \u0259razi iddias\u0131 ola bilm\u0259z. Erm\u0259nistan n\u00fcmay\u0259nd\u0259 hey\u0259tinin bu \u0259sass\u0131z iddialar\u0131 is\u0259 onlar\u0131n avtoritar h\u0259yas\u0131zl\u0131\u011f\u0131n n\u00f6vb\u0259ti n\u00fcmun\u0259sidir\u201d.<\/p>\n<p>\u0130cma n\u00fcmay\u0259nd\u0259si vur\u011fulay\u0131b ki, erm\u0259nil\u0259r \u0259srl\u0259r boyu az\u0259rbaycanl\u0131lar\u0131 evind\u0259n deportasiya edib:<\/p>\n<p>\u201cOnlar biz\u0259 qar\u015f\u0131 etnik t\u0259mizl\u0259m\u0259 h\u0259yata ke\u00e7iribl\u0259r. \u0130ndi d\u0259 burada s\u0259simizi k\u0259sm\u0259k ist\u0259yirl\u0259r. Bu is\u0259 he\u00e7 vaxt olmayacaq. Biz h\u0259mi\u015f\u0259 h\u0259qiq\u0259tl\u0259ri ifad\u0259 ed\u0259c\u0259k, faktlar\u0131 dey\u0259c\u0259yik\u201d.<\/p>\n","protected":false},"excerpt":{"rendered":"<p>AT\u018fT-in \u201c\u0130nsan h\u00fcquqlar\u0131n\u0131n v\u0259 Beyn\u0259lxalq humanitar h\u00fcququn t\u0259min olunmas\u0131nda v\u0259t\u0259nda\u015f c\u0259miyy\u0259tinin rolu\u201d m\u00f6vzusunda ke\u00e7iril\u0259n t\u0259dbirind\u0259 Q\u0259rbi Az\u0259rbaycan \u0130cmas\u0131n\u0131n (QA\u0130) n\u00fcmay\u0259nd\u0259 hey\u0259ti il\u0259 Erm\u0259nistan n\u00fcmay\u0259nd\u0259 hey\u0259ti aras\u0131nda m\u00fcbahis\u0259 ba\u015f verib. \u201cReport\u201dun \u0259ld\u0259 etdiyi m\u0259lumata g\u00f6r\u0259, Erm\u0259nistan\u0131n Avstriyadak\u0131 s\u0259firliyinin \u0259m\u0259kda\u015f\u0131 iclas\u0131n \u0259vv\u0259lind\u0259 Milli M\u0259clisin deputat\u0131, Q\u0259rbi Az\u0259rbaycan \u0130cmas\u0131n\u0131n G\u0259ncl\u0259r \u015euras\u0131 s\u0259drinin m\u00fcavini Kamal C\u0259f\u0259rovun t\u0259dbird\u0259 icma n\u00fcmay\u0259nd\u0259si kimi i\u015ftirak\u0131na mane olma\u011fa \u00e7al\u0131\u015f\u0131b. Diplomat daha sonra r\u0259smi \u0130r\u0259vandan g\u0259ldiyini iddia etdiyi etiraz m\u0259ktubunu s\u0259sl\u0259ndirib, ancaq t\u0259xribat\u0131 ba\u015f tutmad\u0131\u011f\u0131 \u00fc\u00e7\u00fcn demar\u015f ed\u0259r\u0259k iclas zal\u0131ndan \u00e7\u0131x\u0131b. K.C\u0259f\u0259rov cavab\u0131nda Q\u0259rbi Az\u0259rbaycan \u0130cmas\u0131n\u0131n he\u00e7 bir \u0259razi iddias\u0131&hellip;<\/p>\n","protected":false},"author":2,"featured_media":714444,"comment_status":"closed","ping_status":"closed","sticky":false,"template":"","format":"standard","meta":{"om_disable_all_campaigns":false,"_monsterinsights_skip_tracking":false,"_monsterinsights_sitenote_active":false,"_monsterinsights_sitenote_note":"","_monsterinsights_sitenote_category":0},"categories":[4],"tags":[],"aioseo_notices":[],"gutentor_comment":0,"rttpg_featured_image_url":{"full":["https:\/\/arantv.az\/wp-content\/uploads\/2024\/04\/3fb15bb5-8121-3db7-b41f-f97f898671a1_850.jpg",620,413,false],"landscape":["https:\/\/arantv.az\/wp-content\/uploads\/2024\/04\/3fb15bb5-8121-3db7-b41f-f97f898671a1_850.jpg",620,413,false],"portraits":["https:\/\/arantv.az\/wp-content\/uploads\/2024\/04\/3fb15bb5-8121-3db7-b41f-f97f898671a1_850.jpg",620,413,false],"thumbnail":["https:\/\/arantv.az\/wp-content\/uploads\/2024\/04\/3fb15bb5-8121-3db7-b41f-f97f898671a1_850-500x280.jpg",500,280,true],"medium":["https:\/\/arantv.az\/wp-content\/uploads\/2024\/04\/3fb15bb5-8121-3db7-b41f-f97f898671a1_850-548x365.jpg",548,365,true],"large":["https:\/\/arantv.az\/wp-content\/uploads\/2024\/04\/3fb15bb5-8121-3db7-b41f-f97f898671a1_850.jpg",620,413,false],"1536x1536":["https:\/\/arantv.az\/wp-content\/uploads\/2024\/04\/3fb15bb5-8121-3db7-b41f-f97f898671a1_850.jpg",620,413,false],"2048x2048":["https:\/\/arantv.az\/wp-content\/uploads\/2024\/04\/3fb15bb5-8121-3db7-b41f-f97f898671a1_850.jpg",620,413,false],"post-thumbnail":["https:\/\/arantv.az\/wp-content\/uploads\/2024\/04\/3fb15bb5-8121-3db7-b41f-f97f898671a1_850-240x172.jpg",240,172,true],"advps-thumb-one":["https:\/\/arantv.az\/wp-content\/uploads\/2024\/04\/3fb15bb5-8121-3db7-b41f-f97f898671a1_850.jpg",620,413,false]},"rttpg_author":{"display_name":"V\u00fcsal Rafiqo\u011flu","author_link":"https:\/\/arantv.az\/?author=2"},"rttpg_comment":0,"rttpg_category":"<a href=\"https:\/\/arantv.az\/?cat=4\" rel=\"category\">Siyas\u0259t<\/a>","rttpg_excerpt":"AT\u018fT-in \u201c\u0130nsan h\u00fcquqlar\u0131n\u0131n v\u0259 Beyn\u0259lxalq humanitar h\u00fcququn t\u0259min olunmas\u0131nda v\u0259t\u0259nda\u015f c\u0259miyy\u0259tinin rolu\u201d m\u00f6vzusunda ke\u00e7iril\u0259n t\u0259dbirind\u0259 Q\u0259rbi Az\u0259rbaycan \u0130cmas\u0131n\u0131n (QA\u0130) n\u00fcmay\u0259nd\u0259 hey\u0259ti il\u0259 Erm\u0259nistan n\u00fcmay\u0259nd\u0259 hey\u0259ti aras\u0131nda m\u00fcbahis\u0259 ba\u015f verib. \u201cReport\u201dun \u0259ld\u0259 etdiyi m\u0259lumata g\u00f6r\u0259, Erm\u0259nistan\u0131n Avstriyadak\u0131 s\u0259firliyinin \u0259m\u0259kda\u015f\u0131 iclas\u0131n \u0259vv\u0259lind\u0259 Milli M\u0259clisin deputat\u0131, Q\u0259rbi Az\u0259rbaycan \u0130cmas\u0131n\u0131n G\u0259ncl\u0259r \u015euras\u0131 s\u0259drinin m\u00fcavini Kamal C\u0259f\u0259rovun t\u0259dbird\u0259 icma n\u00fcmay\u0259nd\u0259si&hellip;","_links":{"self":[{"href":"https:\/\/arantv.az\/index.php?rest_route=\/wp\/v2\/posts\/714443"}],"collection":[{"href":"https:\/\/arantv.az\/index.php?rest_route=\/wp\/v2\/posts"}],"about":[{"href":"https:\/\/arantv.az\/index.php?rest_route=\/wp\/v2\/types\/post"}],"author":[{"embeddable":true,"href":"https:\/\/arantv.az\/index.php?rest_route=\/wp\/v2\/users\/2"}],"replies":[{"embeddable":true,"href":"https:\/\/arantv.az\/index.php?rest_route=%2Fwp%2Fv2%2Fcomments&post=714443"}],"version-history":[{"count":0,"href":"https:\/\/arantv.az\/index.php?rest_route=\/wp\/v2\/posts\/714443\/revisions"}],"wp:featuredmedia":[{"embeddable":true,"href":"https:\/\/arantv.az\/index.php?rest_route=\/wp\/v2\/media\/714444"}],"wp:attachment":[{"href":"https:\/\/arantv.az\/index.php?rest_route=%2Fwp%2Fv2%2Fmedia&parent=714443"}],"wp:term":[{"taxonomy":"category","embeddable":true,"href":"https:\/\/arantv.az\/index.php?rest_route=%2Fwp%2Fv2%2Fcategories&post=714443"},{"taxonomy":"post_tag","embeddable":true,"href":"https:\/\/arantv.az\/index.php?rest_route=%2Fwp%2Fv2%2Ftags&post=714443"}],"curies":[{"name":"wp","href":"https:\/\/api.w.org\/{rel}","templated":true}]}}