{"id":714453,"date":"2024-04-23T14:13:12","date_gmt":"2024-04-23T10:13:12","guid":{"rendered":"https:\/\/arantv.az\/?p=714453"},"modified":"2024-04-23T14:13:12","modified_gmt":"2024-04-23T10:13:12","slug":"abs-az%c9%99rbaycana-sanksiya-t%c9%99tbiq-etm%c9%99z-t%c9%99hlil","status":"publish","type":"post","link":"https:\/\/arantv.az\/?p=714453","title":{"rendered":"AB\u015e Az\u0259rbaycana sanksiya t\u0259tbiq etm\u0259z &#8211; T\u018fHL\u0130L"},"content":{"rendered":"<p>AB\u015e Konqresinin N\u00fcmay\u0259nd\u0259l\u0259r Palatas\u0131ndak\u0131 \u00fczv\u00fc, \u00f6lk\u0259d\u0259ki erm\u0259ni lobbisinin f\u0259al i\u015ftirak\u00e7\u0131s\u0131 Dina Titusun Az\u0259rbaycana qar\u015f\u0131 sanksiya layih\u0259si il\u0259 \u00e7\u0131x\u0131\u015f etdiyi bildirilir.<\/p>\n<p>Titus \u00f6z\u00fc \u00f6t\u0259n h\u0259ft\u0259 Konqresd\u0259 qondarma erm\u0259ni soyq\u0131r\u0131m\u0131n\u0131n\u00a0 an\u0131m m\u0259rasimind\u0259ki \u00e7\u0131x\u0131\u015f\u0131nda \u201cAz\u0259rbaycana sanksiyalara bax\u0131\u015f akt\u0131\u201d s\u0259n\u0259di bar\u0259d\u0259 dan\u0131\u015fm\u0131\u015fd\u0131.<\/p>\n<p>Sanksiyalara sal\u0131nmas\u0131 t\u0259klif edil\u0259n \u015f\u0259xsl\u0259rin adlar\u0131 da mediada yay\u0131l\u0131b. Ancaq \u00fcmumilikd\u0259 AB\u015e-nin qanunverici orqan\u0131nda bel\u0259 bir layih\u0259 varsa bel\u0259, onun q\u0259bul edil\u0259c\u0259yi \u015f\u00fcbh\u0259li g\u00f6r\u00fcn\u00fcr.<\/p>\n<p>Birincisi, ona g\u00f6r\u0259 ki, sanksiyalar paketi N\u00fcmay\u0259nd\u0259l\u0259r Palatas\u0131 v\u0259 Senat\u0131n t\u0259sdiql\u0259m\u0259sind\u0259n ke\u00e7m\u0259lidir.<\/p>\n<p>\u0130kim\u0259rh\u0259l\u0259li bu prosesd\u0259 Konqres \u00fczvl\u0259ri s\u0131ras\u0131nda Az\u0259rbaycanla m\u00fcnasib\u0259tl\u0259rin t\u0259hl\u00fck\u0259sizlik v\u0259 enerji sah\u0259sind\u0259ki \u0259m\u0259kda\u015fl\u0131qlar\u0131 ciddi n\u0259z\u0259r\u0259 alanlar \u00fcst\u00fcnl\u00fck qazana bil\u0259rl\u0259r.<\/p>\n<p>\u0130kincisi, f\u0259rz ed\u0259k ki, sanksiyalar paketi Konqresin \u201cq\u0259bul\u201dundan ke\u00e7di, bundan sonra is\u0259 o, t\u0259sdiql\u0259nm\u0259si \u00fc\u00e7\u00fcn prezidentin masas\u0131n\u0131n \u00fcz\u0259rin\u0259 getm\u0259lidir.<\/p>\n<p>V\u0259ziyy\u0259tin \u00fcmumiyy\u0259tl\u0259 bu h\u0259dd\u0259 q\u0259d\u0259r ir\u0259lil\u0259y\u0259c\u0259yinin \u00f6z\u00fc real g\u00f6r\u00fcnm\u00fcr, lakin A\u011f Ev ba\u015f\u00e7\u0131s\u0131 masas\u0131na qoyulan h\u0259min c\u00fcr s\u0259n\u0259di d\u0259 imzalamaz.<\/p>\n<p>\u00c7\u00fcnki AB\u015e-nin sanksiyalar m\u0259nz\u0259r\u0259sind\u0259ki \u0259hat\u0259 dair\u0259sinin Az\u0259rbaycan hesab\u0131na geni\u015fl\u0259nm\u0259si Va\u015finqton \u00fc\u00e7\u00fcn a\u011flabatan versiya t\u0259qdim etmir.<\/p>\n<p>Ona g\u00f6r\u0259 ki, sanksiyalar Az\u0259rbaycanla AB\u015e-nin m\u00fcnasib\u0259tl\u0259rind\u0259ki m\u00f6vcud v\u0259 perspektiv t\u0259hl\u00fck\u0259sizlik sferalar\u0131na m\u0259nfi t\u0259sir ed\u0259 bil\u0259r.<\/p>\n<p>N\u0259z\u0259r\u0259 alaq ki, Bak\u0131 il\u0259 Va\u015finqtonun C\u0259nubi Qafqaz regionunda \u00fcst-\u00fcst\u0259 d\u00fc\u015fm\u0259y\u0259n m\u00f6vqel\u0259ri olsa da, onlar NATO \u00e7\u0259r\u00e7iv\u0259sind\u0259 potensial \u00e7a\u011f\u0131r\u0131\u015flar\u0131 yax\u015f\u0131 uy\u011funla\u015fd\u0131r\u0131rlar.<\/p>\n<div id=\"22889818619\"><\/div>\n<p>M\u00fc\u015ft\u0259r\u0259k maraqlara xidm\u0259t ed\u0259n \u00e7a\u011f\u0131r\u0131\u015flar:<\/p>\n<p>&#8211; Az\u0259rbaycan\u0131n Avropan\u0131n enerji bazarlar\u0131nda oynad\u0131\u011f\u0131 rolun qiym\u0259tind\u0259,<\/p>\n<p>&#8211; Az\u0259rbaycan\u0131n ya\u015f\u0131l enerji \u00fczr\u0259 beyn\u0259lxalq tendensiyalara qo\u015fulmas\u0131n\u0131n i\u015f\u0131\u011f\u0131nda,<\/p>\n<p>&#8211; Az\u0259rbaycanda ke\u00e7iril\u0259c\u0259k COP29 m\u00f6t\u0259b\u0259r t\u0259dbirinin fonunda \u0259laq\u0259l\u0259ri daha da yax\u0131nla\u015fd\u0131r\u0131r.<\/p>\n<p>Sanksiya t\u0259tbiq edilm\u0259si n\u0259z\u0259rd\u0259 tutulan \u015f\u0259xsl\u0259rin siyah\u0131s\u0131na baxd\u0131qda is\u0259 bunun AB\u015e \u00fc\u00e7\u00fcn \u00fcmumiyy\u0259tl\u0259 s\u0259rf\u0259li variant olmad\u0131\u011f\u0131 g\u00f6r\u00fcn\u00fcr.<\/p>\n<p>\u00c7\u00fcnki t\u0259rtib edil\u0259n (h\u0259l\u0259lik iddia s\u0259viyy\u0259sind\u0259dir) siyah\u0131da Az\u0259rbaycan Ordusunda NATO sistemli qo\u015funlara komandanl\u0131q ed\u0259n \u015f\u0259xsl\u0259rin d\u0259 adlar\u0131 var.<\/p>\n<p>T\u0259bii ki, AB\u015e Az\u0259rbaycan Silahl\u0131 Q\u00fcvv\u0259l\u0259rinin NATO standartlar\u0131na ke\u00e7idi fonunda pe\u015f\u0259kar h\u0259rb\u00e7il\u0259rin \u201cqara siyah\u0131\u201dya sal\u0131nmas\u0131n\u0131 alq\u0131\u015flayan deyil. Siyah\u0131da h\u0259rb\u00e7il\u0259rin adlar\u0131n\u0131n olmas\u0131, sad\u0259c\u0259 olaraq, \u201cerm\u0259ni lobbisinin yan\u011f\u0131s\u0131\u201dn\u0131 \u0259ks etdirir.<\/p>\n<p>N\u0259tic\u0259 kimi dey\u0259 bil\u0259rik ki, AB\u015e Az\u0259rbaycanla \u0259laq\u0259l\u0259rd\u0259 \u201cu\u00e7urum\u201d yarada bil\u0259c\u0259k x\u0259td\u0259n geri \u00e7\u0259kilm\u0259y\u0259 haz\u0131r oldu\u011funu g\u00f6st\u0259r\u0259 bil\u0259r. Bu m\u0259nada sanksiyalar\u0131n q\u0259bulu real g\u00f6r\u00fcnm\u00fcr.<\/p>\n","protected":false},"excerpt":{"rendered":"<p>AB\u015e Konqresinin N\u00fcmay\u0259nd\u0259l\u0259r Palatas\u0131ndak\u0131 \u00fczv\u00fc, \u00f6lk\u0259d\u0259ki erm\u0259ni lobbisinin f\u0259al i\u015ftirak\u00e7\u0131s\u0131 Dina Titusun Az\u0259rbaycana qar\u015f\u0131 sanksiya layih\u0259si il\u0259 \u00e7\u0131x\u0131\u015f etdiyi bildirilir. Titus \u00f6z\u00fc \u00f6t\u0259n h\u0259ft\u0259 Konqresd\u0259 qondarma erm\u0259ni soyq\u0131r\u0131m\u0131n\u0131n\u00a0 an\u0131m m\u0259rasimind\u0259ki \u00e7\u0131x\u0131\u015f\u0131nda \u201cAz\u0259rbaycana sanksiyalara bax\u0131\u015f akt\u0131\u201d s\u0259n\u0259di bar\u0259d\u0259 dan\u0131\u015fm\u0131\u015fd\u0131. Sanksiyalara sal\u0131nmas\u0131 t\u0259klif edil\u0259n \u015f\u0259xsl\u0259rin adlar\u0131 da mediada yay\u0131l\u0131b. Ancaq \u00fcmumilikd\u0259 AB\u015e-nin qanunverici orqan\u0131nda bel\u0259 bir layih\u0259 varsa bel\u0259, onun q\u0259bul edil\u0259c\u0259yi \u015f\u00fcbh\u0259li g\u00f6r\u00fcn\u00fcr. Birincisi, ona g\u00f6r\u0259 ki, sanksiyalar paketi N\u00fcmay\u0259nd\u0259l\u0259r Palatas\u0131 v\u0259 Senat\u0131n t\u0259sdiql\u0259m\u0259sind\u0259n ke\u00e7m\u0259lidir. \u0130kim\u0259rh\u0259l\u0259li bu prosesd\u0259 Konqres \u00fczvl\u0259ri s\u0131ras\u0131nda Az\u0259rbaycanla m\u00fcnasib\u0259tl\u0259rin t\u0259hl\u00fck\u0259sizlik v\u0259 enerji sah\u0259sind\u0259ki \u0259m\u0259kda\u015fl\u0131qlar\u0131 ciddi n\u0259z\u0259r\u0259 alanlar&hellip;<\/p>\n","protected":false},"author":2,"featured_media":714454,"comment_status":"closed","ping_status":"closed","sticky":false,"template":"","format":"standard","meta":{"om_disable_all_campaigns":false,"_monsterinsights_skip_tracking":false,"_monsterinsights_sitenote_active":false,"_monsterinsights_sitenote_note":"","_monsterinsights_sitenote_category":0},"categories":[4],"tags":[],"aioseo_notices":[],"gutentor_comment":0,"rttpg_featured_image_url":{"full":["https:\/\/arantv.az\/wp-content\/uploads\/2024\/04\/FotoJet-62.jpg",620,413,false],"landscape":["https:\/\/arantv.az\/wp-content\/uploads\/2024\/04\/FotoJet-62.jpg",620,413,false],"portraits":["https:\/\/arantv.az\/wp-content\/uploads\/2024\/04\/FotoJet-62.jpg",620,413,false],"thumbnail":["https:\/\/arantv.az\/wp-content\/uploads\/2024\/04\/FotoJet-62-500x280.jpg",500,280,true],"medium":["https:\/\/arantv.az\/wp-content\/uploads\/2024\/04\/FotoJet-62-548x365.jpg",548,365,true],"large":["https:\/\/arantv.az\/wp-content\/uploads\/2024\/04\/FotoJet-62.jpg",620,413,false],"1536x1536":["https:\/\/arantv.az\/wp-content\/uploads\/2024\/04\/FotoJet-62.jpg",620,413,false],"2048x2048":["https:\/\/arantv.az\/wp-content\/uploads\/2024\/04\/FotoJet-62.jpg",620,413,false],"post-thumbnail":["https:\/\/arantv.az\/wp-content\/uploads\/2024\/04\/FotoJet-62-240x172.jpg",240,172,true],"advps-thumb-one":["https:\/\/arantv.az\/wp-content\/uploads\/2024\/04\/FotoJet-62.jpg",620,413,false]},"rttpg_author":{"display_name":"V\u00fcsal Rafiqo\u011flu","author_link":"https:\/\/arantv.az\/?author=2"},"rttpg_comment":0,"rttpg_category":"<a href=\"https:\/\/arantv.az\/?cat=4\" rel=\"category\">Siyas\u0259t<\/a>","rttpg_excerpt":"AB\u015e Konqresinin N\u00fcmay\u0259nd\u0259l\u0259r Palatas\u0131ndak\u0131 \u00fczv\u00fc, \u00f6lk\u0259d\u0259ki erm\u0259ni lobbisinin f\u0259al i\u015ftirak\u00e7\u0131s\u0131 Dina Titusun Az\u0259rbaycana qar\u015f\u0131 sanksiya layih\u0259si il\u0259 \u00e7\u0131x\u0131\u015f etdiyi bildirilir. Titus \u00f6z\u00fc \u00f6t\u0259n h\u0259ft\u0259 Konqresd\u0259 qondarma erm\u0259ni soyq\u0131r\u0131m\u0131n\u0131n\u00a0 an\u0131m m\u0259rasimind\u0259ki \u00e7\u0131x\u0131\u015f\u0131nda \u201cAz\u0259rbaycana sanksiyalara bax\u0131\u015f akt\u0131\u201d s\u0259n\u0259di bar\u0259d\u0259 dan\u0131\u015fm\u0131\u015fd\u0131. Sanksiyalara sal\u0131nmas\u0131 t\u0259klif edil\u0259n \u015f\u0259xsl\u0259rin adlar\u0131 da mediada yay\u0131l\u0131b. Ancaq \u00fcmumilikd\u0259 AB\u015e-nin qanunverici orqan\u0131nda bel\u0259 bir layih\u0259&hellip;","_links":{"self":[{"href":"https:\/\/arantv.az\/index.php?rest_route=\/wp\/v2\/posts\/714453"}],"collection":[{"href":"https:\/\/arantv.az\/index.php?rest_route=\/wp\/v2\/posts"}],"about":[{"href":"https:\/\/arantv.az\/index.php?rest_route=\/wp\/v2\/types\/post"}],"author":[{"embeddable":true,"href":"https:\/\/arantv.az\/index.php?rest_route=\/wp\/v2\/users\/2"}],"replies":[{"embeddable":true,"href":"https:\/\/arantv.az\/index.php?rest_route=%2Fwp%2Fv2%2Fcomments&post=714453"}],"version-history":[{"count":0,"href":"https:\/\/arantv.az\/index.php?rest_route=\/wp\/v2\/posts\/714453\/revisions"}],"wp:featuredmedia":[{"embeddable":true,"href":"https:\/\/arantv.az\/index.php?rest_route=\/wp\/v2\/media\/714454"}],"wp:attachment":[{"href":"https:\/\/arantv.az\/index.php?rest_route=%2Fwp%2Fv2%2Fmedia&parent=714453"}],"wp:term":[{"taxonomy":"category","embeddable":true,"href":"https:\/\/arantv.az\/index.php?rest_route=%2Fwp%2Fv2%2Fcategories&post=714453"},{"taxonomy":"post_tag","embeddable":true,"href":"https:\/\/arantv.az\/index.php?rest_route=%2Fwp%2Fv2%2Ftags&post=714453"}],"curies":[{"name":"wp","href":"https:\/\/api.w.org\/{rel}","templated":true}]}}