{"id":714456,"date":"2024-04-23T14:13:47","date_gmt":"2024-04-23T10:13:47","guid":{"rendered":"https:\/\/arantv.az\/?p=714456"},"modified":"2024-04-23T14:13:47","modified_gmt":"2024-04-23T10:13:47","slug":"az%c9%99rbaycanla-ayib-cop29-la-bagli-fikir-mubadil%c9%99si-aparib","status":"publish","type":"post","link":"https:\/\/arantv.az\/?p=714456","title":{"rendered":"Az\u0259rbaycanla AY\u0130B COP29-la ba\u011fl\u0131 fikir m\u00fcbadil\u0259si apar\u0131b"},"content":{"rendered":"<p>\u0130qtisadiyyat naziri Mikay\u0131l Cabbarov Avropa Yenid\u0259nqurma v\u0259 \u0130nki\u015faf Bank\u0131n\u0131n (AY\u0130B) Qafqaz \u00fczr\u0259 regional direktoru Alkis Vryenios Drakinosla g\u00f6r\u00fc\u015f\u00fcb.<\/p>\n<p>Bu bar\u0259d\u0259\u00a0<strong>Oxu.Az<\/strong>-a\u00a0\u0130qtisadiyyat Nazirliyind\u0259n bildirilib.<\/p>\n<p>M\u0259lumata g\u00f6r\u0259, g\u00f6r\u00fc\u015fd\u0259 Az\u0259rbaycan v\u0259 AY\u0130B aras\u0131nda m\u00fcxt\u0259lif istiqam\u0259tl\u0259r \u00fczr\u0259 u\u011furlu \u0259m\u0259kda\u015fl\u0131\u011f\u0131n m\u00f6vcud oldu\u011fu v\u0259 \u00f6lk\u0259mizin qurumla \u0259laq\u0259l\u0259rin inki\u015faf\u0131na \u00f6n\u0259m verdiyi vur\u011fulan\u0131b. \u018ftraf m\u00fchit, enerji, n\u0259qliyyat, tranzit v\u0259 dig\u0259r sah\u0259l\u0259r \u00fczr\u0259 bankla birg\u0259 h\u0259yata ke\u00e7iril\u0259n layih\u0259l\u0259rin iqtisadiyyat\u0131n diversifikasiyas\u0131na t\u00f6hf\u0259 verdiyi qeyd olunub. Qar\u015f\u0131ya qoyulmu\u015f inki\u015faf h\u0259d\u0259fl\u0259rinin realla\u015fd\u0131r\u0131lmas\u0131 istiqam\u0259tind\u0259 i\u015fbirliyi imkanlar\u0131, x\u00fcsusil\u0259 b\u0259rpa olunan v\u0259 alternativ enerji, \u00f6z\u0259l sektorun inki\u015faf\u0131, d\u00f6vl\u0259t-\u00f6z\u0259l t\u0259r\u0259fda\u015fl\u0131\u011f\u0131n\u0131n inki\u015faf\u0131, infrastruktur v\u0259 dig\u0259r istiqam\u0259tl\u0259r \u00fczr\u0259 prioritet layih\u0259l\u0259r bar\u0259d\u0259 m\u0259lumat verilib.<\/p>\n<div id=\"22889818619\"><\/div>\n<p>Alkis Vryenios Drakinos Az\u0259rbaycanla \u0259laq\u0259l\u0259rin s\u0259viyy\u0259sinin m\u0259mnunluq do\u011furdu\u011funu ifad\u0259 edib. Qurumun \u00f6lk\u0259mizd\u0259 iqtisadi \u015fax\u0259l\u0259ndirm\u0259nin t\u0259\u015fviqi, maliyy\u0259 bazarlar\u0131n\u0131n inki\u015faf etdirilm\u0259sil\u0259 x\u00fcsusil\u0259 ki\u00e7ik v\u0259 orta biznes subyektl\u0259rinin r\u0259qab\u0259t\u0259 davaml\u0131l\u0131\u011f\u0131n\u0131n art\u0131r\u0131lmas\u0131, ya\u015f\u0131l iqtisadiyyata ke\u00e7idin s\u00fcr\u0259tl\u0259ndirilm\u0259sin\u0259 d\u0259st\u0259k verm\u0259kd\u0259 maraql\u0131 oldu\u011fu n\u0259z\u0259r\u0259 \u00e7atd\u0131r\u0131l\u0131b.<\/p>\n<p>T\u0259r\u0259fl\u0259r Az\u0259rbaycan &#8211; AY\u0130B \u0259laq\u0259l\u0259rinin g\u00fcnd\u0259mind\u0259 olan m\u0259s\u0259l\u0259l\u0259ri, qurumun 2024-2029-cu ill\u0259r \u00fczr\u0259 Az\u0259rbaycana dair \u00d6lk\u0259 Strategiyas\u0131n\u0131n ilkin layih\u0259si, ya\u015f\u0131l iqtisadiyyata intensiv d\u0259st\u0259k v\u0259 birg\u0259 h\u0259yata ke\u00e7iril\u0259n layih\u0259l\u0259rin perspektivl\u0259rini m\u00fczakir\u0259 edibl\u0259r. Bank\u0131n COP29 \u00e7\u0259r\u00e7iv\u0259sind\u0259 \u0259m\u0259kda\u015fl\u0131qda maraql\u0131 oldu\u011fu bildirilib, COP29 \u00fc\u00e7\u00fcn \u00e7a\u011f\u0131r\u0131\u015flar v\u0259 iqlim d\u0259yi\u015fikliyi il\u0259 m\u00fcbariz\u0259d\u0259 maliyy\u0259l\u0259\u015fm\u0259 mexanizml\u0259rinin t\u0259tbiqi bar\u0259d\u0259 fikir m\u00fcbadil\u0259si apar\u0131l\u0131b.<\/p>\n","protected":false},"excerpt":{"rendered":"<p>\u0130qtisadiyyat naziri Mikay\u0131l Cabbarov Avropa Yenid\u0259nqurma v\u0259 \u0130nki\u015faf Bank\u0131n\u0131n (AY\u0130B) Qafqaz \u00fczr\u0259 regional direktoru Alkis Vryenios Drakinosla g\u00f6r\u00fc\u015f\u00fcb. Bu bar\u0259d\u0259\u00a0Oxu.Az-a\u00a0\u0130qtisadiyyat Nazirliyind\u0259n bildirilib. M\u0259lumata g\u00f6r\u0259, g\u00f6r\u00fc\u015fd\u0259 Az\u0259rbaycan v\u0259 AY\u0130B aras\u0131nda m\u00fcxt\u0259lif istiqam\u0259tl\u0259r \u00fczr\u0259 u\u011furlu \u0259m\u0259kda\u015fl\u0131\u011f\u0131n m\u00f6vcud oldu\u011fu v\u0259 \u00f6lk\u0259mizin qurumla \u0259laq\u0259l\u0259rin inki\u015faf\u0131na \u00f6n\u0259m verdiyi vur\u011fulan\u0131b. \u018ftraf m\u00fchit, enerji, n\u0259qliyyat, tranzit v\u0259 dig\u0259r sah\u0259l\u0259r \u00fczr\u0259 bankla birg\u0259 h\u0259yata ke\u00e7iril\u0259n layih\u0259l\u0259rin iqtisadiyyat\u0131n diversifikasiyas\u0131na t\u00f6hf\u0259 verdiyi qeyd olunub. Qar\u015f\u0131ya qoyulmu\u015f inki\u015faf h\u0259d\u0259fl\u0259rinin realla\u015fd\u0131r\u0131lmas\u0131 istiqam\u0259tind\u0259 i\u015fbirliyi imkanlar\u0131, x\u00fcsusil\u0259 b\u0259rpa olunan v\u0259 alternativ enerji, \u00f6z\u0259l sektorun inki\u015faf\u0131, d\u00f6vl\u0259t-\u00f6z\u0259l t\u0259r\u0259fda\u015fl\u0131\u011f\u0131n\u0131n inki\u015faf\u0131, infrastruktur v\u0259 dig\u0259r istiqam\u0259tl\u0259r \u00fczr\u0259 prioritet&hellip;<\/p>\n","protected":false},"author":2,"featured_media":714457,"comment_status":"closed","ping_status":"closed","sticky":false,"template":"","format":"standard","meta":{"om_disable_all_campaigns":false,"_monsterinsights_skip_tracking":false,"_monsterinsights_sitenote_active":false,"_monsterinsights_sitenote_note":"","_monsterinsights_sitenote_category":0},"categories":[19],"tags":[],"aioseo_notices":[],"gutentor_comment":0,"rttpg_featured_image_url":{"full":["https:\/\/arantv.az\/wp-content\/uploads\/2024\/04\/66277dcd0332766277dcd03328171386414066277dcd0332266277dcd03325.jpg",620,413,false],"landscape":["https:\/\/arantv.az\/wp-content\/uploads\/2024\/04\/66277dcd0332766277dcd03328171386414066277dcd0332266277dcd03325.jpg",620,413,false],"portraits":["https:\/\/arantv.az\/wp-content\/uploads\/2024\/04\/66277dcd0332766277dcd03328171386414066277dcd0332266277dcd03325.jpg",620,413,false],"thumbnail":["https:\/\/arantv.az\/wp-content\/uploads\/2024\/04\/66277dcd0332766277dcd03328171386414066277dcd0332266277dcd03325-500x280.jpg",500,280,true],"medium":["https:\/\/arantv.az\/wp-content\/uploads\/2024\/04\/66277dcd0332766277dcd03328171386414066277dcd0332266277dcd03325-548x365.jpg",548,365,true],"large":["https:\/\/arantv.az\/wp-content\/uploads\/2024\/04\/66277dcd0332766277dcd03328171386414066277dcd0332266277dcd03325.jpg",620,413,false],"1536x1536":["https:\/\/arantv.az\/wp-content\/uploads\/2024\/04\/66277dcd0332766277dcd03328171386414066277dcd0332266277dcd03325.jpg",620,413,false],"2048x2048":["https:\/\/arantv.az\/wp-content\/uploads\/2024\/04\/66277dcd0332766277dcd03328171386414066277dcd0332266277dcd03325.jpg",620,413,false],"post-thumbnail":["https:\/\/arantv.az\/wp-content\/uploads\/2024\/04\/66277dcd0332766277dcd03328171386414066277dcd0332266277dcd03325-240x172.jpg",240,172,true],"advps-thumb-one":["https:\/\/arantv.az\/wp-content\/uploads\/2024\/04\/66277dcd0332766277dcd03328171386414066277dcd0332266277dcd03325.jpg",620,413,false]},"rttpg_author":{"display_name":"V\u00fcsal Rafiqo\u011flu","author_link":"https:\/\/arantv.az\/?author=2"},"rttpg_comment":0,"rttpg_category":"<a href=\"https:\/\/arantv.az\/?cat=19\" rel=\"category\">G\u00fcnd\u0259m<\/a>","rttpg_excerpt":"\u0130qtisadiyyat naziri Mikay\u0131l Cabbarov Avropa Yenid\u0259nqurma v\u0259 \u0130nki\u015faf Bank\u0131n\u0131n (AY\u0130B) Qafqaz \u00fczr\u0259 regional direktoru Alkis Vryenios Drakinosla g\u00f6r\u00fc\u015f\u00fcb. Bu bar\u0259d\u0259\u00a0Oxu.Az-a\u00a0\u0130qtisadiyyat Nazirliyind\u0259n bildirilib. M\u0259lumata g\u00f6r\u0259, g\u00f6r\u00fc\u015fd\u0259 Az\u0259rbaycan v\u0259 AY\u0130B aras\u0131nda m\u00fcxt\u0259lif istiqam\u0259tl\u0259r \u00fczr\u0259 u\u011furlu \u0259m\u0259kda\u015fl\u0131\u011f\u0131n m\u00f6vcud oldu\u011fu v\u0259 \u00f6lk\u0259mizin qurumla \u0259laq\u0259l\u0259rin inki\u015faf\u0131na \u00f6n\u0259m verdiyi vur\u011fulan\u0131b. \u018ftraf m\u00fchit, enerji, n\u0259qliyyat, tranzit v\u0259 dig\u0259r sah\u0259l\u0259r \u00fczr\u0259 bankla birg\u0259&hellip;","_links":{"self":[{"href":"https:\/\/arantv.az\/index.php?rest_route=\/wp\/v2\/posts\/714456"}],"collection":[{"href":"https:\/\/arantv.az\/index.php?rest_route=\/wp\/v2\/posts"}],"about":[{"href":"https:\/\/arantv.az\/index.php?rest_route=\/wp\/v2\/types\/post"}],"author":[{"embeddable":true,"href":"https:\/\/arantv.az\/index.php?rest_route=\/wp\/v2\/users\/2"}],"replies":[{"embeddable":true,"href":"https:\/\/arantv.az\/index.php?rest_route=%2Fwp%2Fv2%2Fcomments&post=714456"}],"version-history":[{"count":0,"href":"https:\/\/arantv.az\/index.php?rest_route=\/wp\/v2\/posts\/714456\/revisions"}],"wp:featuredmedia":[{"embeddable":true,"href":"https:\/\/arantv.az\/index.php?rest_route=\/wp\/v2\/media\/714457"}],"wp:attachment":[{"href":"https:\/\/arantv.az\/index.php?rest_route=%2Fwp%2Fv2%2Fmedia&parent=714456"}],"wp:term":[{"taxonomy":"category","embeddable":true,"href":"https:\/\/arantv.az\/index.php?rest_route=%2Fwp%2Fv2%2Fcategories&post=714456"},{"taxonomy":"post_tag","embeddable":true,"href":"https:\/\/arantv.az\/index.php?rest_route=%2Fwp%2Fv2%2Ftags&post=714456"}],"curies":[{"name":"wp","href":"https:\/\/api.w.org\/{rel}","templated":true}]}}