{"id":714471,"date":"2024-04-23T14:24:49","date_gmt":"2024-04-23T10:24:49","guid":{"rendered":"https:\/\/arantv.az\/?p=714471"},"modified":"2024-04-23T14:24:49","modified_gmt":"2024-04-23T10:24:49","slug":"bakida-beyn%c9%99lxalq-forum-start-goturdu-prezident-istirak-edir-yenil%c9%99nir-canli-yayim","status":"publish","type":"post","link":"https:\/\/arantv.az\/?p=714471","title":{"rendered":"Bak\u0131da beyn\u0259lxalq forum start g\u00f6t\u00fcrd\u00fc: Prezident i\u015ftirak edir &#8211; YEN\u0130L\u018fN\u0130R + CANLI YAYIM"},"content":{"rendered":"<p>Az\u0259rbaycanda \u201cCOP29 v\u0259 Az\u0259rbaycan \u00fc\u00e7\u00fcn ya\u015f\u0131l bax\u0131\u015f\u201d Beyn\u0259lxalq Forumu ke\u00e7irilir.<\/p>\n<p><b>ARANTV.AZ <\/b>x\u0259b\u0259r verir ki, forum ADA Universitetind\u0259 t\u0259\u015fkil olunub.<\/p>\n<p>T\u0259dbird\u0259 Az\u0259rbaycan Respublikas\u0131n\u0131n Prezidenti\u00a0<strong>\u0130lham \u018fliyev<\/strong>\u00a0i\u015ftirak edir.<\/p>\n<p>Forumu canl\u0131 olaraq izl\u0259y\u0259 bil\u0259rsiniz:<\/p>\n<div><iframe loading=\"lazy\" title=\"YouTube video player\" src=\"https:\/\/www.youtube.com\/embed\/NGJqPPgmVac?si=gPFajDR9LKaHRZ0H\" width=\"560\" height=\"315\" frameborder=\"0\" allowfullscreen=\"allowfullscreen\" data-mce-fragment=\"1\"><\/iframe><\/div>\n<div>\n<div><iframe loading=\"lazy\" src=\"https:\/\/www.facebook.com\/plugins\/video.php?height=314&amp;href=https%3A%2F%2Fwww.facebook.com%2FPresidentIlhamAliyev%2Fvideos%2F3820234314877696%2F&amp;show_text=false&amp;width=560&amp;t=0\" width=\"560\" height=\"314\" frameborder=\"0\" scrolling=\"no\" allowfullscreen=\"allowfullscreen\" data-mce-fragment=\"1\"><\/iframe><\/div>\n<\/div>\n<p><strong>09:14<\/strong><\/p>\n<p>Beyn\u0259lxalq arenada beyin m\u0259rk\u0259zl\u0259rinin rolu informasiya t\u0259hl\u00fck\u0259sizliyi v\u0259 texnoloji inqilab, h\u0259m\u00e7inin siyas\u0259t probleml\u0259rinin artan m\u00fcr\u0259kk\u0259bliyi fonunda getdikc\u0259 g\u00fccl\u0259nir. Beyin m\u0259rk\u0259zl\u0259rinin yeni bilik yaratmaq, sosial probleml\u0259ri t\u0259hlil etm\u0259k, c\u0259miyy\u0259t\u0259 innovativ ideyalar t\u0259qdim etm\u0259k kimi funksiyalar\u0131 vard\u0131r. Onlar\u0131n \u0259sas m\u0259qs\u0259di ictimai \u0259h\u0259miyy\u0259t k\u0259sb ed\u0259n m\u0259s\u0259l\u0259l\u0259rd\u0259 q\u0259rarvericil\u0259r\u0259 t\u00f6vsiy\u0259l\u0259r haz\u0131rlamaq v\u0259 geni\u015f sosial m\u00fczakir\u0259 m\u00f6vzular\u0131 yaratmaqd\u0131r.<\/p>\n<p>AZ\u018fRTAC x\u0259b\u0259r verir ki, son ill\u0259r regionumuzda, el\u0259c\u0259 d\u0259 Az\u0259rbaycanda beyin m\u0259rk\u0259zl\u0259ri h\u0259m sayca, h\u0259m d\u0259 f\u0259aliyy\u0259t istiqam\u0259tl\u0259ri bax\u0131m\u0131ndan art\u0131b. Az\u0259rbaycanda f\u0259aliyy\u0259t g\u00f6st\u0259r\u0259n beyin m\u0259rk\u0259zl\u0259rinin be\u015f \u0259sas istiqam\u0259t \u00fczr\u0259 apard\u0131qlar\u0131 f\u0259aliyy\u0259tl\u0259r data \u0259sasl\u0131 strateji idar\u0259etm\u0259d\u0259 \u00f6n\u0259mli rol oynay\u0131r. Bu istiqam\u0259tl\u0259r\u0259 m\u00fcxt\u0259lif n\u00f6v sor\u011fular\u0131n apar\u0131lmas\u0131 v\u0259 onlar\u0131n analizl\u0259ri, elektron h\u00f6kum\u0259tin yaratd\u0131\u011f\u0131 \u201cbig data\u201d (b\u00f6y\u00fck veril\u0259nl\u0259r) v\u0259 buna \u0259saslanan t\u0259hlill\u0259r, sosial median\u0131n izl\u0259nm\u0259si v\u0259 ara\u015fd\u0131rmalar, texniki elmi t\u0259hlill\u0259r, el\u0259c\u0259 d\u0259 sosial v\u0259 iqtisadi islahatlar\u0131n monitorinqi v\u0259 qiym\u0259tl\u0259ndirilm\u0259si il\u0259 ba\u011fl\u0131 yaranan datalar\u0131n analizi aiddir.<\/p>\n<p>\u00dcmumiyy\u0259tl\u0259, d\u00fcnyada 6500-d\u0259n art\u0131q beyin m\u0259rk\u0259zi f\u0259aliyy\u0259t g\u00f6st\u0259rir ki, bu m\u0259rk\u0259zl\u0259rin bir \u00e7oxu effektiv kommunikasiyan\u0131n qurulmas\u0131, t\u0259sir imkanlar\u0131n\u0131n art\u0131r\u0131lmas\u0131 v\u0259 n\u0259tic\u0259nin \u0259ld\u0259 edilm\u0259sind\u0259 \u00f6l\u00e7\u00fc meyarlar\u0131 bar\u0259d\u0259 standartlar m\u00fc\u0259yy\u0259nl\u0259\u015fdirm\u0259k \u00fc\u00e7\u00fcn ara\u015fd\u0131rmalar apar\u0131r. Bu beyin m\u0259rk\u0259zl\u0259ri son 30 il \u0259rzind\u0259 qloballa\u015fma v\u0259 idar\u0259etm\u0259, beyn\u0259lxalq iqtisadiyyat, \u0259traf m\u00fchit probleml\u0259ri, beyn\u0259lxalq s\u00fclh v\u0259 t\u0259hl\u00fck\u0259sizlik, yoxsullu\u011fun azald\u0131lmas\u0131, s\u0259hiyy\u0259 v\u0259 qlobal sa\u011flaml\u0131q, informasiya v\u0259 c\u0259miyy\u0259t kimi m\u00fch\u00fcm sah\u0259l\u0259rd\u0259 bilik v\u0259 siyas\u0259t aras\u0131nda k\u00f6rp\u00fc yaratma\u011fa k\u00f6m\u0259k ed\u0259n bir s\u0131ra qlobal t\u0259\u015f\u0259bb\u00fcsl\u0259r ir\u0259li s\u00fcr\u00fcbl\u0259r. Beyin m\u0259rk\u0259zl\u0259ri beyn\u0259lxalq \u0259m\u0259kda\u015fl\u0131q s\u0259yl\u0259rini art\u0131rmaqla b\u00fct\u00fcn d\u00fcnyada v\u0259t\u0259nda\u015f c\u0259miyy\u0259tl\u0259rini g\u00fccl\u0259ndirir, siyasi q\u0259rarlar\u0131n q\u0259bul edilm\u0259si prosesini t\u0259kmill\u0259\u015fdirir, regional v\u0259 beyn\u0259lxalq \u015f\u0259b\u0259k\u0259l\u0259r yarad\u0131rlar. V\u0259t\u0259nda\u015f c\u0259miyy\u0259tind\u0259 iqtisadi siyas\u0259ti t\u0259hlil ed\u0259n t\u0259dqiqat m\u0259rk\u0259zl\u0259ri \u00f6n\u0259mli rola malikdir. Beyin m\u0259rk\u0259zl\u0259rind\u0259 d\u00fcnyan\u0131n apar\u0131c\u0131 aliml\u0259ri v\u0259 m\u00fct\u0259x\u0259ssisl\u0259ri \u00e7al\u0131\u015f\u0131rlar, h\u0259lli vacib m\u0259s\u0259l\u0259l\u0259r \u00fczr\u0259 siyasi s\u0259n\u0259dl\u0259r haz\u0131rlay\u0131rlar.<\/p>\n<p>Az\u0259rbaycanda 2022-ci il sentyabr\u0131n 28-d\u0259 Beyn\u0259lxalq M\u00fcnasib\u0259tl\u0259rin T\u0259hlili M\u0259rk\u0259zinin (BMTM) t\u0259\u015fkilat\u00e7\u0131l\u0131\u011f\u0131 il\u0259 Beyin M\u0259rk\u0259zl\u0259rinin I Forumu ke\u00e7irilib. Forumun ke\u00e7irilm\u0259sind\u0259 \u0259sas m\u0259qs\u0259d beyin m\u0259rk\u0259zl\u0259rinin f\u0259aliyy\u0259tinin stimulla\u015fd\u0131r\u0131lmas\u0131 v\u0259 onun d\u00f6vr\u00fcn t\u0259l\u0259bl\u0259rin\u0259 uy\u011fun t\u0259\u015fkil edilm\u0259si, d\u00f6vl\u0259t qurumlar\u0131 v\u0259 beyin m\u0259rk\u0259zl\u0259ri aras\u0131nda m\u00fct\u0259madi kommunikasiyan\u0131n, \u0259m\u0259kda\u015fl\u0131\u011f\u0131n qurulmas\u0131n\u0131n t\u0259min olunmas\u0131 idi. Forum \u00e7\u0259r\u00e7iv\u0259sind\u0259 apar\u0131lan m\u00fczakir\u0259l\u0259r v\u0259 veril\u0259n t\u0259klifl\u0259rin t\u0259hlili n\u00f6vb\u0259ti add\u0131mlar \u00fc\u00e7\u00fcn istiqam\u0259tl\u0259rin m\u00fc\u0259yy\u0259nl\u0259\u015fdirilm\u0259sin\u0259 imkan yarad\u0131b.<\/p>\n<p>Dey\u0259 bil\u0259rik ki, beyin m\u0259rk\u0259zl\u0259rinin c\u0259miyy\u0259td\u0259 t\u0259bli\u011fi bax\u0131m\u0131ndan m\u00fch\u00fcm \u0259h\u0259miyy\u0259t k\u0259sb ed\u0259n beyn\u0259lxalq forumlar\u0131n, konfranslar\u0131n t\u0259\u015fkili \u00f6lk\u0259mizd\u0259 \u0259n\u0259n\u0259 hal\u0131n\u0131 al\u0131b. Bel\u0259 ki, 2021-ci il aprelin 13-d\u0259 Prezident\u00a0<strong>\u0130lham \u018fliyevin<\/strong>\u00a0i\u015ftirak\u0131 il\u0259 ADA Universitetind\u0259 ke\u00e7iril\u0259n \u201cC\u0259nubi Qafqaza yeni bax\u0131\u015f: m\u00fcnaqi\u015f\u0259d\u0259n sonra inki\u015faf v\u0259 \u0259m\u0259kda\u015fl\u0131q\u201d m\u00f6vzusunda beyn\u0259lxalq konfransda i\u015ftirak\u00e7\u0131lar Qaraba\u011fda beyn\u0259lxalq konfrans\u0131n ke\u00e7irilm\u0259sini t\u0259klif edibl\u0259r v\u0259 d\u00f6vl\u0259timizin ba\u015f\u00e7\u0131s\u0131 bu t\u0259klifi m\u00fcsb\u0259t qiym\u0259tl\u0259ndirib. Bir il sonra &#8211; 2022-ci il aprelin 28-d\u0259 \u015eu\u015fada i\u015fin\u0259 ba\u015flayan v\u0259 Bak\u0131da davam ed\u0259n \u201cC\u0259nubi Qafqaz: \u0130nki\u015faf v\u0259 \u0259m\u0259kda\u015fl\u0131q\u201d m\u00f6vzusunda beyn\u0259lxalq konfransa 23 \u00f6lk\u0259d\u0259n g\u0259lmi\u015f 40 i\u015ftirak\u00e7\u0131 qat\u0131l\u0131b. T\u0259sad\u00fcfi deyil ki, beyn\u0259lxalq konfrans\u0131n i\u015ftirak\u00e7\u0131lar\u0131 \u015eu\u015fada quruculuq v\u0259 b\u0259rpa m\u00f6vzusunda \u201c\u015eu\u015fa &#8211; dir\u00e7\u0259li\u015f\u0259 ged\u0259n yol\u201d, postm\u00fcnaqi\u015f\u0259 d\u00f6vr\u00fcn\u0259 dair \u201c\u018fm\u0259kda\u015fl\u0131q, imkanlar v\u0259 \u00e7a\u011f\u0131r\u0131\u015flar\u201d adl\u0131 panel m\u00fczakir\u0259l\u0259ri ke\u00e7iribl\u0259r. Bu m\u00fch\u00fcm platforma xarici ekspertl\u0259r\u0259 postm\u00fcnaqi\u015f\u0259 d\u00f6vr\u00fcnd\u0259 C\u0259nubi Qafqaz \u00f6lk\u0259l\u0259ri aras\u0131nda \u0259laq\u0259l\u0259rin inki\u015faf\u0131, kommunikasiyalar\u0131n a\u00e7\u0131lmas\u0131 imkanlar\u0131n\u0131n n\u0259z\u0259rd\u0259n ke\u00e7irilm\u0259si, b\u00f6lg\u0259nin t\u0259r\u0259qqisinin, t\u0259hl\u00fck\u0259sizliyinin v\u0259 rifah\u0131n\u0131n t\u0259m\u0259li kimi Az\u0259rbaycan\u0131n Erm\u0259nistanla m\u00fcnasib\u0259tl\u0259rin normalla\u015fd\u0131r\u0131lmas\u0131 \u00fc\u00e7\u00fcn s\u00fclh g\u00fcnd\u0259liyinin m\u00fczakir\u0259si bax\u0131m\u0131ndan \u0259lveri\u015fli imkan yarad\u0131b.<\/p>\n<p>\u00d6t\u0259n il dekabr\u0131n 6-da Bak\u0131da ADA Universitetinin v\u0259 Beyn\u0259lxalq M\u00fcnasib\u0259tl\u0259rin T\u0259hlili M\u0259rk\u0259zinin birg\u0259 t\u0259\u015fkilat\u00e7\u0131l\u0131\u011f\u0131 il\u0259 \u201cQaraba\u011f: 30 ild\u0259n sonra ev\u0259 d\u00f6n\u00fc\u015f. Nailiyy\u0259tl\u0259r v\u0259 \u00e7\u0259tinlikl\u0259r\u201d m\u00f6vzusunda Forum t\u0259\u015fkil olunub. Forumda Prezident \u0130lham \u018fliyev d\u0259 i\u015ftirak edib. Forumdan bir g\u00fcn \u0259vv\u0259l &#8211; dekabr\u0131n 5-d\u0259 30 \u00f6lk\u0259ni t\u0259msil ed\u0259n 60 xarici ekspertin i\u015ftirak\u0131 il\u0259 Z\u0259ngilanda panel m\u00fczakir\u0259 ke\u00e7irilib. Forum i\u015ftirak\u00e7\u0131lar\u0131 i\u015f\u011faldan azad edilmi\u015f Z\u0259ngilan rayonunun a\u011f\u0131ll\u0131 v\u0259 ekoloji c\u0259h\u0259td\u0259n t\u0259miz A\u011fal\u0131 k\u0259ndind\u0259ki inki\u015faf\u0131n \u015fahidi olublar. Bu Forum qay\u0131d\u0131\u015f prosesinin sosial, iqtisadi, t\u0259hl\u00fck\u0259sizlik v\u0259 infrastruktur aspektl\u0259rini, beyn\u0259lxalq t\u0259cr\u00fcb\u0259nin \u00f6lk\u0259mizd\u0259 t\u0259tbiqini m\u00fczakir\u0259 etm\u0259y\u0259 imkan verib.<\/p>\n<p>Beyin m\u0259rk\u0259zl\u0259ri \u00f6z missiyalar\u0131n\u0131 yerin\u0259 yetirm\u0259k \u00fc\u00e7\u00fcn, ilk n\u00f6vb\u0259d\u0259, do\u011fru auditoriyan\u0131n m\u00fc\u0259yy\u0259n edilm\u0259sin\u0259 \u00e7al\u0131\u015f\u0131rlar. Y\u0259ni, h\u0259r bir beyin m\u0259rk\u0259zi \u00f6z missiya v\u0259 m\u0259qs\u0259dl\u0259rini ayd\u0131n m\u00fc\u0259yy\u0259n ed\u0259 bils\u0259, onun u\u011fur qazanma ehtimal\u0131 da y\u00fcks\u0259k olar. Beyin m\u0259rk\u0259zi f\u0259aliyy\u0259ti zaman\u0131 hans\u0131 auditoriyaya t\u0259sir etm\u0259k ist\u0259diyini d\u0259qiq m\u00fc\u0259yy\u0259nl\u0259\u015fdirm\u0259lidir. Bu g\u00fcn Bak\u0131da 30 \u00f6lk\u0259ni t\u0259msil ed\u0259n 100-d\u0259k n\u00fcfuzlu ekspertin i\u015ftirak\u0131 il\u0259 ke\u00e7iril\u0259c\u0259k y\u00fcks\u0259ks\u0259viyy\u0259li beyn\u0259lxalq konfransda da BMT-nin \u0130qlim D\u0259yi\u015fm\u0259l\u0259ri \u00fczr\u0259 \u00c7\u0259r\u00e7iv\u0259 Konvensiyas\u0131n\u0131n T\u0259r\u0259fl\u0259r Konfrans\u0131n\u0131n 29-cu sessiyas\u0131 \u2013 COP29 v\u0259 Az\u0259rbaycan\u0131n ya\u015f\u0131l enerji siyas\u0259ti m\u00fczakir\u0259 olunacaq. Prezident \u0130lham \u018fliyevin s\u0259r\u0259ncam\u0131 il\u0259 Az\u0259rbaycanda elan edilmi\u015f \u201cYa\u015f\u0131l d\u00fcnya namin\u0259 h\u0259mr\u0259ylik ili\u201dn\u0259 t\u0259sad\u00fcf ed\u0259n bud\u0259f\u0259ki konfrans i\u015fini Erm\u0259nistan\u0131n 30 illik i\u015f\u011fal\u0131ndan azad olunmu\u015f La\u00e7\u0131nda davam etdir\u0259c\u0259k v\u0259 iqlim d\u0259yi\u015fm\u0259l\u0259rinin f\u0259sadlar\u0131na qar\u015f\u0131 m\u00fcbariz\u0259y\u0259 \u00f6z t\u00f6hf\u0259sini ver\u0259c\u0259k.<\/p>\n<p>Qeyd ed\u0259k ki, i\u015f\u011faldan azad edilmi\u015f \u0259razil\u0259rd\u0259 h\u0259yata ke\u00e7iril\u0259n geni\u015fmiqyasl\u0131 b\u0259rpa v\u0259 yenid\u0259nqurma prosesind\u0259 \u0259traf m\u00fchitin qorunmas\u0131 prioritetdir. H\u0259min \u0259razil\u0259rd\u0259 \u201ca\u011f\u0131ll\u0131 \u015f\u0259h\u0259r\u201d, \u201ca\u011f\u0131ll\u0131 k\u0259nd\u201d kimi innovativ yana\u015fmalar t\u0259tbiq edilir, ekosistem b\u0259rpa olunur. \u0130qtisadi v\u0259 eyni zamanda, ya\u015f\u0131l inki\u015fafa fokuslanan beyin m\u0259rk\u0259zl\u0259ri v\u0259 akademik institutlar\u0131n n\u00fcmay\u0259nd\u0259l\u0259ri universall\u0131\u011fa d\u0259st\u0259k verm\u0259lidirl\u0259r. Onlar\u0131n bilikl\u0259ri \u201cqlobal ictimai m\u0259hsul\u201d hesab edilir. Ona g\u00f6r\u0259 d\u0259 beyin m\u0259rk\u0259zl\u0259rinin v\u0259 dig\u0259r bilik institutlar\u0131n\u0131n konfransda i\u015ftirak ed\u0259n n\u00fcmay\u0259nd\u0259l\u0259ri milli, regional v\u0259 qlobal s\u0259viyy\u0259l\u0259rd\u0259 probleml\u0259rin h\u0259ll yollar\u0131n\u0131 payla\u015fmal\u0131d\u0131rlar.<\/p>\n","protected":false},"excerpt":{"rendered":"<p>Az\u0259rbaycanda \u201cCOP29 v\u0259 Az\u0259rbaycan \u00fc\u00e7\u00fcn ya\u015f\u0131l bax\u0131\u015f\u201d Beyn\u0259lxalq Forumu ke\u00e7irilir. ARANTV.AZ x\u0259b\u0259r verir ki, forum ADA Universitetind\u0259 t\u0259\u015fkil olunub. T\u0259dbird\u0259 Az\u0259rbaycan Respublikas\u0131n\u0131n Prezidenti\u00a0\u0130lham \u018fliyev\u00a0i\u015ftirak edir. Forumu canl\u0131 olaraq izl\u0259y\u0259 bil\u0259rsiniz: 09:14 Beyn\u0259lxalq arenada beyin m\u0259rk\u0259zl\u0259rinin rolu informasiya t\u0259hl\u00fck\u0259sizliyi v\u0259 texnoloji inqilab, h\u0259m\u00e7inin siyas\u0259t probleml\u0259rinin artan m\u00fcr\u0259kk\u0259bliyi fonunda getdikc\u0259 g\u00fccl\u0259nir. Beyin m\u0259rk\u0259zl\u0259rinin yeni bilik yaratmaq, sosial probleml\u0259ri t\u0259hlil etm\u0259k, c\u0259miyy\u0259t\u0259 innovativ ideyalar t\u0259qdim etm\u0259k kimi funksiyalar\u0131 vard\u0131r. Onlar\u0131n \u0259sas m\u0259qs\u0259di ictimai \u0259h\u0259miyy\u0259t k\u0259sb ed\u0259n m\u0259s\u0259l\u0259l\u0259rd\u0259 q\u0259rarvericil\u0259r\u0259 t\u00f6vsiy\u0259l\u0259r haz\u0131rlamaq v\u0259 geni\u015f sosial m\u00fczakir\u0259 m\u00f6vzular\u0131 yaratmaqd\u0131r. AZ\u018fRTAC x\u0259b\u0259r verir ki, son ill\u0259r regionumuzda,&hellip;<\/p>\n","protected":false},"author":2,"featured_media":714472,"comment_status":"closed","ping_status":"closed","sticky":false,"template":"","format":"standard","meta":{"om_disable_all_campaigns":false,"_monsterinsights_skip_tracking":false,"_monsterinsights_sitenote_active":false,"_monsterinsights_sitenote_note":"","_monsterinsights_sitenote_category":0},"categories":[4],"tags":[],"aioseo_notices":[],"gutentor_comment":0,"rttpg_featured_image_url":{"full":["https:\/\/arantv.az\/wp-content\/uploads\/2024\/04\/FotoJet-1-25.jpg",620,413,false],"landscape":["https:\/\/arantv.az\/wp-content\/uploads\/2024\/04\/FotoJet-1-25.jpg",620,413,false],"portraits":["https:\/\/arantv.az\/wp-content\/uploads\/2024\/04\/FotoJet-1-25.jpg",620,413,false],"thumbnail":["https:\/\/arantv.az\/wp-content\/uploads\/2024\/04\/FotoJet-1-25-500x280.jpg",500,280,true],"medium":["https:\/\/arantv.az\/wp-content\/uploads\/2024\/04\/FotoJet-1-25-548x365.jpg",548,365,true],"large":["https:\/\/arantv.az\/wp-content\/uploads\/2024\/04\/FotoJet-1-25.jpg",620,413,false],"1536x1536":["https:\/\/arantv.az\/wp-content\/uploads\/2024\/04\/FotoJet-1-25.jpg",620,413,false],"2048x2048":["https:\/\/arantv.az\/wp-content\/uploads\/2024\/04\/FotoJet-1-25.jpg",620,413,false],"post-thumbnail":["https:\/\/arantv.az\/wp-content\/uploads\/2024\/04\/FotoJet-1-25-240x172.jpg",240,172,true],"advps-thumb-one":["https:\/\/arantv.az\/wp-content\/uploads\/2024\/04\/FotoJet-1-25.jpg",620,413,false]},"rttpg_author":{"display_name":"V\u00fcsal Rafiqo\u011flu","author_link":"https:\/\/arantv.az\/?author=2"},"rttpg_comment":0,"rttpg_category":"<a href=\"https:\/\/arantv.az\/?cat=4\" rel=\"category\">Siyas\u0259t<\/a>","rttpg_excerpt":"Az\u0259rbaycanda \u201cCOP29 v\u0259 Az\u0259rbaycan \u00fc\u00e7\u00fcn ya\u015f\u0131l bax\u0131\u015f\u201d Beyn\u0259lxalq Forumu ke\u00e7irilir. ARANTV.AZ x\u0259b\u0259r verir ki, forum ADA Universitetind\u0259 t\u0259\u015fkil olunub. T\u0259dbird\u0259 Az\u0259rbaycan Respublikas\u0131n\u0131n Prezidenti\u00a0\u0130lham \u018fliyev\u00a0i\u015ftirak edir. Forumu canl\u0131 olaraq izl\u0259y\u0259 bil\u0259rsiniz: 09:14 Beyn\u0259lxalq arenada beyin m\u0259rk\u0259zl\u0259rinin rolu informasiya t\u0259hl\u00fck\u0259sizliyi v\u0259 texnoloji inqilab, h\u0259m\u00e7inin siyas\u0259t probleml\u0259rinin artan m\u00fcr\u0259kk\u0259bliyi fonunda getdikc\u0259 g\u00fccl\u0259nir. Beyin m\u0259rk\u0259zl\u0259rinin yeni bilik yaratmaq, sosial&hellip;","_links":{"self":[{"href":"https:\/\/arantv.az\/index.php?rest_route=\/wp\/v2\/posts\/714471"}],"collection":[{"href":"https:\/\/arantv.az\/index.php?rest_route=\/wp\/v2\/posts"}],"about":[{"href":"https:\/\/arantv.az\/index.php?rest_route=\/wp\/v2\/types\/post"}],"author":[{"embeddable":true,"href":"https:\/\/arantv.az\/index.php?rest_route=\/wp\/v2\/users\/2"}],"replies":[{"embeddable":true,"href":"https:\/\/arantv.az\/index.php?rest_route=%2Fwp%2Fv2%2Fcomments&post=714471"}],"version-history":[{"count":0,"href":"https:\/\/arantv.az\/index.php?rest_route=\/wp\/v2\/posts\/714471\/revisions"}],"wp:featuredmedia":[{"embeddable":true,"href":"https:\/\/arantv.az\/index.php?rest_route=\/wp\/v2\/media\/714472"}],"wp:attachment":[{"href":"https:\/\/arantv.az\/index.php?rest_route=%2Fwp%2Fv2%2Fmedia&parent=714471"}],"wp:term":[{"taxonomy":"category","embeddable":true,"href":"https:\/\/arantv.az\/index.php?rest_route=%2Fwp%2Fv2%2Fcategories&post=714471"},{"taxonomy":"post_tag","embeddable":true,"href":"https:\/\/arantv.az\/index.php?rest_route=%2Fwp%2Fv2%2Ftags&post=714471"}],"curies":[{"name":"wp","href":"https:\/\/api.w.org\/{rel}","templated":true}]}}