{"id":714475,"date":"2024-04-23T14:37:02","date_gmt":"2024-04-23T10:37:02","guid":{"rendered":"https:\/\/arantv.az\/?p=714475"},"modified":"2024-04-23T14:37:02","modified_gmt":"2024-04-23T10:37:02","slug":"ilham-%c9%99liyev-erm%c9%99nistani-istisna-olmaqla-aib-%c9%99-uzv-olk%c9%99l%c9%99rl%c9%99-six-t%c9%99r%c9%99fdasliq-munasib%c9%99tl%c9%99rimiz-var","status":"publish","type":"post","link":"https:\/\/arantv.az\/?p=714475","title":{"rendered":"\u0130lham \u018fliyev: \u201cErm\u0259nistan\u0131 istisna olmaqla, A\u0130B-\u0259 \u00fczv \u00f6lk\u0259l\u0259rl\u0259 s\u0131x t\u0259r\u0259fda\u015fl\u0131q m\u00fcnasib\u0259tl\u0259rimiz var\u201d"},"content":{"rendered":"<p>\u201cBiz Avrasiya \u0130qtisadi Birliyin b\u0259zi t\u0259dbirl\u0259rin\u0259 Prezident v\u0259 Ba\u015f nazir s\u0259viyy\u0259sind\u0259 d\u0259v\u0259t edilmi\u015fik\u201d.<\/p>\n<p><a href=\"https:\/\/azertag.az\/xeber\/prezident_ermenistani_istisna_olmaqda_avrasiya_iqtisadi_birliyine_uzv_olkelerle_chox_six_terefdasliq_munasibetlerimiz_var-2975063\" target=\"_blank\" rel=\"noopener\">AZ\u018fRTAC<\/a>\u00a0x\u0259b\u0259r verir ki, bu s\u00f6zl\u0259ri Az\u0259rbaycan Prezidenti\u00a0<strong>\u0130lham \u018fliyev<\/strong>\u00a0aprelin 23-d\u0259 ADA Universitetind\u0259 ke\u00e7iril\u0259n \u201cCOP29 v\u0259 Az\u0259rbaycan \u00fc\u00e7\u00fcn Ya\u015f\u0131l Bax\u0131\u015f\u201d m\u00f6vzusunda beyn\u0259lxalq forumda \u00e7\u0131x\u0131\u015f\u0131 zaman\u0131 s\u00f6yl\u0259yib.<\/p>\n<p>Avrasiya \u0130qtisadi Birliyin t\u0259dbirl\u0259rind\u0259 bir d\u0259f\u0259 f\u0259xri qonaq kimi i\u015ftirak etdiyini xat\u0131rladan d\u00f6vl\u0259timizin ba\u015f\u00e7\u0131s\u0131 vur\u011fulay\u0131b:<\/p>\n<p>\u201cErm\u0259nistan istisna olmaqla, Avrasiya \u0130qtisadi Birliyin\u0259 \u00fczv b\u00fct\u00fcn \u00f6lk\u0259l\u0259rl\u0259 Az\u0259rbaycan\u0131n \u00e7ox s\u0131x t\u0259r\u0259fda\u015fl\u0131q m\u00fcnasib\u0259tl\u0259ri var\u201d.<\/p>\n","protected":false},"excerpt":{"rendered":"<p>\u201cBiz Avrasiya \u0130qtisadi Birliyin b\u0259zi t\u0259dbirl\u0259rin\u0259 Prezident v\u0259 Ba\u015f nazir s\u0259viyy\u0259sind\u0259 d\u0259v\u0259t edilmi\u015fik\u201d. AZ\u018fRTAC\u00a0x\u0259b\u0259r verir ki, bu s\u00f6zl\u0259ri Az\u0259rbaycan Prezidenti\u00a0\u0130lham \u018fliyev\u00a0aprelin 23-d\u0259 ADA Universitetind\u0259 ke\u00e7iril\u0259n \u201cCOP29 v\u0259 Az\u0259rbaycan \u00fc\u00e7\u00fcn Ya\u015f\u0131l Bax\u0131\u015f\u201d m\u00f6vzusunda beyn\u0259lxalq forumda \u00e7\u0131x\u0131\u015f\u0131 zaman\u0131 s\u00f6yl\u0259yib. Avrasiya \u0130qtisadi Birliyin t\u0259dbirl\u0259rind\u0259 bir d\u0259f\u0259 f\u0259xri qonaq kimi i\u015ftirak etdiyini xat\u0131rladan d\u00f6vl\u0259timizin ba\u015f\u00e7\u0131s\u0131 vur\u011fulay\u0131b: \u201cErm\u0259nistan istisna olmaqla, Avrasiya \u0130qtisadi Birliyin\u0259 \u00fczv b\u00fct\u00fcn \u00f6lk\u0259l\u0259rl\u0259 Az\u0259rbaycan\u0131n \u00e7ox s\u0131x t\u0259r\u0259fda\u015fl\u0131q m\u00fcnasib\u0259tl\u0259ri var\u201d.<\/p>\n","protected":false},"author":2,"featured_media":714476,"comment_status":"closed","ping_status":"closed","sticky":false,"template":"","format":"standard","meta":{"om_disable_all_campaigns":false,"_monsterinsights_skip_tracking":false,"_monsterinsights_sitenote_active":false,"_monsterinsights_sitenote_note":"","_monsterinsights_sitenote_category":0},"categories":[4],"tags":[],"aioseo_notices":[],"gutentor_comment":0,"rttpg_featured_image_url":{"full":["https:\/\/arantv.az\/wp-content\/uploads\/2024\/04\/ilham-E_liyev.jpg",620,413,false],"landscape":["https:\/\/arantv.az\/wp-content\/uploads\/2024\/04\/ilham-E_liyev.jpg",620,413,false],"portraits":["https:\/\/arantv.az\/wp-content\/uploads\/2024\/04\/ilham-E_liyev.jpg",620,413,false],"thumbnail":["https:\/\/arantv.az\/wp-content\/uploads\/2024\/04\/ilham-E_liyev-500x280.jpg",500,280,true],"medium":["https:\/\/arantv.az\/wp-content\/uploads\/2024\/04\/ilham-E_liyev-548x365.jpg",548,365,true],"large":["https:\/\/arantv.az\/wp-content\/uploads\/2024\/04\/ilham-E_liyev.jpg",620,413,false],"1536x1536":["https:\/\/arantv.az\/wp-content\/uploads\/2024\/04\/ilham-E_liyev.jpg",620,413,false],"2048x2048":["https:\/\/arantv.az\/wp-content\/uploads\/2024\/04\/ilham-E_liyev.jpg",620,413,false],"post-thumbnail":["https:\/\/arantv.az\/wp-content\/uploads\/2024\/04\/ilham-E_liyev-240x172.jpg",240,172,true],"advps-thumb-one":["https:\/\/arantv.az\/wp-content\/uploads\/2024\/04\/ilham-E_liyev.jpg",620,413,false]},"rttpg_author":{"display_name":"V\u00fcsal Rafiqo\u011flu","author_link":"https:\/\/arantv.az\/?author=2"},"rttpg_comment":0,"rttpg_category":"<a href=\"https:\/\/arantv.az\/?cat=4\" rel=\"category\">Siyas\u0259t<\/a>","rttpg_excerpt":"\u201cBiz Avrasiya \u0130qtisadi Birliyin b\u0259zi t\u0259dbirl\u0259rin\u0259 Prezident v\u0259 Ba\u015f nazir s\u0259viyy\u0259sind\u0259 d\u0259v\u0259t edilmi\u015fik\u201d. AZ\u018fRTAC\u00a0x\u0259b\u0259r verir ki, bu s\u00f6zl\u0259ri Az\u0259rbaycan Prezidenti\u00a0\u0130lham \u018fliyev\u00a0aprelin 23-d\u0259 ADA Universitetind\u0259 ke\u00e7iril\u0259n \u201cCOP29 v\u0259 Az\u0259rbaycan \u00fc\u00e7\u00fcn Ya\u015f\u0131l Bax\u0131\u015f\u201d m\u00f6vzusunda beyn\u0259lxalq forumda \u00e7\u0131x\u0131\u015f\u0131 zaman\u0131 s\u00f6yl\u0259yib. Avrasiya \u0130qtisadi Birliyin t\u0259dbirl\u0259rind\u0259 bir d\u0259f\u0259 f\u0259xri qonaq kimi i\u015ftirak etdiyini xat\u0131rladan d\u00f6vl\u0259timizin ba\u015f\u00e7\u0131s\u0131 vur\u011fulay\u0131b: \u201cErm\u0259nistan istisna olmaqla,&hellip;","_links":{"self":[{"href":"https:\/\/arantv.az\/index.php?rest_route=\/wp\/v2\/posts\/714475"}],"collection":[{"href":"https:\/\/arantv.az\/index.php?rest_route=\/wp\/v2\/posts"}],"about":[{"href":"https:\/\/arantv.az\/index.php?rest_route=\/wp\/v2\/types\/post"}],"author":[{"embeddable":true,"href":"https:\/\/arantv.az\/index.php?rest_route=\/wp\/v2\/users\/2"}],"replies":[{"embeddable":true,"href":"https:\/\/arantv.az\/index.php?rest_route=%2Fwp%2Fv2%2Fcomments&post=714475"}],"version-history":[{"count":0,"href":"https:\/\/arantv.az\/index.php?rest_route=\/wp\/v2\/posts\/714475\/revisions"}],"wp:featuredmedia":[{"embeddable":true,"href":"https:\/\/arantv.az\/index.php?rest_route=\/wp\/v2\/media\/714476"}],"wp:attachment":[{"href":"https:\/\/arantv.az\/index.php?rest_route=%2Fwp%2Fv2%2Fmedia&parent=714475"}],"wp:term":[{"taxonomy":"category","embeddable":true,"href":"https:\/\/arantv.az\/index.php?rest_route=%2Fwp%2Fv2%2Fcategories&post=714475"},{"taxonomy":"post_tag","embeddable":true,"href":"https:\/\/arantv.az\/index.php?rest_route=%2Fwp%2Fv2%2Ftags&post=714475"}],"curies":[{"name":"wp","href":"https:\/\/api.w.org\/{rel}","templated":true}]}}