{"id":714479,"date":"2024-04-23T14:37:32","date_gmt":"2024-04-23T10:37:32","guid":{"rendered":"https:\/\/arantv.az\/?p=714479"},"modified":"2024-04-23T14:37:32","modified_gmt":"2024-04-23T10:37:32","slug":"%c9%99rdogandan-erm%c9%99nistana-x%c9%99b%c9%99rdarliq-furs%c9%99t-qapilari-h%c9%99mis%c9%99-aciq-qalmir","status":"publish","type":"post","link":"https:\/\/arantv.az\/?p=714479","title":{"rendered":"\u018frdo\u011fandan Erm\u0259nistana x\u0259b\u0259rdarl\u0131q: \u201cF\u00fcrs\u0259t qap\u0131lar\u0131 h\u0259mi\u015f\u0259 a\u00e7\u0131q qalm\u0131r\u201d"},"content":{"rendered":"<p>\u201cArt\u0131q regionda yeni bir nizam qurulur\u201d.<\/p>\n<p>Bu bar\u0259d\u0259 T\u00fcrkiy\u0259 Prezidenti R\u0259c\u0259b Tayyib \u018frdo\u011fan \u0130raqdan qay\u0131dark\u0259n jurnalistl\u0259r\u0259 m\u00fcsahib\u0259sind\u0259 bildirib.<\/p>\n<p>O qeyd edib ki, ger\u00e7\u0259klikl\u0259 he\u00e7 bir \u0259laq\u0259si olmayan uydurma tarixi hekay\u0259l\u0259r \u00fcz\u0259rind\u0259 h\u0259r\u0259k\u0259t etm\u0259kd\u0259ns\u0259, zaman\u0131n reall\u0131qlar\u0131na \u0259saslanaraq h\u0259r\u0259k\u0259t etm\u0259k h\u0259mi\u015f\u0259 daha yax\u015f\u0131d\u0131r.<\/p>\n<p>\u201c\u0130ndi Pa\u015finyan da bunu ba\u015fa d\u00fc\u015f\u00fcr\u201d, &#8211; dey\u0259 o vur\u011fulay\u0131b.<\/p>\n<div id=\"22889818619\"><\/div>\n<p>\u018frdo\u011fan\u0131n s\u00f6zl\u0259rin\u0259 g\u00f6r\u0259, onlar bu m\u0259s\u0259l\u0259 il\u0259 ba\u011fl\u0131 \u00e7ox a\u00e7\u0131q dan\u0131\u015f\u0131blar.<\/p>\n<p>\u201c\u0130ndi yeni yol x\u0259rit\u0259l\u0259ri yaratma\u011f\u0131n vaxt\u0131d\u0131r. \u00dcmid edir\u0259m ki, Erm\u0259nistan diasporun onlar\u0131 \u0259sar\u0259t\u0259 sald\u0131\u011f\u0131 qaranl\u0131qdan xilas olacaq. F\u00fcrs\u0259t qap\u0131lar\u0131 h\u0259mi\u015f\u0259 a\u00e7\u0131q qalm\u0131r. A\u00e7\u0131q qald\u0131\u011f\u0131 m\u00fcdd\u0259tc\u0259 ondan d\u00fczg\u00fcn istifad\u0259 etm\u0259k laz\u0131md\u0131r. Bu prosesd\u0259 t\u0259kc\u0259 diaspor deyil, ba\u015fqalar\u0131 da, g\u00f6rd\u00fcy\u00fcn\u00fcz kimi, Erm\u0259nistana t\u0259sir g\u00f6st\u0259rm\u0259y\u0259 \u00e7al\u0131\u015f\u0131rlar. Biz bunlardan x\u0259b\u0259rdar\u0131q. Biz d\u0259 vaxta\u015f\u0131r\u0131 x\u0259b\u0259rdarl\u0131qlar etdik. \u00dcmid edir\u0259m ki, Erm\u0259nistan d\u00fczg\u00fcn yolu se\u00e7\u0259r v\u0259 yeni d\u00f6vr ba\u015flayar\u201d, &#8211; dey\u0259 o bildirib.<\/p>\n<p>M\u0259nb\u0259: ntv.com<\/p>\n","protected":false},"excerpt":{"rendered":"<p>\u201cArt\u0131q regionda yeni bir nizam qurulur\u201d. Bu bar\u0259d\u0259 T\u00fcrkiy\u0259 Prezidenti R\u0259c\u0259b Tayyib \u018frdo\u011fan \u0130raqdan qay\u0131dark\u0259n jurnalistl\u0259r\u0259 m\u00fcsahib\u0259sind\u0259 bildirib. O qeyd edib ki, ger\u00e7\u0259klikl\u0259 he\u00e7 bir \u0259laq\u0259si olmayan uydurma tarixi hekay\u0259l\u0259r \u00fcz\u0259rind\u0259 h\u0259r\u0259k\u0259t etm\u0259kd\u0259ns\u0259, zaman\u0131n reall\u0131qlar\u0131na \u0259saslanaraq h\u0259r\u0259k\u0259t etm\u0259k h\u0259mi\u015f\u0259 daha yax\u015f\u0131d\u0131r. \u201c\u0130ndi Pa\u015finyan da bunu ba\u015fa d\u00fc\u015f\u00fcr\u201d, &#8211; dey\u0259 o vur\u011fulay\u0131b. \u018frdo\u011fan\u0131n s\u00f6zl\u0259rin\u0259 g\u00f6r\u0259, onlar bu m\u0259s\u0259l\u0259 il\u0259 ba\u011fl\u0131 \u00e7ox a\u00e7\u0131q dan\u0131\u015f\u0131blar. \u201c\u0130ndi yeni yol x\u0259rit\u0259l\u0259ri yaratma\u011f\u0131n vaxt\u0131d\u0131r. \u00dcmid edir\u0259m ki, Erm\u0259nistan diasporun onlar\u0131 \u0259sar\u0259t\u0259 sald\u0131\u011f\u0131 qaranl\u0131qdan xilas olacaq. F\u00fcrs\u0259t qap\u0131lar\u0131 h\u0259mi\u015f\u0259 a\u00e7\u0131q qalm\u0131r. A\u00e7\u0131q qald\u0131\u011f\u0131 m\u00fcdd\u0259tc\u0259 ondan d\u00fczg\u00fcn istifad\u0259&hellip;<\/p>\n","protected":false},"author":2,"featured_media":714480,"comment_status":"closed","ping_status":"closed","sticky":false,"template":"","format":"standard","meta":{"om_disable_all_campaigns":false,"_monsterinsights_skip_tracking":false,"_monsterinsights_sitenote_active":false,"_monsterinsights_sitenote_note":"","_monsterinsights_sitenote_category":0},"categories":[4],"tags":[],"aioseo_notices":[],"gutentor_comment":0,"rttpg_featured_image_url":{"full":["https:\/\/arantv.az\/wp-content\/uploads\/2024\/04\/04533c4f-3067-30fd-aef4-906d92143557_850.jpg",620,413,false],"landscape":["https:\/\/arantv.az\/wp-content\/uploads\/2024\/04\/04533c4f-3067-30fd-aef4-906d92143557_850.jpg",620,413,false],"portraits":["https:\/\/arantv.az\/wp-content\/uploads\/2024\/04\/04533c4f-3067-30fd-aef4-906d92143557_850.jpg",620,413,false],"thumbnail":["https:\/\/arantv.az\/wp-content\/uploads\/2024\/04\/04533c4f-3067-30fd-aef4-906d92143557_850-500x280.jpg",500,280,true],"medium":["https:\/\/arantv.az\/wp-content\/uploads\/2024\/04\/04533c4f-3067-30fd-aef4-906d92143557_850-548x365.jpg",548,365,true],"large":["https:\/\/arantv.az\/wp-content\/uploads\/2024\/04\/04533c4f-3067-30fd-aef4-906d92143557_850.jpg",620,413,false],"1536x1536":["https:\/\/arantv.az\/wp-content\/uploads\/2024\/04\/04533c4f-3067-30fd-aef4-906d92143557_850.jpg",620,413,false],"2048x2048":["https:\/\/arantv.az\/wp-content\/uploads\/2024\/04\/04533c4f-3067-30fd-aef4-906d92143557_850.jpg",620,413,false],"post-thumbnail":["https:\/\/arantv.az\/wp-content\/uploads\/2024\/04\/04533c4f-3067-30fd-aef4-906d92143557_850-240x172.jpg",240,172,true],"advps-thumb-one":["https:\/\/arantv.az\/wp-content\/uploads\/2024\/04\/04533c4f-3067-30fd-aef4-906d92143557_850.jpg",620,413,false]},"rttpg_author":{"display_name":"V\u00fcsal Rafiqo\u011flu","author_link":"https:\/\/arantv.az\/?author=2"},"rttpg_comment":0,"rttpg_category":"<a href=\"https:\/\/arantv.az\/?cat=4\" rel=\"category\">Siyas\u0259t<\/a>","rttpg_excerpt":"\u201cArt\u0131q regionda yeni bir nizam qurulur\u201d. Bu bar\u0259d\u0259 T\u00fcrkiy\u0259 Prezidenti R\u0259c\u0259b Tayyib \u018frdo\u011fan \u0130raqdan qay\u0131dark\u0259n jurnalistl\u0259r\u0259 m\u00fcsahib\u0259sind\u0259 bildirib. O qeyd edib ki, ger\u00e7\u0259klikl\u0259 he\u00e7 bir \u0259laq\u0259si olmayan uydurma tarixi hekay\u0259l\u0259r \u00fcz\u0259rind\u0259 h\u0259r\u0259k\u0259t etm\u0259kd\u0259ns\u0259, zaman\u0131n reall\u0131qlar\u0131na \u0259saslanaraq h\u0259r\u0259k\u0259t etm\u0259k h\u0259mi\u015f\u0259 daha yax\u015f\u0131d\u0131r. \u201c\u0130ndi Pa\u015finyan da bunu ba\u015fa d\u00fc\u015f\u00fcr\u201d, &#8211; dey\u0259 o vur\u011fulay\u0131b. \u018frdo\u011fan\u0131n s\u00f6zl\u0259rin\u0259 g\u00f6r\u0259, onlar&hellip;","_links":{"self":[{"href":"https:\/\/arantv.az\/index.php?rest_route=\/wp\/v2\/posts\/714479"}],"collection":[{"href":"https:\/\/arantv.az\/index.php?rest_route=\/wp\/v2\/posts"}],"about":[{"href":"https:\/\/arantv.az\/index.php?rest_route=\/wp\/v2\/types\/post"}],"author":[{"embeddable":true,"href":"https:\/\/arantv.az\/index.php?rest_route=\/wp\/v2\/users\/2"}],"replies":[{"embeddable":true,"href":"https:\/\/arantv.az\/index.php?rest_route=%2Fwp%2Fv2%2Fcomments&post=714479"}],"version-history":[{"count":0,"href":"https:\/\/arantv.az\/index.php?rest_route=\/wp\/v2\/posts\/714479\/revisions"}],"wp:featuredmedia":[{"embeddable":true,"href":"https:\/\/arantv.az\/index.php?rest_route=\/wp\/v2\/media\/714480"}],"wp:attachment":[{"href":"https:\/\/arantv.az\/index.php?rest_route=%2Fwp%2Fv2%2Fmedia&parent=714479"}],"wp:term":[{"taxonomy":"category","embeddable":true,"href":"https:\/\/arantv.az\/index.php?rest_route=%2Fwp%2Fv2%2Fcategories&post=714479"},{"taxonomy":"post_tag","embeddable":true,"href":"https:\/\/arantv.az\/index.php?rest_route=%2Fwp%2Fv2%2Ftags&post=714479"}],"curies":[{"name":"wp","href":"https:\/\/api.w.org\/{rel}","templated":true}]}}