{"id":714482,"date":"2024-04-23T14:38:03","date_gmt":"2024-04-23T10:38:03","guid":{"rendered":"https:\/\/arantv.az\/?p=714482"},"modified":"2024-04-23T14:38:03","modified_gmt":"2024-04-23T10:38:03","slug":"prezident-cop29-beyn%c9%99lxalq-ictimaiyy%c9%99tin-az%c9%99rbaycana-boyuk-horm%c9%99t-v%c9%99-d%c9%99st%c9%99yinin-t%c9%99zahurudur","status":"publish","type":"post","link":"https:\/\/arantv.az\/?p=714482","title":{"rendered":"Prezident: \u201cCOP29 beyn\u0259lxalq ictimaiyy\u0259tin Az\u0259rbaycana b\u00f6y\u00fck h\u00f6rm\u0259t v\u0259 d\u0259st\u0259yinin t\u0259zah\u00fcr\u00fcd\u00fcr\u201d"},"content":{"rendered":"<p>\u201cBizim sonuncu g\u00f6r\u00fc\u015f\u00fcm\u00fczd\u0259n etibar\u0259n b\u00fct\u00fcn hadis\u0259l\u0259r m\u00fcsb\u0259t m\u0259crada gedir, ist\u0259r Az\u0259rbaycan v\u0259 Erm\u0259nistan aras\u0131nda normalla\u015fma prosesi, ist\u0259rs\u0259 d\u0259 s\u0259rh\u0259dl\u0259rin delimitasiyas\u0131 olsun\u201d.<\/p>\n<p><a href=\"https:\/\/azertag.az\/xeber\/prezident_ilham_eliyev_cop29_beynelxalq_ictimaiyyetin_azerbaycana_boyuk_hormet_ve_desteyinin_tezahurudur-2975059\" target=\"_blank\" rel=\"noopener\">AZ\u018fRTAC<\/a>\u00a0x\u0259b\u0259r verir ki, bu s\u00f6zl\u0259ri Prezident\u00a0<strong>\u0130lham \u018fliyev<\/strong>\u00a0aprelin 23-d\u0259 ADA Universitetind\u0259 t\u0259\u015fkil olunan \u201cCOP29 v\u0259 Az\u0259rbaycan \u00fc\u00e7\u00fcn Ya\u015f\u0131l Bax\u0131\u015f\u201d m\u00f6vzusunda beyn\u0259lxalq forumda \u00e7\u0131x\u0131\u015f\u0131nda deyib.<\/p>\n<p>COP29-un Az\u0259rbaycanda ke\u00e7irilm\u0259sinin \u00f6n\u0259mind\u0259n dan\u0131\u015fan d\u00f6vl\u0259timizin ba\u015f\u00e7\u0131s\u0131 bildirib:<\/p>\n<p>\u201cCOP29 haqq\u0131nda dan\u0131\u015fsaq, \u0259lb\u0259tt\u0259 ki, bu, Az\u0259rbaycana olan beyn\u0259lxalq ictimaiyy\u0259tin b\u00f6y\u00fck h\u00f6rm\u0259t v\u0259 d\u0259st\u0259yinin t\u0259zah\u00fcr\u00fcd\u00fcr\u201d.<\/p>\n","protected":false},"excerpt":{"rendered":"<p>\u201cBizim sonuncu g\u00f6r\u00fc\u015f\u00fcm\u00fczd\u0259n etibar\u0259n b\u00fct\u00fcn hadis\u0259l\u0259r m\u00fcsb\u0259t m\u0259crada gedir, ist\u0259r Az\u0259rbaycan v\u0259 Erm\u0259nistan aras\u0131nda normalla\u015fma prosesi, ist\u0259rs\u0259 d\u0259 s\u0259rh\u0259dl\u0259rin delimitasiyas\u0131 olsun\u201d. AZ\u018fRTAC\u00a0x\u0259b\u0259r verir ki, bu s\u00f6zl\u0259ri Prezident\u00a0\u0130lham \u018fliyev\u00a0aprelin 23-d\u0259 ADA Universitetind\u0259 t\u0259\u015fkil olunan \u201cCOP29 v\u0259 Az\u0259rbaycan \u00fc\u00e7\u00fcn Ya\u015f\u0131l Bax\u0131\u015f\u201d m\u00f6vzusunda beyn\u0259lxalq forumda \u00e7\u0131x\u0131\u015f\u0131nda deyib. COP29-un Az\u0259rbaycanda ke\u00e7irilm\u0259sinin \u00f6n\u0259mind\u0259n dan\u0131\u015fan d\u00f6vl\u0259timizin ba\u015f\u00e7\u0131s\u0131 bildirib: \u201cCOP29 haqq\u0131nda dan\u0131\u015fsaq, \u0259lb\u0259tt\u0259 ki, bu, Az\u0259rbaycana olan beyn\u0259lxalq ictimaiyy\u0259tin b\u00f6y\u00fck h\u00f6rm\u0259t v\u0259 d\u0259st\u0259yinin t\u0259zah\u00fcr\u00fcd\u00fcr\u201d.<\/p>\n","protected":false},"author":2,"featured_media":714483,"comment_status":"closed","ping_status":"closed","sticky":false,"template":"","format":"standard","meta":{"om_disable_all_campaigns":false,"_monsterinsights_skip_tracking":false,"_monsterinsights_sitenote_active":false,"_monsterinsights_sitenote_note":"","_monsterinsights_sitenote_category":0},"categories":[4],"tags":[],"aioseo_notices":[],"gutentor_comment":0,"rttpg_featured_image_url":{"full":["https:\/\/arantv.az\/wp-content\/uploads\/2024\/04\/5f44a63353c24-t0shxN7_yPUZws0-1.jpg",620,413,false],"landscape":["https:\/\/arantv.az\/wp-content\/uploads\/2024\/04\/5f44a63353c24-t0shxN7_yPUZws0-1.jpg",620,413,false],"portraits":["https:\/\/arantv.az\/wp-content\/uploads\/2024\/04\/5f44a63353c24-t0shxN7_yPUZws0-1.jpg",620,413,false],"thumbnail":["https:\/\/arantv.az\/wp-content\/uploads\/2024\/04\/5f44a63353c24-t0shxN7_yPUZws0-1-500x280.jpg",500,280,true],"medium":["https:\/\/arantv.az\/wp-content\/uploads\/2024\/04\/5f44a63353c24-t0shxN7_yPUZws0-1-548x365.jpg",548,365,true],"large":["https:\/\/arantv.az\/wp-content\/uploads\/2024\/04\/5f44a63353c24-t0shxN7_yPUZws0-1.jpg",620,413,false],"1536x1536":["https:\/\/arantv.az\/wp-content\/uploads\/2024\/04\/5f44a63353c24-t0shxN7_yPUZws0-1.jpg",620,413,false],"2048x2048":["https:\/\/arantv.az\/wp-content\/uploads\/2024\/04\/5f44a63353c24-t0shxN7_yPUZws0-1.jpg",620,413,false],"post-thumbnail":["https:\/\/arantv.az\/wp-content\/uploads\/2024\/04\/5f44a63353c24-t0shxN7_yPUZws0-1-240x172.jpg",240,172,true],"advps-thumb-one":["https:\/\/arantv.az\/wp-content\/uploads\/2024\/04\/5f44a63353c24-t0shxN7_yPUZws0-1.jpg",620,413,false]},"rttpg_author":{"display_name":"V\u00fcsal Rafiqo\u011flu","author_link":"https:\/\/arantv.az\/?author=2"},"rttpg_comment":0,"rttpg_category":"<a href=\"https:\/\/arantv.az\/?cat=4\" rel=\"category\">Siyas\u0259t<\/a>","rttpg_excerpt":"\u201cBizim sonuncu g\u00f6r\u00fc\u015f\u00fcm\u00fczd\u0259n etibar\u0259n b\u00fct\u00fcn hadis\u0259l\u0259r m\u00fcsb\u0259t m\u0259crada gedir, ist\u0259r Az\u0259rbaycan v\u0259 Erm\u0259nistan aras\u0131nda normalla\u015fma prosesi, ist\u0259rs\u0259 d\u0259 s\u0259rh\u0259dl\u0259rin delimitasiyas\u0131 olsun\u201d. AZ\u018fRTAC\u00a0x\u0259b\u0259r verir ki, bu s\u00f6zl\u0259ri Prezident\u00a0\u0130lham \u018fliyev\u00a0aprelin 23-d\u0259 ADA Universitetind\u0259 t\u0259\u015fkil olunan \u201cCOP29 v\u0259 Az\u0259rbaycan \u00fc\u00e7\u00fcn Ya\u015f\u0131l Bax\u0131\u015f\u201d m\u00f6vzusunda beyn\u0259lxalq forumda \u00e7\u0131x\u0131\u015f\u0131nda deyib. COP29-un Az\u0259rbaycanda ke\u00e7irilm\u0259sinin \u00f6n\u0259mind\u0259n dan\u0131\u015fan d\u00f6vl\u0259timizin ba\u015f\u00e7\u0131s\u0131 bildirib: \u201cCOP29 haqq\u0131nda dan\u0131\u015fsaq,&hellip;","_links":{"self":[{"href":"https:\/\/arantv.az\/index.php?rest_route=\/wp\/v2\/posts\/714482"}],"collection":[{"href":"https:\/\/arantv.az\/index.php?rest_route=\/wp\/v2\/posts"}],"about":[{"href":"https:\/\/arantv.az\/index.php?rest_route=\/wp\/v2\/types\/post"}],"author":[{"embeddable":true,"href":"https:\/\/arantv.az\/index.php?rest_route=\/wp\/v2\/users\/2"}],"replies":[{"embeddable":true,"href":"https:\/\/arantv.az\/index.php?rest_route=%2Fwp%2Fv2%2Fcomments&post=714482"}],"version-history":[{"count":0,"href":"https:\/\/arantv.az\/index.php?rest_route=\/wp\/v2\/posts\/714482\/revisions"}],"wp:featuredmedia":[{"embeddable":true,"href":"https:\/\/arantv.az\/index.php?rest_route=\/wp\/v2\/media\/714483"}],"wp:attachment":[{"href":"https:\/\/arantv.az\/index.php?rest_route=%2Fwp%2Fv2%2Fmedia&parent=714482"}],"wp:term":[{"taxonomy":"category","embeddable":true,"href":"https:\/\/arantv.az\/index.php?rest_route=%2Fwp%2Fv2%2Fcategories&post=714482"},{"taxonomy":"post_tag","embeddable":true,"href":"https:\/\/arantv.az\/index.php?rest_route=%2Fwp%2Fv2%2Ftags&post=714482"}],"curies":[{"name":"wp","href":"https:\/\/api.w.org\/{rel}","templated":true}]}}