{"id":714485,"date":"2024-04-23T14:39:42","date_gmt":"2024-04-23T10:39:42","guid":{"rendered":"https:\/\/arantv.az\/?p=714485"},"modified":"2024-04-23T14:39:42","modified_gmt":"2024-04-23T10:39:42","slug":"x%c9%99z%c9%99r-d%c9%99nizind%c9%99-suni-torpaq-sah%c9%99l%c9%99rinin-yaradilmasi-haqqinda-qanun-parlamentd%c9%99-mubahis%c9%99y%c9%99-s%c9%99b%c9%99b-olub","status":"publish","type":"post","link":"https:\/\/arantv.az\/?p=714485","title":{"rendered":"X\u0259z\u0259r d\u0259nizind\u0259 s\u00fcni torpaq sah\u0259l\u0259rinin yarad\u0131lmas\u0131 haqq\u0131nda qanun parlamentd\u0259 m\u00fcbahis\u0259y\u0259 s\u0259b\u0259b olub"},"content":{"rendered":"<p>\u201cX\u0259z\u0259r d\u0259nizinin (g\u00f6l\u00fcn\u00fcn) Az\u0259rbaycan Respublikas\u0131na m\u0259nsub olan b\u00f6lm\u0259sind\u0259 s\u00fcni torpaq sah\u0259l\u0259rinin yarad\u0131lmas\u0131 haqq\u0131nda\u201d qanun layih\u0259sind\u0259 qeyd olunur ki, s\u00fcni torpaq sah\u0259si yarad\u0131landan sonra o d\u00f6vl\u0259tin m\u00fclkiyy\u0259tin\u0259 ke\u00e7ir\u201d.<\/p>\n<p>APA\u00a0x\u0259b\u0259r verir ki, bunu Milli M\u0259clisin bu g\u00fcn ke\u00e7iril\u0259n iclas\u0131nda \u201cX\u0259z\u0259r d\u0259nizinin (g\u00f6l\u00fcn\u00fcn) Az\u0259rbaycan Respublikas\u0131na m\u0259nsub olan b\u00f6lm\u0259sind\u0259 s\u00fcni torpaq sah\u0259l\u0259rinin yarad\u0131lmas\u0131 haqq\u0131nda\u201d qanun layih\u0259sinin ikinci oxunu\u015fda m\u00fczakir\u0259si zaman\u0131 parlamentin Regional m\u0259s\u0259l\u0259l\u0259r komit\u0259sinin s\u0259dr m\u00fcavini Q\u00fcdr\u0259t H\u0259s\u0259nquliyev deyib.<\/p>\n<p>Deputat bildirib ki, bu, s\u00fcni yarad\u0131l\u0131r.<\/p>\n<p>\u201cM\u0259n \u00f6z v\u0259saitim hesab\u0131na s\u00fcni torpaq sah\u0259si, ada yarad\u0131ram. Burada m\u0259ntiq haradad\u0131r ki, m\u0259nim yaratd\u0131\u011f\u0131m\u0131 sonra d\u00f6vl\u0259t deyir ki, s\u0259n onu m\u0259nim m\u00fclkiyy\u0259tim\u0259 verm\u0259lis\u0259n. Bu bax\u0131mdan bu m\u00fcdd\u0259a da buradan \u00e7\u0131xar\u0131lmal\u0131d\u0131r\u201d.<\/p>\n<p>\u0130qtisadi siyas\u0259t, s\u0259naye v\u0259 sahibkarl\u0131q komit\u0259sinin s\u0259dri Tahir Mirki\u015fili is\u0259 qeyd edib ki, s\u00fcni adalar su fondunun \u00fcz\u0259rind\u0259 yarad\u0131ld\u0131\u011f\u0131 \u00fc\u00e7\u00fcn \u00f6z\u0259ll\u0259\u015fdiril\u0259 bilm\u0259z, d\u00f6vl\u0259tin hesab\u0131nda olmal\u0131d\u0131r:<\/p>\n<div id=\"22889818619\"><\/div>\n<p>\u201cBu, d\u00fcnyan\u0131n h\u0259r yerind\u0259 bel\u0259dir\u201d.<\/p>\n<p>Q\u00fcdr\u0259t H\u0259s\u0259nquliyev is\u0259 yenid\u0259n bu cavaba etiraz edib:<\/p>\n<p>\u201cBeyn\u0259lxalq t\u0259cr\u00fcb\u0259y\u0259 \u0259saslan\u0131rs\u0131n\u0131zsa, onda beyn\u0259lxalq t\u0259cr\u00fcb\u0259ni d\u00fczg\u00fcn izl\u0259yin. H\u00f6rm\u0259tli Tahir Mirki\u015fili n\u00f6vb\u0259ti d\u0259f\u0259 m\u0259n\u0259 u\u011fursuz cavab verm\u0259y\u0259 c\u0259hd etdi. Bir \u00e7ox \u00f6lk\u0259l\u0259rd\u0259 adalar sat\u0131\u015fa \u00e7\u0131xar\u0131l\u0131r. N\u0259inki\u00a0s\u00fcni adalar, h\u0259tta t\u0259bii adalar da sat\u0131l\u0131r. \u0130taliyada Neapol \u015f\u0259h\u0259rind\u0259 m\u0259n\u0259 g\u00f6st\u0259rdil\u0259r ki, adan\u0131 bir n\u0259f\u0259r al\u0131b v\u0259 orada m\u0259nzil tikib. Beyn\u0259lxalq t\u0259cr\u00fcb\u0259y\u0259 istinad edirsinizs\u0259, onu diqq\u0259tl\u0259 \u00f6yr\u0259nm\u0259k laz\u0131md\u0131r. Bu qanun \u0259leyhin\u0259 s\u0259s ver\u0259c\u0259y\u0259m\u201d.<\/p>\n","protected":false},"excerpt":{"rendered":"<p>\u201cX\u0259z\u0259r d\u0259nizinin (g\u00f6l\u00fcn\u00fcn) Az\u0259rbaycan Respublikas\u0131na m\u0259nsub olan b\u00f6lm\u0259sind\u0259 s\u00fcni torpaq sah\u0259l\u0259rinin yarad\u0131lmas\u0131 haqq\u0131nda\u201d qanun layih\u0259sind\u0259 qeyd olunur ki, s\u00fcni torpaq sah\u0259si yarad\u0131landan sonra o d\u00f6vl\u0259tin m\u00fclkiyy\u0259tin\u0259 ke\u00e7ir\u201d. APA\u00a0x\u0259b\u0259r verir ki, bunu Milli M\u0259clisin bu g\u00fcn ke\u00e7iril\u0259n iclas\u0131nda \u201cX\u0259z\u0259r d\u0259nizinin (g\u00f6l\u00fcn\u00fcn) Az\u0259rbaycan Respublikas\u0131na m\u0259nsub olan b\u00f6lm\u0259sind\u0259 s\u00fcni torpaq sah\u0259l\u0259rinin yarad\u0131lmas\u0131 haqq\u0131nda\u201d qanun layih\u0259sinin ikinci oxunu\u015fda m\u00fczakir\u0259si zaman\u0131 parlamentin Regional m\u0259s\u0259l\u0259l\u0259r komit\u0259sinin s\u0259dr m\u00fcavini Q\u00fcdr\u0259t H\u0259s\u0259nquliyev deyib. Deputat bildirib ki, bu, s\u00fcni yarad\u0131l\u0131r. \u201cM\u0259n \u00f6z v\u0259saitim hesab\u0131na s\u00fcni torpaq sah\u0259si, ada yarad\u0131ram. Burada m\u0259ntiq haradad\u0131r ki, m\u0259nim yaratd\u0131\u011f\u0131m\u0131 sonra d\u00f6vl\u0259t deyir ki,&hellip;<\/p>\n","protected":false},"author":2,"featured_media":714486,"comment_status":"closed","ping_status":"closed","sticky":false,"template":"","format":"standard","meta":{"om_disable_all_campaigns":false,"_monsterinsights_skip_tracking":false,"_monsterinsights_sitenote_active":false,"_monsterinsights_sitenote_note":"","_monsterinsights_sitenote_category":0},"categories":[1],"tags":[],"aioseo_notices":[],"gutentor_comment":0,"rttpg_featured_image_url":{"full":["https:\/\/arantv.az\/wp-content\/uploads\/2024\/04\/FotoJet-61-1.jpg",620,413,false],"landscape":["https:\/\/arantv.az\/wp-content\/uploads\/2024\/04\/FotoJet-61-1.jpg",620,413,false],"portraits":["https:\/\/arantv.az\/wp-content\/uploads\/2024\/04\/FotoJet-61-1.jpg",620,413,false],"thumbnail":["https:\/\/arantv.az\/wp-content\/uploads\/2024\/04\/FotoJet-61-1-500x280.jpg",500,280,true],"medium":["https:\/\/arantv.az\/wp-content\/uploads\/2024\/04\/FotoJet-61-1-548x365.jpg",548,365,true],"large":["https:\/\/arantv.az\/wp-content\/uploads\/2024\/04\/FotoJet-61-1.jpg",620,413,false],"1536x1536":["https:\/\/arantv.az\/wp-content\/uploads\/2024\/04\/FotoJet-61-1.jpg",620,413,false],"2048x2048":["https:\/\/arantv.az\/wp-content\/uploads\/2024\/04\/FotoJet-61-1.jpg",620,413,false],"post-thumbnail":["https:\/\/arantv.az\/wp-content\/uploads\/2024\/04\/FotoJet-61-1-240x172.jpg",240,172,true],"advps-thumb-one":["https:\/\/arantv.az\/wp-content\/uploads\/2024\/04\/FotoJet-61-1.jpg",620,413,false]},"rttpg_author":{"display_name":"V\u00fcsal Rafiqo\u011flu","author_link":"https:\/\/arantv.az\/?author=2"},"rttpg_comment":0,"rttpg_category":"<a href=\"https:\/\/arantv.az\/?cat=1\" rel=\"category\">C\u0259miyy\u0259t<\/a>","rttpg_excerpt":"\u201cX\u0259z\u0259r d\u0259nizinin (g\u00f6l\u00fcn\u00fcn) Az\u0259rbaycan Respublikas\u0131na m\u0259nsub olan b\u00f6lm\u0259sind\u0259 s\u00fcni torpaq sah\u0259l\u0259rinin yarad\u0131lmas\u0131 haqq\u0131nda\u201d qanun layih\u0259sind\u0259 qeyd olunur ki, s\u00fcni torpaq sah\u0259si yarad\u0131landan sonra o d\u00f6vl\u0259tin m\u00fclkiyy\u0259tin\u0259 ke\u00e7ir\u201d. APA\u00a0x\u0259b\u0259r verir ki, bunu Milli M\u0259clisin bu g\u00fcn ke\u00e7iril\u0259n iclas\u0131nda \u201cX\u0259z\u0259r d\u0259nizinin (g\u00f6l\u00fcn\u00fcn) Az\u0259rbaycan Respublikas\u0131na m\u0259nsub olan b\u00f6lm\u0259sind\u0259 s\u00fcni torpaq sah\u0259l\u0259rinin yarad\u0131lmas\u0131 haqq\u0131nda\u201d qanun layih\u0259sinin ikinci oxunu\u015fda m\u00fczakir\u0259si&hellip;","_links":{"self":[{"href":"https:\/\/arantv.az\/index.php?rest_route=\/wp\/v2\/posts\/714485"}],"collection":[{"href":"https:\/\/arantv.az\/index.php?rest_route=\/wp\/v2\/posts"}],"about":[{"href":"https:\/\/arantv.az\/index.php?rest_route=\/wp\/v2\/types\/post"}],"author":[{"embeddable":true,"href":"https:\/\/arantv.az\/index.php?rest_route=\/wp\/v2\/users\/2"}],"replies":[{"embeddable":true,"href":"https:\/\/arantv.az\/index.php?rest_route=%2Fwp%2Fv2%2Fcomments&post=714485"}],"version-history":[{"count":0,"href":"https:\/\/arantv.az\/index.php?rest_route=\/wp\/v2\/posts\/714485\/revisions"}],"wp:featuredmedia":[{"embeddable":true,"href":"https:\/\/arantv.az\/index.php?rest_route=\/wp\/v2\/media\/714486"}],"wp:attachment":[{"href":"https:\/\/arantv.az\/index.php?rest_route=%2Fwp%2Fv2%2Fmedia&parent=714485"}],"wp:term":[{"taxonomy":"category","embeddable":true,"href":"https:\/\/arantv.az\/index.php?rest_route=%2Fwp%2Fv2%2Fcategories&post=714485"},{"taxonomy":"post_tag","embeddable":true,"href":"https:\/\/arantv.az\/index.php?rest_route=%2Fwp%2Fv2%2Ftags&post=714485"}],"curies":[{"name":"wp","href":"https:\/\/api.w.org\/{rel}","templated":true}]}}